{"id":66350,"date":"2025-03-03T18:38:25","date_gmt":"2025-03-04T00:38:25","guid":{"rendered":"https:\/\/informativoelvalledeaguascalientes.online\/?p=66350"},"modified":"2025-03-03T18:38:25","modified_gmt":"2025-03-04T00:38:25","slug":"jesus-maria-refuerza-la-atencion-a-adolescentes-infractores-con-justicia-civica-y-el-respaldo-de-dif-estatal","status":"publish","type":"post","link":"https:\/\/informativoelvalledeaguascalientes.online\/?p=66350","title":{"rendered":"JES\u00daS MAR\u00cdA REFUERZA LA ATENCI\u00d3N A ADOLESCENTES INFRACTORES CON JUSTICIA C\u00cdVICA Y EL RESPALDO DE DIF ESTATAL"},"content":{"rendered":"<p>#informativoelvalledeaguascalientes #novaradioaguascalientes #informativoelvalledeaguascalientesll #Aguascalientes<\/p>\n<p>&nbsp;<\/p>\n<p>&nbsp;<\/p>\n<p>Con el objetivo de mejorar la atenci\u00f3n y protecci\u00f3n de los adolescentes infractores del municipio de Jes\u00fas Mar\u00eda, con un enfoque preventivo y garantizar que reciban la atenci\u00f3n adecuada, el gobierno municipal de Jes\u00fas Mar\u00eda, refuerza estrategias de intervenci\u00f3n en conjunto con el DIF Estatal y la Procuradur\u00eda de Protecci\u00f3n de Derechos de Ni\u00f1as, Ni\u00f1os y Adolescentes del Estado.<\/p>\n<p>En las instalaciones del DIF Estatal de Aguascalientes, se llev\u00f3 a cabo la reuni\u00f3n encabezada por el Director General del DIF Estatal, H\u00e9ctor Castorena Esparza, acompa\u00f1ado de la Procuradora de Protecci\u00f3n de Derechos de Ni\u00f1as, Ni\u00f1os y Adolescentes del Estado, Luz Trinidad Rosales Hern\u00e1ndez, as\u00ed como, la Secretaria del Ayuntamiento, Guadalupe de Lira; la Presidenta del DIF Municipal, Silvia de la Cruz; la Directora general del DIF Municipal, Paola Mart\u00ednez Esquivel y el Director de Justicia C\u00edvica del municipio, Jes\u00fas Antonio Mu\u00f1oz Solano.<\/p>\n<p>En este encuentro se definieron estrategias para la designaci\u00f3n de defensor\u00edas y tutor\u00edas por parte de la Procuradur\u00eda, con el fin de asegurar que los adolescentes del municipio de Jes\u00fas Mar\u00eda puedan acceder de manera r\u00e1pida y eficiente a un representante legal especializado.<\/p>\n<p>Asimismo, se analiz\u00f3 la posibilidad de promover cursos, pl\u00e1ticas y talleres en los que participen la Procuradur\u00eda, el DIF Estatal y el DIF Municipal, con el fin de generar espacios formativos para los adolescentes infractores y sus padres. Estos programas estar\u00e1n enfocados en prevenir la reincidencia, evitar la replicaci\u00f3n de conductas delictivas y fomentar una cultura de paz y legalidad.<\/p>\n<p>Cabe se\u00f1alar que la colaboraci\u00f3n entre instituciones buscar\u00e1 ofrecer a los j\u00f3venes y a sus familias, herramientas que contribuyan a su reintegraci\u00f3n social y a una mejor convivencia.<\/p>\n","protected":false},"excerpt":{"rendered":"<p>#informativoelvalledeaguascalientes #novaradioaguascalientes #informativoelvalledeaguascalientesll #Aguascalientes &nbsp; &nbsp; Con el objetivo de mejorar la atenci\u00f3n y protecci\u00f3n de los adolescentes infractores del municipio de Jes\u00fas Mar\u00eda, con un enfoque preventivo y garantizar que reciban la atenci\u00f3n adecuada, el gobierno municipal de Jes\u00fas Mar\u00eda, refuerza estrategias de intervenci\u00f3n en conjunto con el DIF Estatal y la Procuradur\u00eda de [&hellip;]<\/p>\n","protected":false},"author":1,"featured_media":66351,"comment_status":"closed","ping_status":"open","sticky":false,"template":"","format":"standard","meta":{"advanced_seo_description":"","jetpack_seo_html_title":"","jetpack_seo_noindex":false,"_jetpack_memberships_contains_paid_content":false,"footnotes":"","jetpack_publicize_message":"","jetpack_publicize_feature_enabled":true,"jetpack_social_post_already_shared":true,"jetpack_social_options":{"image_generator_settings":{"template":"highway","default_image_id":0,"font":"","enabled":false},"version":2}},"categories":[21,4,14],"tags":[22,615,45],"class_list":["post-66350","post","type-post","status-publish","format-standard","has-post-thumbnail","hentry","category-aguascalientes","category-gobierno-del-estado-aguascalientes","category-jesus-maria-aguascalientes","tag-aguascalientes","tag-gobierno-del-estado-de-aguascalientes","tag-jesus-maria-aguascalientes"],"jetpack_publicize_connections":[],"jetpack_featured_media_url":"https:\/\/i0.wp.com\/informativoelvalledeaguascalientes.online\/wp-content\/uploads\/2025\/03\/cebd0cbf-5c53-4030-a1b3-3e21c83d3cc6.jpg?fit=1252%2C741&ssl=1","jetpack-related-posts":[],"jetpack_sharing_enabled":true,"jetpack_likes_enabled":true,"_links":{"self":[{"href":"https:\/\/informativoelvalledeaguascalientes.online\/index.php?rest_route=\/wp\/v2\/posts\/66350","targetHints":{"allow":["GET"]}}],"collection":[{"href":"https:\/\/informativoelvalledeaguascalientes.online\/index.php?rest_route=\/wp\/v2\/posts"}],"about":[{"href":"https:\/\/informativoelvalledeaguascalientes.online\/index.php?rest_route=\/wp\/v2\/types\/post"}],"author":[{"embeddable":true,"href":"https:\/\/informativoelvalledeaguascalientes.online\/index.php?rest_route=\/wp\/v2\/users\/1"}],"replies":[{"embeddable":true,"href":"https:\/\/informativoelvalledeaguascalientes.online\/index.php?rest_route=%2Fwp%2Fv2%2Fcomments&post=66350"}],"version-history":[{"count":1,"href":"https:\/\/informativoelvalledeaguascalientes.online\/index.php?rest_route=\/wp\/v2\/posts\/66350\/revisions"}],"predecessor-version":[{"id":66352,"href":"https:\/\/informativoelvalledeaguascalientes.online\/index.php?rest_route=\/wp\/v2\/posts\/66350\/revisions\/66352"}],"wp:featuredmedia":[{"embeddable":true,"href":"https:\/\/informativoelvalledeaguascalientes.online\/index.php?rest_route=\/wp\/v2\/media\/66351"}],"wp:attachment":[{"href":"https:\/\/informativoelvalledeaguascalientes.online\/index.php?rest_route=%2Fwp%2Fv2%2Fmedia&parent=66350"}],"wp:term":[{"taxonomy":"category","embeddable":true,"href":"https:\/\/informativoelvalledeaguascalientes.online\/index.php?rest_route=%2Fwp%2Fv2%2Fcategories&post=66350"},{"taxonomy":"post_tag","embeddable":true,"href":"https:\/\/informativoelvalledeaguascalientes.online\/index.php?rest_route=%2Fwp%2Fv2%2Ftags&post=66350"}],"curies":[{"name":"wp","href":"https:\/\/api.w.org\/{rel}","templated":true}]}}