{"id":66243,"date":"2025-02-28T19:31:20","date_gmt":"2025-03-01T01:31:20","guid":{"rendered":"https:\/\/informativoelvalledeaguascalientes.online\/?p=66243"},"modified":"2025-02-28T19:31:20","modified_gmt":"2025-03-01T01:31:20","slug":"anuncian-cursos-gratuitos-de-capacitacion-para-emprendedores-y-empresarios","status":"publish","type":"post","link":"https:\/\/informativoelvalledeaguascalientes.online\/?p=66243","title":{"rendered":"ANUNCIAN CURSOS GRATUITOS DE CAPACITACI\u00d3N PARA EMPRENDEDORES Y EMPRESARIOS"},"content":{"rendered":"<p>#informativoelvalledeaguascalientes #novaradioaguascalientes #informativoelvalledeaguascalientesll #Aguascalientes<\/p>\n<p>&nbsp;<\/p>\n<ul class=\"_9iRlZ joYDm\">\n<li class=\"AY0Vp\" dir=\"auto\" aria-level=\"1\">\n<p id=\"viewer-qp7ip115\" class=\"o0STb GF80u _6Vwzd HjRUP\" dir=\"\"><span class=\"B-fpk _6Vwzd\"><strong><em>El Gobierno del Estado abri\u00f3 el proceso de inscripci\u00f3n para los cursos correspondientes al mes de marzo<\/em><\/strong><\/span><\/p>\n<\/li>\n<li class=\"AY0Vp\" dir=\"auto\" aria-level=\"1\">\n<p id=\"viewer-jj6gk118\" class=\"o0STb GF80u _6Vwzd HjRUP\" dir=\"\"><span class=\"B-fpk _6Vwzd\"><strong><em>Damos a emprendedores y empresarios las competencias y condiciones necesarias para construir sus proyectos: Esa\u00fa Garza<\/em><\/strong><\/span><\/p>\n<\/li>\n<\/ul>\n<div id=\"viewer-rewrg120\" class=\"o0STb GF80u joYDm HjRUP\" dir=\"auto\"><span class=\"B-fpk\">\u00a0<\/span><\/div>\n<p id=\"viewer-as9uv121\" class=\"o0STb GF80u _6Vwzd HjRUP\" dir=\"auto\"><span class=\"B-fpk _6Vwzd\">El Gobierno del Estado, a trav\u00e9s de la Secretar\u00eda de Desarrollo Econ\u00f3mico, Ciencia y Tecnolog\u00eda (Sedecyt), invita a emprendedores y empresarios a participar en los cursos gratuitos de capacitaci\u00f3n para fortalecer sus negocios, correspondientes al mes de marzo.<\/span><\/p>\n<div id=\"viewer-9ieeh123\" class=\"o0STb GF80u joYDm HjRUP\" dir=\"auto\"><span class=\"B-fpk\">\u00a0<\/span><\/div>\n<p id=\"viewer-njo8n124\" class=\"o0STb GF80u _6Vwzd HjRUP\" dir=\"auto\"><span class=\"B-fpk _6Vwzd\">El titular de la Secretar\u00eda de Desarrollo Econ\u00f3mico, Ciencia y Tecnolog\u00eda (Sedecyt), Esa\u00fa Garza de Vega, detall\u00f3 que durante marzo se impartir\u00e1n cinco talleres con sesiones te\u00f3ricas y pr\u00e1cticas sobre temas que permitir\u00e1n a los participantes adquirir habilidades para hacer frente a los retos y aprovechar las oportunidades del mundo globalizado.<\/span><\/p>\n<div id=\"viewer-ziagh126\" class=\"o0STb GF80u joYDm HjRUP\" dir=\"auto\"><span class=\"B-fpk\">\u00a0<\/span><\/div>\n<p id=\"viewer-smqgs127\" class=\"o0STb GF80u _6Vwzd HjRUP\" dir=\"auto\"><span class=\"B-fpk _6Vwzd\">Inform\u00f3 que los d\u00edas 4 y 7 de marzo se impartir\u00e1 el curso \u201cLenguaje Verbal y no Verbal\u201d, con registro en <a class=\"_5VzWt lfO3I\" href=\"https:\/\/forms.gle\/Wbn8zjyMvfBQUJQh8\" target=\"_self\" rel=\"noopener\" data-hook=\"WebLink\"><u>https:\/\/forms.gle\/Wbn8zjyMvfBQUJQh8<\/u><\/a>; 10 y 11 ser\u00e1 \u201cReclutamiento y Selecci\u00f3n de Personal\u201d, con inscripci\u00f3n en <a class=\"_5VzWt lfO3I\" href=\"https:\/\/forms.gle\/BLZvSMWsarPv6SgZ8\" target=\"_self\" rel=\"noopener\" data-hook=\"WebLink\"><u>https:\/\/forms.gle\/BLZvSMWsarPv6SgZ8<\/u><\/a>; \u201c\u00bfC\u00f3mo Innovar en tu Emprendimiento?, se realizar\u00e1 el mi\u00e9rcoles 12 y viernes 14, con registro en <a class=\"_5VzWt lfO3I\" href=\"https:\/\/forms.gle\/pK3dGWqvd6PMCS2N9\" target=\"_self\" rel=\"noopener\" data-hook=\"WebLink\"><u>https:\/\/forms.gle\/pK3dGWqvd6PMCS2N9<\/u><\/a>.<\/span><\/p>\n<div id=\"viewer-7cncl135\" class=\"o0STb GF80u joYDm HjRUP\" dir=\"auto\"><span class=\"B-fpk\">\u00a0<\/span><\/div>\n<p id=\"viewer-6h37c136\" class=\"o0STb GF80u _6Vwzd HjRUP\" dir=\"auto\"><span class=\"B-fpk _6Vwzd\">Los d\u00edas 21 y 24 del mismo mes se llevar\u00e1 a cabo \u201cEl Poder de las Marcas, Branding Personal y Corporativo\u201d, y los interesados pueden anotarse en <a class=\"_5VzWt lfO3I\" href=\"https:\/\/forms.gle\/UWEgFCG9V8Be94D48\" target=\"_self\" rel=\"noopener\" data-hook=\"WebLink\"><u>https:\/\/forms.gle\/UWEgFCG9V8Be94D48<\/u><\/a>; finalmente, \u201cEstrategias B\u00e1sicas para Reducir Costos\u201d se efectuar\u00e1 el 25 y 27 de marzo, con registro en <a class=\"_5VzWt lfO3I\" href=\"https:\/\/forms.gle\/FRDq2bt6fS86Qrqw9\" target=\"_self\" rel=\"noopener\" data-hook=\"WebLink\"><u>https:\/\/forms.gle\/FRDq2bt6fS86Qrqw9<\/u><\/a>.\u00a0<\/span><\/p>\n<div id=\"viewer-sc00x142\" class=\"o0STb GF80u joYDm HjRUP\" dir=\"auto\"><span class=\"B-fpk\">\u00a0<\/span><\/div>\n<p id=\"viewer-vk7uh143\" class=\"o0STb GF80u _6Vwzd HjRUP\" dir=\"auto\"><span class=\"B-fpk _6Vwzd\">Coment\u00f3 que el cupo es limitado y se requiere la inscripci\u00f3n a cada curso de manera individual; dijo que las sesiones se llevar\u00e1n a cabo de 9:00 a 12:00 horas en el Edificio Espacio Com\u00fan de Educaci\u00f3n Media Superior y Superior, del Instituto de Educaci\u00f3n de Aguascalientes, ubicado en Cerro de la Joya <a class=\"Dmz8v\" href=\"https:\/\/informacion.aguascalientes.gob.mx\/search\/posts?query=%23#304\" target=\"__blank\">#304<\/a>, fraccionamiento Ojocaliente II.<\/span><\/p>\n<div id=\"viewer-wp7sa145\" class=\"o0STb GF80u joYDm HjRUP\" dir=\"auto\"><span class=\"B-fpk\">\u00a0<\/span><\/div>\n<p id=\"viewer-dtkbi146\" class=\"o0STb GF80u _6Vwzd HjRUP\" dir=\"auto\"><span class=\"B-fpk _6Vwzd\">Por \u00faltimo, Esa\u00fa Garza de Vega destac\u00f3 que la capacitaci\u00f3n es un elemento clave para el crecimiento y \u00e9xito de los negocios, por lo que desde la Sedecyt se seguir\u00e1 trabajando para que emprendedores y empresarios tengan las competencias y condiciones necesarias que les permitan construir y hacer realidad aquellos proyectos empresariales que aumenten el desempe\u00f1o y productividad de las organizaciones, y obtener as\u00ed mejores resultados econ\u00f3micos.<\/span><\/p>\n","protected":false},"excerpt":{"rendered":"<p>#informativoelvalledeaguascalientes #novaradioaguascalientes #informativoelvalledeaguascalientesll #Aguascalientes &nbsp; El Gobierno del Estado abri\u00f3 el proceso de inscripci\u00f3n para los cursos correspondientes al mes de marzo Damos a emprendedores y empresarios las competencias y condiciones necesarias para construir sus proyectos: Esa\u00fa Garza \u00a0 El Gobierno del Estado, a trav\u00e9s de la Secretar\u00eda de Desarrollo Econ\u00f3mico, Ciencia y Tecnolog\u00eda (Sedecyt), [&hellip;]<\/p>\n","protected":false},"author":1,"featured_media":66244,"comment_status":"closed","ping_status":"open","sticky":false,"template":"","format":"standard","meta":{"advanced_seo_description":"","jetpack_seo_html_title":"","jetpack_seo_noindex":false,"_jetpack_memberships_contains_paid_content":false,"footnotes":"","jetpack_publicize_message":"","jetpack_publicize_feature_enabled":true,"jetpack_social_post_already_shared":true,"jetpack_social_options":{"image_generator_settings":{"template":"highway","default_image_id":0,"font":"","enabled":false},"version":2}},"categories":[21,4],"tags":[22,615,610],"class_list":["post-66243","post","type-post","status-publish","format-standard","has-post-thumbnail","hentry","category-aguascalientes","category-gobierno-del-estado-aguascalientes","tag-aguascalientes","tag-gobierno-del-estado-de-aguascalientes","tag-sedecyt"],"jetpack_publicize_connections":[],"jetpack_featured_media_url":"https:\/\/i0.wp.com\/informativoelvalledeaguascalientes.online\/wp-content\/uploads\/2025\/02\/acd9dba4-4083-4a22-9690-a52bfc0b2cf2.jpg?fit=1200%2C1200&ssl=1","jetpack-related-posts":[],"jetpack_sharing_enabled":true,"jetpack_likes_enabled":true,"_links":{"self":[{"href":"https:\/\/informativoelvalledeaguascalientes.online\/index.php?rest_route=\/wp\/v2\/posts\/66243","targetHints":{"allow":["GET"]}}],"collection":[{"href":"https:\/\/informativoelvalledeaguascalientes.online\/index.php?rest_route=\/wp\/v2\/posts"}],"about":[{"href":"https:\/\/informativoelvalledeaguascalientes.online\/index.php?rest_route=\/wp\/v2\/types\/post"}],"author":[{"embeddable":true,"href":"https:\/\/informativoelvalledeaguascalientes.online\/index.php?rest_route=\/wp\/v2\/users\/1"}],"replies":[{"embeddable":true,"href":"https:\/\/informativoelvalledeaguascalientes.online\/index.php?rest_route=%2Fwp%2Fv2%2Fcomments&post=66243"}],"version-history":[{"count":1,"href":"https:\/\/informativoelvalledeaguascalientes.online\/index.php?rest_route=\/wp\/v2\/posts\/66243\/revisions"}],"predecessor-version":[{"id":66245,"href":"https:\/\/informativoelvalledeaguascalientes.online\/index.php?rest_route=\/wp\/v2\/posts\/66243\/revisions\/66245"}],"wp:featuredmedia":[{"embeddable":true,"href":"https:\/\/informativoelvalledeaguascalientes.online\/index.php?rest_route=\/wp\/v2\/media\/66244"}],"wp:attachment":[{"href":"https:\/\/informativoelvalledeaguascalientes.online\/index.php?rest_route=%2Fwp%2Fv2%2Fmedia&parent=66243"}],"wp:term":[{"taxonomy":"category","embeddable":true,"href":"https:\/\/informativoelvalledeaguascalientes.online\/index.php?rest_route=%2Fwp%2Fv2%2Fcategories&post=66243"},{"taxonomy":"post_tag","embeddable":true,"href":"https:\/\/informativoelvalledeaguascalientes.online\/index.php?rest_route=%2Fwp%2Fv2%2Ftags&post=66243"}],"curies":[{"name":"wp","href":"https:\/\/api.w.org\/{rel}","templated":true}]}}