{"id":66240,"date":"2025-02-28T19:29:13","date_gmt":"2025-03-01T01:29:13","guid":{"rendered":"https:\/\/informativoelvalledeaguascalientes.online\/?p=66240"},"modified":"2025-02-28T19:29:13","modified_gmt":"2025-03-01T01:29:13","slug":"personal-de-la-secretaria-de-seguridad-publica-del-estado-se-actualiza-en-atencion-de-situaciones-de-crisis","status":"publish","type":"post","link":"https:\/\/informativoelvalledeaguascalientes.online\/?p=66240","title":{"rendered":"PERSONAL DE LA SECRETAR\u00cdA DE SEGURIDAD P\u00daBLICA DEL ESTADO SE ACTUALIZA EN ATENCI\u00d3N DE SITUACIONES DE CRISIS"},"content":{"rendered":"<p>#informativoelvalledeaguascalientes #novaradioaguascalientes #informativoelvalledeaguascalientesll #Aguascalientes<\/p>\n<p>&nbsp;<\/p>\n<ul class=\"_9iRlZ joYDm\">\n<li class=\"AY0Vp\" dir=\"auto\" aria-level=\"1\">\n<p id=\"viewer-5o2b0488\" class=\"o0STb GF80u _6Vwzd HjRUP\" dir=\"\"><span class=\"B-fpk _6Vwzd\"><strong><em>Reciben herramientas para ofrecer primeros auxilios psicol\u00f3gicos y canalizaci\u00f3n adecuada ante cualquier eventualidad<\/em><\/strong><\/span><\/p>\n<\/li>\n<li class=\"AY0Vp\" dir=\"auto\" aria-level=\"1\">\n<p id=\"viewer-dmpgh491\" class=\"o0STb GF80u _6Vwzd HjRUP\" dir=\"\"><span class=\"B-fpk _6Vwzd\"><strong><em>La capacitaci\u00f3n consta de 50 horas de formaci\u00f3n especializada y es impartida por la Fundaci\u00f3n Nefi Campos. Bienestar Psicosocial A.C.<\/em><\/strong><\/span><\/p>\n<\/li>\n<li class=\"AY0Vp\" dir=\"auto\" aria-level=\"1\">\n<p id=\"viewer-m1rcv494\" class=\"o0STb GF80u _6Vwzd HjRUP\" dir=\"\"><span class=\"B-fpk _6Vwzd\"><strong><em>El objetivo es mejorar la atenci\u00f3n ciudadana y brindar un servicio eficiente, humano y especializado en momentos cr\u00edticos<\/em><\/strong><\/span><\/p>\n<\/li>\n<\/ul>\n<div id=\"viewer-sfk5z522\" class=\"o0STb GF80u _6Vwzd HjRUP\" dir=\"auto\"><span class=\"B-fpk _6Vwzd\">\u00a0<\/span><\/div>\n<p id=\"viewer-9t1a0368\" class=\"o0STb GF80u _6Vwzd HjRUP\" dir=\"auto\"><span class=\"B-fpk _6Vwzd\">Como parte del Plan de Seguridad y Justicia \u201cBlindaje Aguascalientes\u201d, inici\u00f3 la capacitaci\u00f3n en el protocolo DANA a elementos del Servicio de Emergencias 911, 089, Polic\u00eda Rosa y Polic\u00eda de Proximidad, con lo que adquirir\u00e1n conocimientos y t\u00e9cnicas especializadas para identificar, contener y atender situaciones de crisis de manera efectiva.<\/span><\/p>\n<div id=\"viewer-2uiq5383\" class=\"o0STb GF80u _6Vwzd HjRUP\" dir=\"auto\"><span class=\"B-fpk _6Vwzd\">\u00a0<\/span><\/div>\n<p id=\"viewer-szp29370\" class=\"o0STb GF80u _6Vwzd HjRUP\" dir=\"auto\"><span class=\"B-fpk _6Vwzd\">La directora del Centro de Comando, Control, Comunicaci\u00f3n, C\u00f3mputo y Coordinaci\u00f3n (C5i), Michelle Olmos, destac\u00f3 la importancia de esta instrucci\u00f3n: \u201cNuestro compromiso es brindar una respuesta profesional y oportuna a quienes se encuentran en una situaci\u00f3n de crisis, asegurando su bienestar y canalizaci\u00f3n adecuada\u201d, dijo.<\/span><\/p>\n<div id=\"viewer-m884a393\" class=\"o0STb GF80u _6Vwzd HjRUP\" dir=\"auto\"><span class=\"B-fpk _6Vwzd\">\u00a0<\/span><\/div>\n<p id=\"viewer-7psg9372\" class=\"o0STb GF80u _6Vwzd HjRUP\" dir=\"auto\"><span class=\"B-fpk _6Vwzd\">El protocolo DANA permite estandarizar los procedimientos de atenci\u00f3n a personas con trastornos emocionales, garantizando una intervenci\u00f3n inicial adecuada y su posterior traslado con especialistas de la salud.\u00a0<\/span><\/p>\n<div id=\"viewer-1m0wv403\" class=\"o0STb GF80u _6Vwzd HjRUP\" dir=\"auto\"><span class=\"B-fpk _6Vwzd\">\u00a0<\/span><\/div>\n<p id=\"viewer-4f5xf374\" class=\"o0STb GF80u _6Vwzd HjRUP\" dir=\"auto\"><span class=\"B-fpk _6Vwzd\">La Fundaci\u00f3n Nefi Campos. Bienestar Psicosocial A.C. est\u00e1 a cargo de este entrenamiento que consta de 50 horas de formaci\u00f3n intensiva, que permitir\u00e1 a los elementos fortalecer sus capacidades para ofrecer primeros auxilios psicol\u00f3gicos y actuar con un enfoque multidisciplinario.<\/span><\/p>\n<div id=\"viewer-bac6v413\" class=\"o0STb GF80u _6Vwzd HjRUP\" dir=\"auto\"><span class=\"B-fpk _6Vwzd\">\u00a0<\/span><\/div>\n<p id=\"viewer-9iz7t376\" class=\"o0STb GF80u _6Vwzd HjRUP\" dir=\"auto\"><span class=\"B-fpk _6Vwzd\">Con estas acciones, el Gobierno del Estado refuerza su compromiso de mejorar la atenci\u00f3n ciudadana y brindar un servicio eficiente, humano y especializado en momentos cr\u00edticos.\u00a0<\/span><\/p>\n<div id=\"viewer-b5kj4378\" class=\"o0STb GF80u joYDm HjRUP\" dir=\"auto\"><\/div>\n","protected":false},"excerpt":{"rendered":"<p>#informativoelvalledeaguascalientes #novaradioaguascalientes #informativoelvalledeaguascalientesll #Aguascalientes &nbsp; Reciben herramientas para ofrecer primeros auxilios psicol\u00f3gicos y canalizaci\u00f3n adecuada ante cualquier eventualidad La capacitaci\u00f3n consta de 50 horas de formaci\u00f3n especializada y es impartida por la Fundaci\u00f3n Nefi Campos. Bienestar Psicosocial A.C. El objetivo es mejorar la atenci\u00f3n ciudadana y brindar un servicio eficiente, humano y especializado en momentos [&hellip;]<\/p>\n","protected":false},"author":1,"featured_media":66241,"comment_status":"closed","ping_status":"open","sticky":false,"template":"","format":"standard","meta":{"advanced_seo_description":"","jetpack_seo_html_title":"","jetpack_seo_noindex":false,"_jetpack_memberships_contains_paid_content":false,"footnotes":"","jetpack_publicize_message":"","jetpack_publicize_feature_enabled":true,"jetpack_social_post_already_shared":true,"jetpack_social_options":{"image_generator_settings":{"template":"highway","default_image_id":0,"font":"","enabled":false},"version":2}},"categories":[21,4],"tags":[22,615,122],"class_list":["post-66240","post","type-post","status-publish","format-standard","has-post-thumbnail","hentry","category-aguascalientes","category-gobierno-del-estado-aguascalientes","tag-aguascalientes","tag-gobierno-del-estado-de-aguascalientes","tag-sspe-aguascalientes"],"jetpack_publicize_connections":[],"jetpack_featured_media_url":"https:\/\/i0.wp.com\/informativoelvalledeaguascalientes.online\/wp-content\/uploads\/2025\/02\/954c8bd6-cce5-43de-ba2b-9b8dcb98e45d.jpg?fit=1600%2C915&ssl=1","jetpack-related-posts":[],"jetpack_sharing_enabled":true,"jetpack_likes_enabled":true,"_links":{"self":[{"href":"https:\/\/informativoelvalledeaguascalientes.online\/index.php?rest_route=\/wp\/v2\/posts\/66240","targetHints":{"allow":["GET"]}}],"collection":[{"href":"https:\/\/informativoelvalledeaguascalientes.online\/index.php?rest_route=\/wp\/v2\/posts"}],"about":[{"href":"https:\/\/informativoelvalledeaguascalientes.online\/index.php?rest_route=\/wp\/v2\/types\/post"}],"author":[{"embeddable":true,"href":"https:\/\/informativoelvalledeaguascalientes.online\/index.php?rest_route=\/wp\/v2\/users\/1"}],"replies":[{"embeddable":true,"href":"https:\/\/informativoelvalledeaguascalientes.online\/index.php?rest_route=%2Fwp%2Fv2%2Fcomments&post=66240"}],"version-history":[{"count":1,"href":"https:\/\/informativoelvalledeaguascalientes.online\/index.php?rest_route=\/wp\/v2\/posts\/66240\/revisions"}],"predecessor-version":[{"id":66242,"href":"https:\/\/informativoelvalledeaguascalientes.online\/index.php?rest_route=\/wp\/v2\/posts\/66240\/revisions\/66242"}],"wp:featuredmedia":[{"embeddable":true,"href":"https:\/\/informativoelvalledeaguascalientes.online\/index.php?rest_route=\/wp\/v2\/media\/66241"}],"wp:attachment":[{"href":"https:\/\/informativoelvalledeaguascalientes.online\/index.php?rest_route=%2Fwp%2Fv2%2Fmedia&parent=66240"}],"wp:term":[{"taxonomy":"category","embeddable":true,"href":"https:\/\/informativoelvalledeaguascalientes.online\/index.php?rest_route=%2Fwp%2Fv2%2Fcategories&post=66240"},{"taxonomy":"post_tag","embeddable":true,"href":"https:\/\/informativoelvalledeaguascalientes.online\/index.php?rest_route=%2Fwp%2Fv2%2Ftags&post=66240"}],"curies":[{"name":"wp","href":"https:\/\/api.w.org\/{rel}","templated":true}]}}