{"id":66225,"date":"2025-02-28T19:14:05","date_gmt":"2025-03-01T01:14:05","guid":{"rendered":"https:\/\/informativoelvalledeaguascalientes.online\/?p=66225"},"modified":"2025-02-28T19:14:05","modified_gmt":"2025-03-01T01:14:05","slug":"%f0%9d%90%84%f0%9d%90%a7%f0%9d%90%82%f0%9d%90%a8%f0%9d%90%ab%f0%9d%90%9a%f0%9d%90%b3o%f0%9d%90%a7%f0%9d%90%80%f0%9d%90%ab%f0%9d%90%ad%f0%9d%90%9e-%f0%9d%9f%90%f0%9d%9f%8e%f0%9d%9f%90%f0%9d%9f%93-en-c","status":"publish","type":"post","link":"https:\/\/informativoelvalledeaguascalientes.online\/?p=66225","title":{"rendered":"#\ud835\udc04\ud835\udc27\ud835\udc02\ud835\udc28\ud835\udc2b\ud835\udc1a\ud835\udc33\u00f3\ud835\udc27\ud835\udc00\ud835\udc2b\ud835\udc2d\ud835\udc1e \ud835\udfd0\ud835\udfce\ud835\udfd0\ud835\udfd3 en Calvillo Aguascalientes"},"content":{"rendered":"<p>#informativoelvalledeaguascalientes #novaradioaguascalientes #informativoelvalledeaguascalientesll #Aguascalientes<\/p>\n<p>&nbsp;<\/p>\n<p>&nbsp;<\/p>\n<p>Esta tarde celebramos la creatividad y el talento durante la premiaci\u00f3n del concurso #\ud835\udc04\ud835\udc27\ud835\udc02\ud835\udc28\ud835\udc2b\ud835\udc1a\ud835\udc33\u00f3\ud835\udc27\ud835\udc00\ud835\udc2b\ud835\udc2d\ud835\udc1e \ud835\udfd0\ud835\udfce\ud835\udfd0\ud835\udfd3, una iniciativa que permiti\u00f3 a las y los participantes plasmar su ingenio y habilidades art\u00edsticas en un coraz\u00f3n lleno de significado y expresi\u00f3n.<\/p>\n<p>Al finalizar la premiaci\u00f3n disfrutamos de un \ud835\udc11\ud835\udc1e\ud835\udc1c\ud835\udc22\ud835\udc2d\ud835\udc1a\ud835\udc25 \ud835\udc1d\ud835\udc1e\ud835\udc25 \ud835\udc0f\ud835\udc22\ud835\udc1a\ud835\udc27\ud835\udc28 \ud835\udc1d\ud835\udc1e \ud835\udc04\ud835\udc2c\ud835\udc1c\ud835\udc2e\ud835\udc1e\ud835\udc25\ud835\udc1a\ud835\udc2c \ud835\udc02\ud835\udc2e\ud835\udc25\ud835\udc2d\ud835\udc2e\ud835\udc2b\ud835\udc1a\ud835\udc25\ud835\udc1e\ud835\udc2c en el Museo Nacional de Pueblos M\u00e1gicos.<\/p>\n<p>\ud83d\udc4f\ud83c\udffb \u00a1Felicidades a los ganadores!<\/p>\n<p>Categor\u00eda General:<\/p>\n<p>\ud83e\udd47&#8221;Si hay amor hay vida&#8221; de Jos\u00e9 de Jes\u00fas Ortega Serna<br \/>\n\ud83e\udd48&#8221;El Nopal&#8221; de Valeria Delgado de Lara<\/p>\n<p>Categor\u00eda Infantil:<\/p>\n<p>\ud83e\udd47&#8221;Amor propio&#8221; de Danil\u00e9 Armas Islas<br \/>\n\ud83e\udd48&#8221;Guayaz\u00f3n&#8221; de Jos\u00e9 Cruz L\u00f3pez Esparza<\/p>\n<p>#LegadoParaMiGente<\/p>\n<p>&nbsp;<\/p>\n<p>&nbsp;<\/p>\n","protected":false},"excerpt":{"rendered":"<p>#informativoelvalledeaguascalientes #novaradioaguascalientes #informativoelvalledeaguascalientesll #Aguascalientes &nbsp; &nbsp; Esta tarde celebramos la creatividad y el talento durante la premiaci\u00f3n del concurso #\ud835\udc04\ud835\udc27\ud835\udc02\ud835\udc28\ud835\udc2b\ud835\udc1a\ud835\udc33\u00f3\ud835\udc27\ud835\udc00\ud835\udc2b\ud835\udc2d\ud835\udc1e \ud835\udfd0\ud835\udfce\ud835\udfd0\ud835\udfd3, una iniciativa que permiti\u00f3 a las y los participantes plasmar su ingenio y habilidades art\u00edsticas en un coraz\u00f3n lleno de significado y expresi\u00f3n. Al finalizar la premiaci\u00f3n disfrutamos de un \ud835\udc11\ud835\udc1e\ud835\udc1c\ud835\udc22\ud835\udc2d\ud835\udc1a\ud835\udc25 \ud835\udc1d\ud835\udc1e\ud835\udc25 \ud835\udc0f\ud835\udc22\ud835\udc1a\ud835\udc27\ud835\udc28 \ud835\udc1d\ud835\udc1e [&hellip;]<\/p>\n","protected":false},"author":1,"featured_media":66226,"comment_status":"closed","ping_status":"open","sticky":false,"template":"","format":"standard","meta":{"advanced_seo_description":"","jetpack_seo_html_title":"","jetpack_seo_noindex":false,"_jetpack_memberships_contains_paid_content":false,"footnotes":"","jetpack_publicize_message":"","jetpack_publicize_feature_enabled":true,"jetpack_social_post_already_shared":true,"jetpack_social_options":{"image_generator_settings":{"template":"highway","default_image_id":0,"font":"","enabled":false},"version":2}},"categories":[21,13],"tags":[22,88,29],"class_list":["post-66225","post","type-post","status-publish","format-standard","has-post-thumbnail","hentry","category-aguascalientes","category-calvillo-aguascalientes","tag-aguascalientes","tag-calvillo","tag-calvillo-aguascalientes"],"jetpack_publicize_connections":[],"jetpack_featured_media_url":"https:\/\/i0.wp.com\/informativoelvalledeaguascalientes.online\/wp-content\/uploads\/2025\/02\/7e39d972-c489-40af-a961-70a361356a91.jpg?fit=1280%2C853&ssl=1","jetpack-related-posts":[],"jetpack_sharing_enabled":true,"jetpack_likes_enabled":true,"_links":{"self":[{"href":"https:\/\/informativoelvalledeaguascalientes.online\/index.php?rest_route=\/wp\/v2\/posts\/66225","targetHints":{"allow":["GET"]}}],"collection":[{"href":"https:\/\/informativoelvalledeaguascalientes.online\/index.php?rest_route=\/wp\/v2\/posts"}],"about":[{"href":"https:\/\/informativoelvalledeaguascalientes.online\/index.php?rest_route=\/wp\/v2\/types\/post"}],"author":[{"embeddable":true,"href":"https:\/\/informativoelvalledeaguascalientes.online\/index.php?rest_route=\/wp\/v2\/users\/1"}],"replies":[{"embeddable":true,"href":"https:\/\/informativoelvalledeaguascalientes.online\/index.php?rest_route=%2Fwp%2Fv2%2Fcomments&post=66225"}],"version-history":[{"count":1,"href":"https:\/\/informativoelvalledeaguascalientes.online\/index.php?rest_route=\/wp\/v2\/posts\/66225\/revisions"}],"predecessor-version":[{"id":66227,"href":"https:\/\/informativoelvalledeaguascalientes.online\/index.php?rest_route=\/wp\/v2\/posts\/66225\/revisions\/66227"}],"wp:featuredmedia":[{"embeddable":true,"href":"https:\/\/informativoelvalledeaguascalientes.online\/index.php?rest_route=\/wp\/v2\/media\/66226"}],"wp:attachment":[{"href":"https:\/\/informativoelvalledeaguascalientes.online\/index.php?rest_route=%2Fwp%2Fv2%2Fmedia&parent=66225"}],"wp:term":[{"taxonomy":"category","embeddable":true,"href":"https:\/\/informativoelvalledeaguascalientes.online\/index.php?rest_route=%2Fwp%2Fv2%2Fcategories&post=66225"},{"taxonomy":"post_tag","embeddable":true,"href":"https:\/\/informativoelvalledeaguascalientes.online\/index.php?rest_route=%2Fwp%2Fv2%2Ftags&post=66225"}],"curies":[{"name":"wp","href":"https:\/\/api.w.org\/{rel}","templated":true}]}}