{"id":66213,"date":"2025-02-27T20:22:41","date_gmt":"2025-02-28T02:22:41","guid":{"rendered":"https:\/\/informativoelvalledeaguascalientes.online\/?p=66213"},"modified":"2025-02-27T20:22:41","modified_gmt":"2025-02-28T02:22:41","slug":"fortalecen-el-programa-escuela-cibersegura-que-se-implementa-en-planteles-escolares-de-la-entidad","status":"publish","type":"post","link":"https:\/\/informativoelvalledeaguascalientes.online\/?p=66213","title":{"rendered":"FORTALECEN EL PROGRAMA \u201cESCUELA CIBERSEGURA\u201d QUE SE IMPLEMENTA EN PLANTELES ESCOLARES DE LA ENTIDAD"},"content":{"rendered":"<p>#informativoelvalledeaguascalientes #novaradioaguascalientes #informativoelvalledeaguascalientesll<\/p>\n<p><span class=\"B-fpk _6Vwzd\"><strong><em>Contar\u00e1 con la participaci\u00f3n de la exsenadora Josefina V\u00e1zquez Mota, quien impartir\u00e1 conferencias a estudiantes, padres de familia y maestros<\/em><\/strong><\/span><\/p>\n<ul class=\"_9iRlZ joYDm\">\n<li class=\"AY0Vp\" dir=\"auto\" aria-level=\"1\">\n<p id=\"viewer-0dxji1437\" class=\"o0STb GF80u _6Vwzd HjRUP\" dir=\"\"><span class=\"B-fpk _6Vwzd\"><strong><em>Este programa surgi\u00f3 desde el C5i en coordinaci\u00f3n con la Polic\u00eda Cibern\u00e9tica, como parte del Plan de Seguridad y Justicia Blindaje Aguascalientes\u00a0<\/em><\/strong><\/span><\/p>\n<\/li>\n<li class=\"AY0Vp\" dir=\"auto\" aria-level=\"1\">\n<p id=\"viewer-fzdos1440\" class=\"o0STb GF80u _6Vwzd HjRUP\" dir=\"\"><span class=\"B-fpk _6Vwzd\"><strong><em>El principal objetivo es prevenir la violencia digital en contra de ni\u00f1as, ni\u00f1os y adolescentes en la entidad<\/em><\/strong><\/span><\/p>\n<\/li>\n<\/ul>\n<div id=\"viewer-61ik91442\" class=\"o0STb GF80u joYDm HjRUP\" dir=\"auto\"><span class=\"B-fpk\">\u00a0<\/span><\/div>\n<p id=\"viewer-ajucd1443\" class=\"o0STb GF80u _6Vwzd HjRUP\" dir=\"auto\"><span class=\"B-fpk _6Vwzd\">El titular de la Secretar\u00eda de Seguridad P\u00fablica del Estado (SSPE), Manuel Alonso Garc\u00eda, dio a conocer que con la finalidad de fortalecer el programa de Escuela Cibersegura, la exsenadora Josefina V\u00e1zquez Mota impartir\u00e1 conferencias a padres, maestros y estudiantes, con el fin de darles las herramientas necesarias para navegar en un entorno digital seguro.<\/span><\/p>\n<div id=\"viewer-pgkc01445\" class=\"o0STb GF80u joYDm HjRUP\" dir=\"auto\"><span class=\"B-fpk\">\u00a0<\/span><\/div>\n<p id=\"viewer-lnj881446\" class=\"o0STb GF80u _6Vwzd HjRUP\" dir=\"auto\"><span class=\"B-fpk _6Vwzd\">A\u00f1adi\u00f3 que dicho programa es parte del Plan de Seguridad y Justicia \u201cBlindaje Aguascalientes\u201d;\u00a0 se cre\u00f3 desde el Centro de Comando, Control, Comunicaci\u00f3n, C\u00f3mputo y Coordinaci\u00f3n (C5i), en conjunto con la Polic\u00eda Cibern\u00e9tica, con la finalidad de prevenir y erradicar la violencia digital para proteger a las y los menores que estudian en las instituciones educativas de nivel secundaria.<\/span><\/p>\n<div id=\"viewer-8d5mr1448\" class=\"o0STb GF80u joYDm HjRUP\" dir=\"auto\"><span class=\"B-fpk\">\u00a0<\/span><\/div>\n<p id=\"viewer-uxp4m1449\" class=\"o0STb GF80u _6Vwzd HjRUP\" dir=\"auto\"><span class=\"B-fpk _6Vwzd\">Agreg\u00f3 que en el a\u00f1o 2024, bajo la coordinaci\u00f3n de la directora del C5i, Michelle Olmos, este programa benefici\u00f3 a m\u00e1s de 33 mil personas y permiti\u00f3 colocar a Aguascalientes como uno de los estados con menor \u00edndice de violencia digital.\u00a0<\/span><\/p>\n<div id=\"viewer-z8rzk1451\" class=\"o0STb GF80u joYDm HjRUP\" dir=\"auto\"><span class=\"B-fpk\">\u00a0<\/span><\/div>\n<p id=\"viewer-1stmd1452\" class=\"o0STb GF80u _6Vwzd HjRUP\" dir=\"auto\"><span class=\"B-fpk _6Vwzd\">\u201cTomamos la decisi\u00f3n de fortalecer esta estrategia con la participaci\u00f3n de la exsenadora, quien a trav\u00e9s de su experiencia, compartir\u00e1 con los menores, padres de familia y maestros, algunas herramientas digitales que les permitan protegerse\u201d, sostuvo.<\/span><\/p>\n<div id=\"viewer-e0khi1454\" class=\"o0STb GF80u joYDm HjRUP\" dir=\"auto\"><span class=\"B-fpk\">\u00a0<\/span><\/div>\n<p id=\"viewer-ldx9a1455\" class=\"o0STb GF80u _6Vwzd HjRUP\" dir=\"auto\"><span class=\"B-fpk _6Vwzd\">Alonso Garc\u00eda dijo que de esta forma se realiza un combate frontal a delitos como el acoso digital, ciberbullying y sexting, ofreciendo a los menores un entorno seguro al interior, as\u00ed como en el exterior de los planteles educativos y en el ciberespacio.<\/span><\/p>\n<div id=\"viewer-2ctv91457\" class=\"o0STb GF80u joYDm HjRUP\" dir=\"auto\"><span class=\"B-fpk\">\u00a0<\/span><\/div>\n<p id=\"viewer-zy5jp1458\" class=\"o0STb GF80u _6Vwzd HjRUP\" dir=\"auto\"><span class=\"B-fpk _6Vwzd\">Finalmente, record\u00f3 que en cada una de las escuelas donde se implementa este programa, existen comit\u00e9s integrados por alumnos y maestros, quienes se encargan de recibir, reportar y canalizar las denuncias que se registren al interior de las escuelas, mismas que son atendidas de manera inmediata.<\/span><\/p>\n<div id=\"viewer-878je1460\" class=\"o0STb GF80u joYDm HjRUP\" dir=\"auto\"><\/div>\n","protected":false},"excerpt":{"rendered":"<p>#informativoelvalledeaguascalientes #novaradioaguascalientes #informativoelvalledeaguascalientesll Contar\u00e1 con la participaci\u00f3n de la exsenadora Josefina V\u00e1zquez Mota, quien impartir\u00e1 conferencias a estudiantes, padres de familia y maestros Este programa surgi\u00f3 desde el C5i en coordinaci\u00f3n con la Polic\u00eda Cibern\u00e9tica, como parte del Plan de Seguridad y Justicia Blindaje Aguascalientes\u00a0 El principal objetivo es prevenir la violencia digital en contra [&hellip;]<\/p>\n","protected":false},"author":1,"featured_media":66214,"comment_status":"closed","ping_status":"open","sticky":false,"template":"","format":"standard","meta":{"advanced_seo_description":"","jetpack_seo_html_title":"","jetpack_seo_noindex":false,"_jetpack_memberships_contains_paid_content":false,"footnotes":"","jetpack_publicize_message":"","jetpack_publicize_feature_enabled":true,"jetpack_social_post_already_shared":true,"jetpack_social_options":{"image_generator_settings":{"template":"highway","default_image_id":0,"font":"","enabled":false},"version":2}},"categories":[21,4],"tags":[22,615,153],"class_list":["post-66213","post","type-post","status-publish","format-standard","has-post-thumbnail","hentry","category-aguascalientes","category-gobierno-del-estado-aguascalientes","tag-aguascalientes","tag-gobierno-del-estado-de-aguascalientes","tag-sspe"],"jetpack_publicize_connections":[],"jetpack_featured_media_url":"https:\/\/i0.wp.com\/informativoelvalledeaguascalientes.online\/wp-content\/uploads\/2025\/02\/18.jpeg?fit=2560%2C1706&ssl=1","jetpack-related-posts":[],"jetpack_sharing_enabled":true,"jetpack_likes_enabled":true,"_links":{"self":[{"href":"https:\/\/informativoelvalledeaguascalientes.online\/index.php?rest_route=\/wp\/v2\/posts\/66213","targetHints":{"allow":["GET"]}}],"collection":[{"href":"https:\/\/informativoelvalledeaguascalientes.online\/index.php?rest_route=\/wp\/v2\/posts"}],"about":[{"href":"https:\/\/informativoelvalledeaguascalientes.online\/index.php?rest_route=\/wp\/v2\/types\/post"}],"author":[{"embeddable":true,"href":"https:\/\/informativoelvalledeaguascalientes.online\/index.php?rest_route=\/wp\/v2\/users\/1"}],"replies":[{"embeddable":true,"href":"https:\/\/informativoelvalledeaguascalientes.online\/index.php?rest_route=%2Fwp%2Fv2%2Fcomments&post=66213"}],"version-history":[{"count":1,"href":"https:\/\/informativoelvalledeaguascalientes.online\/index.php?rest_route=\/wp\/v2\/posts\/66213\/revisions"}],"predecessor-version":[{"id":66215,"href":"https:\/\/informativoelvalledeaguascalientes.online\/index.php?rest_route=\/wp\/v2\/posts\/66213\/revisions\/66215"}],"wp:featuredmedia":[{"embeddable":true,"href":"https:\/\/informativoelvalledeaguascalientes.online\/index.php?rest_route=\/wp\/v2\/media\/66214"}],"wp:attachment":[{"href":"https:\/\/informativoelvalledeaguascalientes.online\/index.php?rest_route=%2Fwp%2Fv2%2Fmedia&parent=66213"}],"wp:term":[{"taxonomy":"category","embeddable":true,"href":"https:\/\/informativoelvalledeaguascalientes.online\/index.php?rest_route=%2Fwp%2Fv2%2Fcategories&post=66213"},{"taxonomy":"post_tag","embeddable":true,"href":"https:\/\/informativoelvalledeaguascalientes.online\/index.php?rest_route=%2Fwp%2Fv2%2Ftags&post=66213"}],"curies":[{"name":"wp","href":"https:\/\/api.w.org\/{rel}","templated":true}]}}