{"id":66210,"date":"2025-02-27T20:19:06","date_gmt":"2025-02-28T02:19:06","guid":{"rendered":"https:\/\/informativoelvalledeaguascalientes.online\/?p=66210"},"modified":"2025-02-27T20:19:06","modified_gmt":"2025-02-28T02:19:06","slug":"mas-de-10-mil-personas-han-sido-beneficiadas-con-los-cursos-de-capacitacion-de-las-casas-del-bien-comun-del-gobierno-del-estado","status":"publish","type":"post","link":"https:\/\/informativoelvalledeaguascalientes.online\/?p=66210","title":{"rendered":"M\u00c1S DE 10 MIL PERSONAS HAN SIDO BENEFICIADAS CON LOS CURSOS DE CAPACITACI\u00d3N DE LAS CASAS DEL BIEN COM\u00daN DEL GOBIERNO DEL ESTADO"},"content":{"rendered":"<p>#informativoelvalledeaguascalientes #novaradioaguascalientes #informativoelvalledeaguascalientesll<\/p>\n<ul class=\"_9iRlZ joYDm\">\n<li class=\"AY0Vp\" dir=\"auto\" aria-level=\"1\">\n<p id=\"viewer-o15qf201\" class=\"o0STb GF80u _6Vwzd HjRUP\" dir=\"\"><span class=\"B-fpk _6Vwzd\"><strong><em>Se reconoci\u00f3 a las y los maestros que han dedicado su esfuerzo para ense\u00f1ar nuevas habilidades a ni\u00f1as, ni\u00f1os, j\u00f3venes y adultos\u00a0<\/em><\/strong><\/span><\/p>\n<\/li>\n<li class=\"AY0Vp\" dir=\"auto\" aria-level=\"1\">\n<p id=\"viewer-mm1ri204\" class=\"o0STb GF80u _6Vwzd HjRUP\" dir=\"\"><span class=\"B-fpk _6Vwzd\"><strong><em>La gobernadora destac\u00f3 que seguir\u00e1 acercando programas y servicios a trav\u00e9s de las Casas del Bien Com\u00fan\u00a0<\/em><\/strong><\/span><\/p>\n<\/li>\n<li class=\"AY0Vp\" dir=\"auto\" aria-level=\"1\">\n<p id=\"viewer-witpi207\" class=\"o0STb GF80u _6Vwzd HjRUP\" dir=\"\"><span class=\"B-fpk _6Vwzd\"><strong><em>Seguiremos cambiando vidas a trav\u00e9s del arte, el deporte, la cultura y\u00a0 la educaci\u00f3n: TJ<\/em><\/strong><\/span><\/p>\n<\/li>\n<\/ul>\n<div id=\"viewer-g1ol1209\" class=\"o0STb GF80u _6Vwzd HjRUP\" dir=\"auto\"><span class=\"B-fpk _6Vwzd\">\u00a0<\/span><\/div>\n<p id=\"viewer-k2mn5210\" class=\"o0STb GF80u _6Vwzd HjRUP\" dir=\"auto\"><span class=\"B-fpk _6Vwzd\">En un ambiente de alegr\u00eda y ante miles de personas, la gobernadora de Aguascalientes, Tere Jim\u00e9nez, reiter\u00f3 su compromiso de promover programas que favorezcan el desarrollo social, como &#8220;Formando Gigantes&#8221;, a trav\u00e9s del cual se brindan cursos de capacitaci\u00f3n y talleres en las Casas del Bien Com\u00fan; en lo que va de la actual administraci\u00f3n estatal se ha beneficiado a m\u00e1s de 10 mil personas con estas acciones.<\/span><\/p>\n<div id=\"viewer-szaxl212\" class=\"o0STb GF80u _6Vwzd HjRUP\" dir=\"auto\"><span class=\"B-fpk _6Vwzd\">\u00a0<\/span><\/div>\n<p id=\"viewer-jno1l213\" class=\"o0STb GF80u _6Vwzd HjRUP\" dir=\"auto\"><span class=\"B-fpk _6Vwzd\">Adem\u00e1s, inform\u00f3 que a trav\u00e9s de las Casas del Bien Com\u00fan, m\u00e1s de 73 mil personas se han registrado al Seguro Popular Aguascalientes, quienes reciben atenci\u00f3n m\u00e9dica gratuita; 5 mil familias cuentan con el Programa \u201cOportunidades\u201d y se han abierto 61 Estancias Infantiles.<\/span><\/p>\n<div id=\"viewer-8944f215\" class=\"o0STb GF80u _6Vwzd HjRUP\" dir=\"auto\"><span class=\"B-fpk _6Vwzd\">\u00a0<\/span><\/div>\n<p id=\"viewer-8ow56216\" class=\"o0STb GF80u _6Vwzd HjRUP\" dir=\"auto\"><span class=\"B-fpk _6Vwzd\">\u201cVamos a seguir acercando\u00a0 m\u00e1s programas, porque queremos que ustedes est\u00e9n bien y felices; cuentan con un gobierno cercano, seguiremos cambiando vidas a trav\u00e9s del arte, el deporte, la cultura y la educaci\u00f3n\u201d, les dijo Tere Jim\u00e9nez a las familias ah\u00ed presentes.<\/span><\/p>\n<div id=\"viewer-r7y2l218\" class=\"o0STb GF80u _6Vwzd HjRUP\" dir=\"auto\"><span class=\"B-fpk _6Vwzd\">\u00a0<\/span><\/div>\n<p id=\"viewer-8qzal219\" class=\"o0STb GF80u _6Vwzd HjRUP\" dir=\"auto\"><span class=\"B-fpk _6Vwzd\">Durante el evento que se realiz\u00f3 en la Arena Hermanos Carre\u00f3n, la gobernadora Tere Jim\u00e9nez entreg\u00f3 reconocimientos a las mejores Casas del Bien Com\u00fan, que fueron la de la colonia Insurgentes, en la capital, y la del municipio de Pabell\u00f3n de Arteaga; as\u00ed como a las alumnas y alumnos m\u00e1s destacados.\u00a0<\/span><\/p>\n<div id=\"viewer-etx4l221\" class=\"o0STb GF80u _6Vwzd HjRUP\" dir=\"auto\"><span class=\"B-fpk _6Vwzd\">\u00a0<\/span><\/div>\n<p id=\"viewer-f8h8i222\" class=\"o0STb GF80u _6Vwzd HjRUP\" dir=\"auto\"><span class=\"B-fpk _6Vwzd\">Patricia Castillo Romero, titular de la Secretar\u00eda de Desarrollo Social (Sedeso), agradeci\u00f3 a las y los maestros que han dedicado su esfuerzo y entusiasmo para ense\u00f1ar nuevas habilidades a ni\u00f1as, ni\u00f1os, j\u00f3venes, adultos y personas de la tercera edad.<\/span><\/p>\n<div id=\"viewer-alwbq224\" class=\"o0STb GF80u _6Vwzd HjRUP\" dir=\"auto\"><span class=\"B-fpk _6Vwzd\">\u00a0<\/span><\/div>\n<p id=\"viewer-c37b3225\" class=\"o0STb GF80u _6Vwzd HjRUP\" dir=\"auto\"><span class=\"B-fpk _6Vwzd\">\u201cAqu\u00ed est\u00e1n quienes forman gigantes todos los d\u00edas, quienes han recorrido las calles para llevarles los servicios y apoyos. Las familias merecen m\u00e1s, por eso, seguimos acercando nuevos programas a la gente\u201d, asegur\u00f3 Castillo Romero.<\/span><\/p>\n<div id=\"viewer-g1h5u227\" class=\"o0STb GF80u _6Vwzd HjRUP\" dir=\"auto\"><span class=\"B-fpk _6Vwzd\">\u00a0<\/span><\/div>\n<p id=\"viewer-nn1fg228\" class=\"o0STb GF80u _6Vwzd HjRUP\" dir=\"auto\"><span class=\"B-fpk _6Vwzd\">El presidente municipal de Aguascalientes, Leonardo Monta\u00f1ez Castro, reconoci\u00f3 el trabajo que se realiza en las Casas del Bien Com\u00fan.<\/span><\/p>\n<div id=\"viewer-3c37k230\" class=\"o0STb GF80u _6Vwzd HjRUP\" dir=\"auto\"><span class=\"B-fpk _6Vwzd\">\u00a0<\/span><\/div>\n<p id=\"viewer-f8kgn231\" class=\"o0STb GF80u _6Vwzd HjRUP\" dir=\"auto\"><span class=\"B-fpk _6Vwzd\">\u201cGracias por estas Casas del Bien Com\u00fan, que brindan prosperidad a las familias, forman ni\u00f1as y ni\u00f1os felices que luchan por sus sue\u00f1os; vamos a seguir trabajando de la mano con la gobernadora Tere Jim\u00e9nez por un mejor Aguascalientes\u201d, indic\u00f3.\u00a0<\/span><\/p>\n<div id=\"viewer-5es1c233\" class=\"o0STb GF80u _6Vwzd HjRUP\" dir=\"auto\"><span class=\"B-fpk _6Vwzd\">\u00a0<\/span><\/div>\n<p id=\"viewer-2mztb234\" class=\"o0STb GF80u _6Vwzd HjRUP\" dir=\"auto\"><span class=\"B-fpk _6Vwzd\">A nombre de las y los beneficiarios, la maestra Gloria Hilda Ramos Fern\u00e1ndez dio un mensaje de agradecimiento.<\/span><\/p>\n<div id=\"viewer-4zeou236\" class=\"o0STb GF80u _6Vwzd HjRUP\" dir=\"auto\"><span class=\"B-fpk _6Vwzd\">\u00a0<\/span><\/div>\n<p id=\"viewer-ibvt9237\" class=\"o0STb GF80u _6Vwzd HjRUP\" dir=\"auto\"><span class=\"B-fpk _6Vwzd\">\u201cTere, es un honor estar aqu\u00ed hoy y presentarte las actividades que hacemos en las Casas del Bien Com\u00fan, gracias a estos espacios hemos tenido la oportunidad de trabajar juntos para mejorar nuestro entorno, juntos estamos formando personas gigantes, capaces de so\u00f1ar en grande y trabajar por un mundo mejor; sigamos adelante construyendo un camino de oportunidades\u201d, resalt\u00f3.\u00a0<\/span><\/p>\n<div id=\"viewer-1ocee239\" class=\"o0STb GF80u _6Vwzd HjRUP\" dir=\"auto\"><span class=\"B-fpk _6Vwzd\">\u00a0<\/span><\/div>\n<p id=\"viewer-s5agh240\" class=\"o0STb GF80u _6Vwzd HjRUP\" dir=\"auto\"><span class=\"B-fpk _6Vwzd\">Las y los asistentes disfrutaron de diferentes presentaciones art\u00edsticas y deportivas, siendo testigos de un espect\u00e1culo lleno de talento, que destac\u00f3 el esfuerzo y la dedicaci\u00f3n de los alumnos y maestros de las Casas del Bien Com\u00fan.\u00a0<\/span><\/p>\n<div id=\"viewer-9w56r242\" class=\"o0STb GF80u _6Vwzd HjRUP\" dir=\"auto\"><span class=\"B-fpk _6Vwzd\">\u00a0<\/span><\/div>\n<p id=\"viewer-1g7l8243\" class=\"o0STb GF80u _6Vwzd HjRUP\" dir=\"auto\"><span class=\"B-fpk _6Vwzd\">En el evento, estuvieron presentes Juan Antonio Mart\u00edn del Campo, senador de la rep\u00fablica; Paulo Gonzalo Mart\u00ednez L\u00f3pez y Luis Enrique Garc\u00eda L\u00f3pez, diputados federales; Aurora Jim\u00e9nez Esquivel, presidenta del DIF Estatal; Gabriel Delgado Rodr\u00edguez, presidente del Club de Basquetbol Panteras de Aguascalientes, y Susana Padilla Ch\u00e1vez, directora general de Desarrollo Social de la Sedeso.<\/span><\/p>\n","protected":false},"excerpt":{"rendered":"<p>#informativoelvalledeaguascalientes #novaradioaguascalientes #informativoelvalledeaguascalientesll Se reconoci\u00f3 a las y los maestros que han dedicado su esfuerzo para ense\u00f1ar nuevas habilidades a ni\u00f1as, ni\u00f1os, j\u00f3venes y adultos\u00a0 La gobernadora destac\u00f3 que seguir\u00e1 acercando programas y servicios a trav\u00e9s de las Casas del Bien Com\u00fan\u00a0 Seguiremos cambiando vidas a trav\u00e9s del arte, el deporte, la cultura y\u00a0 la [&hellip;]<\/p>\n","protected":false},"author":1,"featured_media":66211,"comment_status":"closed","ping_status":"open","sticky":false,"template":"","format":"standard","meta":{"advanced_seo_description":"","jetpack_seo_html_title":"","jetpack_seo_noindex":false,"_jetpack_memberships_contains_paid_content":false,"footnotes":"","jetpack_publicize_message":"","jetpack_publicize_feature_enabled":true,"jetpack_social_post_already_shared":true,"jetpack_social_options":{"image_generator_settings":{"template":"highway","default_image_id":0,"font":"","enabled":false},"version":2}},"categories":[21,4],"tags":[22,615,320],"class_list":["post-66210","post","type-post","status-publish","format-standard","has-post-thumbnail","hentry","category-aguascalientes","category-gobierno-del-estado-aguascalientes","tag-aguascalientes","tag-gobierno-del-estado-de-aguascalientes","tag-tere-jimenez"],"jetpack_publicize_connections":[],"jetpack_featured_media_url":"https:\/\/i0.wp.com\/informativoelvalledeaguascalientes.online\/wp-content\/uploads\/2025\/02\/3-2.jpg?fit=1472%2C981&ssl=1","jetpack-related-posts":[],"jetpack_sharing_enabled":true,"jetpack_likes_enabled":true,"_links":{"self":[{"href":"https:\/\/informativoelvalledeaguascalientes.online\/index.php?rest_route=\/wp\/v2\/posts\/66210","targetHints":{"allow":["GET"]}}],"collection":[{"href":"https:\/\/informativoelvalledeaguascalientes.online\/index.php?rest_route=\/wp\/v2\/posts"}],"about":[{"href":"https:\/\/informativoelvalledeaguascalientes.online\/index.php?rest_route=\/wp\/v2\/types\/post"}],"author":[{"embeddable":true,"href":"https:\/\/informativoelvalledeaguascalientes.online\/index.php?rest_route=\/wp\/v2\/users\/1"}],"replies":[{"embeddable":true,"href":"https:\/\/informativoelvalledeaguascalientes.online\/index.php?rest_route=%2Fwp%2Fv2%2Fcomments&post=66210"}],"version-history":[{"count":1,"href":"https:\/\/informativoelvalledeaguascalientes.online\/index.php?rest_route=\/wp\/v2\/posts\/66210\/revisions"}],"predecessor-version":[{"id":66212,"href":"https:\/\/informativoelvalledeaguascalientes.online\/index.php?rest_route=\/wp\/v2\/posts\/66210\/revisions\/66212"}],"wp:featuredmedia":[{"embeddable":true,"href":"https:\/\/informativoelvalledeaguascalientes.online\/index.php?rest_route=\/wp\/v2\/media\/66211"}],"wp:attachment":[{"href":"https:\/\/informativoelvalledeaguascalientes.online\/index.php?rest_route=%2Fwp%2Fv2%2Fmedia&parent=66210"}],"wp:term":[{"taxonomy":"category","embeddable":true,"href":"https:\/\/informativoelvalledeaguascalientes.online\/index.php?rest_route=%2Fwp%2Fv2%2Fcategories&post=66210"},{"taxonomy":"post_tag","embeddable":true,"href":"https:\/\/informativoelvalledeaguascalientes.online\/index.php?rest_route=%2Fwp%2Fv2%2Ftags&post=66210"}],"curies":[{"name":"wp","href":"https:\/\/api.w.org\/{rel}","templated":true}]}}