{"id":66176,"date":"2025-02-27T19:18:25","date_gmt":"2025-02-28T01:18:25","guid":{"rendered":"https:\/\/informativoelvalledeaguascalientes.online\/?p=66176"},"modified":"2025-02-27T19:18:25","modified_gmt":"2025-02-28T01:18:25","slug":"lanzan-en-jesus-maria-el-programa-unidos-por-el-dialogo-para-resolver-conflictos-vecinales","status":"publish","type":"post","link":"https:\/\/informativoelvalledeaguascalientes.online\/?p=66176","title":{"rendered":"LANZAN EN JES\u00daS MAR\u00cdA EL PROGRAMA \u201cUNIDOS POR EL DI\u00c1LOGO\u201d PARA RESOLVER CONFLICTOS VECINALES"},"content":{"rendered":"<p>#informativoelvalledeaguascalientes #novaradioaguascalientes #informativoelvalledeaguascalientesll<\/p>\n<p>\u2022 En este programa el facilitador interviene activamente para orientar a las partes hacia una soluci\u00f3n viable.<\/p>\n<p>Con la finalidad de resolver disputas vecinales de manera pac\u00edfica y equitativa, el Gobierno Municipal de Jes\u00fas Mar\u00eda, a trav\u00e9s del \u00e1rea de Justicia C\u00edvica pone en marcha el programa \u201cUnidos por el di\u00e1logo\u201d que promueve la conciliaci\u00f3n, as\u00ed como la cultura de paz.<\/p>\n<p>En el marco del \u201cPresidente Presente\u201d que se realiz\u00f3 en la delegaci\u00f3n de Venadero, el presidente municipal de Jes\u00fas mar\u00eda, C\u00e9sar Medina, puso en marcha este programa que acerca a la ciudadan\u00eda una alternativa \u00e1gil, eficiente y cercana para solucionar conflictos antes de que escalen a faltas administrativas o delitos.<\/p>\n<p>A trave\u0301s de &#8220;Unidos por el Dia\u0301logo&#8221;, cualquier ciudadano puede acudir a su delegacio\u0301n municipal o al Juzgado Ci\u0301vico para solicitar una sesio\u0301n de conciliacio\u0301n; en esta sesi\u00f3n, el juez correspondiente guiara\u0301 a las partes involucradas en una lluvia de ideas y posibles soluciones, buscando alcanzar acuerdos satisfactorios para ambas partes, explic\u00f3 el alcalde quien agreg\u00f3 que, todos los jueves este programa llegar\u00e1 a las distintas delegaciones.<\/p>\n<p>Por su parte, el Director de Justicia C\u00edvica, Jes\u00fas Antonio Mu\u00f1oz Solano, mencion\u00f3 que en este proceso un juez c\u00edvico act\u00faa como conciliador, facilitando el di\u00e1logo y proponiendo soluciones justas y equilibradas, lo que a diferencia de la mediaci\u00f3n, limita a que las partes construyan el acuerdo por si\u0301 mismas. \u201cEn este programa el facilitador interviene activamente para orientar a las partes hacia una soluci\u00f3n viable\u201d dijo.<\/p>\n","protected":false},"excerpt":{"rendered":"<p>#informativoelvalledeaguascalientes #novaradioaguascalientes #informativoelvalledeaguascalientesll \u2022 En este programa el facilitador interviene activamente para orientar a las partes hacia una soluci\u00f3n viable. Con la finalidad de resolver disputas vecinales de manera pac\u00edfica y equitativa, el Gobierno Municipal de Jes\u00fas Mar\u00eda, a trav\u00e9s del \u00e1rea de Justicia C\u00edvica pone en marcha el programa \u201cUnidos por el di\u00e1logo\u201d que [&hellip;]<\/p>\n","protected":false},"author":1,"featured_media":66177,"comment_status":"closed","ping_status":"open","sticky":false,"template":"","format":"standard","meta":{"advanced_seo_description":"","jetpack_seo_html_title":"","jetpack_seo_noindex":false,"_jetpack_memberships_contains_paid_content":false,"footnotes":"","jetpack_publicize_message":"","jetpack_publicize_feature_enabled":true,"jetpack_social_post_already_shared":true,"jetpack_social_options":{"image_generator_settings":{"template":"highway","default_image_id":0,"font":"","enabled":false},"version":2}},"categories":[21,14],"tags":[22,45],"class_list":["post-66176","post","type-post","status-publish","format-standard","has-post-thumbnail","hentry","category-aguascalientes","category-jesus-maria-aguascalientes","tag-aguascalientes","tag-jesus-maria-aguascalientes"],"jetpack_publicize_connections":[],"jetpack_featured_media_url":"https:\/\/i0.wp.com\/informativoelvalledeaguascalientes.online\/wp-content\/uploads\/2025\/02\/WhatsApp-Image-2025-02-27-at-4.57.12-PM.jpeg?fit=1600%2C1066&ssl=1","jetpack-related-posts":[],"jetpack_sharing_enabled":true,"jetpack_likes_enabled":true,"_links":{"self":[{"href":"https:\/\/informativoelvalledeaguascalientes.online\/index.php?rest_route=\/wp\/v2\/posts\/66176","targetHints":{"allow":["GET"]}}],"collection":[{"href":"https:\/\/informativoelvalledeaguascalientes.online\/index.php?rest_route=\/wp\/v2\/posts"}],"about":[{"href":"https:\/\/informativoelvalledeaguascalientes.online\/index.php?rest_route=\/wp\/v2\/types\/post"}],"author":[{"embeddable":true,"href":"https:\/\/informativoelvalledeaguascalientes.online\/index.php?rest_route=\/wp\/v2\/users\/1"}],"replies":[{"embeddable":true,"href":"https:\/\/informativoelvalledeaguascalientes.online\/index.php?rest_route=%2Fwp%2Fv2%2Fcomments&post=66176"}],"version-history":[{"count":1,"href":"https:\/\/informativoelvalledeaguascalientes.online\/index.php?rest_route=\/wp\/v2\/posts\/66176\/revisions"}],"predecessor-version":[{"id":66178,"href":"https:\/\/informativoelvalledeaguascalientes.online\/index.php?rest_route=\/wp\/v2\/posts\/66176\/revisions\/66178"}],"wp:featuredmedia":[{"embeddable":true,"href":"https:\/\/informativoelvalledeaguascalientes.online\/index.php?rest_route=\/wp\/v2\/media\/66177"}],"wp:attachment":[{"href":"https:\/\/informativoelvalledeaguascalientes.online\/index.php?rest_route=%2Fwp%2Fv2%2Fmedia&parent=66176"}],"wp:term":[{"taxonomy":"category","embeddable":true,"href":"https:\/\/informativoelvalledeaguascalientes.online\/index.php?rest_route=%2Fwp%2Fv2%2Fcategories&post=66176"},{"taxonomy":"post_tag","embeddable":true,"href":"https:\/\/informativoelvalledeaguascalientes.online\/index.php?rest_route=%2Fwp%2Fv2%2Ftags&post=66176"}],"curies":[{"name":"wp","href":"https:\/\/api.w.org\/{rel}","templated":true}]}}