{"id":66170,"date":"2025-02-27T16:09:47","date_gmt":"2025-02-27T22:09:47","guid":{"rendered":"https:\/\/informativoelvalledeaguascalientes.online\/?p=66170"},"modified":"2025-02-27T16:09:47","modified_gmt":"2025-02-27T22:09:47","slug":"continuamos-preparando-la-feria-de-ferias","status":"publish","type":"post","link":"https:\/\/informativoelvalledeaguascalientes.online\/?p=66170","title":{"rendered":"Continuamos preparando la Feria de Ferias"},"content":{"rendered":"<p>@informativoelvalledeaguascalientes #novaradioaguascalientes #informativoelvalledeaguascalientesll #informativoelvalledeaguascalientes2.0 #Aguascalientes<\/p>\n<p>&nbsp;<\/p>\n<p>El diputado Salvador Alcal\u00e1 Dur\u00e1n rindi\u00f3 protesta como representante del Congreso del Estado en la Junta de Gobierno del Patronato de la Feria Nacional de San Marcos, esto en la sesi\u00f3n ordinaria de dicho \u00f3rgano que preside Jos\u00e9 \u00c1ngel Gonz\u00e1lez Serna \u201cPaqu\u00edn\u201d y cuyo secretario es el representante del Cabildo de Aguascalientes Gustavo Granados Corzo.<\/p>\n<p>En el mismo marco fueron aprobados por unanimidad los planes anuales de Adquisiciones, Arrendamientos y Servicios para el Ejercicio Fiscal 2025, la Ley de Ingresos y Presupuesto de Egresos 2025, as\u00ed como el Informe de la Cuenta P\u00fablica 2024.<\/p>\n<p>Por su parte, Carlos Javier Alvarado Garc\u00eda, titular de la Unidad Auditora del \u00d3rgano Interno de la Contralor\u00eda del Estado, present\u00f3 su Tercer Informe y dio a conocer que concluyeron de manera satisfactoria y sin observaciones ni denuncias, los trabajos de esta \u00e1rea integrada por las unidades de Auditor\u00eda, Investigaci\u00f3n, Resolutora y Substanciadora.<\/p>\n<p>El representante del Congreso del Estado en la Junta de Gobierno del PFNSM, Salvador Alcal\u00e1, resalt\u00f3 que Gonz\u00e1lez Serna ha demostrado trabajar con eficiencia, transparencia y honestidad, por eso es que la Feria Nacional de San Marcos tiene el reconocimiento del que actualmente goza, pues ha sabido consolidar un equipo, dijo, por lo que se mostr\u00f3 dispuesto a integrarse al trabajo y hacer las aportaciones que desde su trinchera se requieran para llevar a un mejor nivel la verbena abrile\u00f1a.<\/p>\n<p>Por su parte, el secretario de la Junta de Gobierno y representante del Cabildo de Aguascalientes en el mismo \u00f3rgano, Gustavo Granados, refiri\u00f3 que recientemente se llev\u00f3 a cabo la Feria Internacional de Turismo en Sevilla, Espa\u00f1a, en la que \u00e9l tuvo participaci\u00f3n y finc\u00f3 el compromiso de iniciar las labores para hermanar a Sevilla con esta Capital, adem\u00e1s de aprovechar para promover la FNSM en aquellas tierras.<\/p>\n","protected":false},"excerpt":{"rendered":"<p>@informativoelvalledeaguascalientes #novaradioaguascalientes #informativoelvalledeaguascalientesll #informativoelvalledeaguascalientes2.0 #Aguascalientes &nbsp; El diputado Salvador Alcal\u00e1 Dur\u00e1n rindi\u00f3 protesta como representante del Congreso del Estado en la Junta de Gobierno del Patronato de la Feria Nacional de San Marcos, esto en la sesi\u00f3n ordinaria de dicho \u00f3rgano que preside Jos\u00e9 \u00c1ngel Gonz\u00e1lez Serna \u201cPaqu\u00edn\u201d y cuyo secretario es el representante del [&hellip;]<\/p>\n","protected":false},"author":1,"featured_media":66171,"comment_status":"closed","ping_status":"open","sticky":false,"template":"","format":"standard","meta":{"advanced_seo_description":"","jetpack_seo_html_title":"","jetpack_seo_noindex":false,"_jetpack_memberships_contains_paid_content":false,"footnotes":"","jetpack_publicize_message":"","jetpack_publicize_feature_enabled":true,"jetpack_social_post_already_shared":true,"jetpack_social_options":{"image_generator_settings":{"template":"highway","default_image_id":0,"font":"","enabled":false},"version":2}},"categories":[21,4],"tags":[918,22,615],"class_list":["post-66170","post","type-post","status-publish","format-standard","has-post-thumbnail","hentry","category-aguascalientes","category-gobierno-del-estado-aguascalientes","tag-fnsm2025","tag-aguascalientes","tag-gobierno-del-estado-de-aguascalientes"],"jetpack_publicize_connections":[],"jetpack_featured_media_url":"https:\/\/i0.wp.com\/informativoelvalledeaguascalientes.online\/wp-content\/uploads\/2025\/02\/IMG-20250227-WA0034.jpg?fit=1600%2C1200&ssl=1","jetpack-related-posts":[],"jetpack_sharing_enabled":true,"jetpack_likes_enabled":true,"_links":{"self":[{"href":"https:\/\/informativoelvalledeaguascalientes.online\/index.php?rest_route=\/wp\/v2\/posts\/66170","targetHints":{"allow":["GET"]}}],"collection":[{"href":"https:\/\/informativoelvalledeaguascalientes.online\/index.php?rest_route=\/wp\/v2\/posts"}],"about":[{"href":"https:\/\/informativoelvalledeaguascalientes.online\/index.php?rest_route=\/wp\/v2\/types\/post"}],"author":[{"embeddable":true,"href":"https:\/\/informativoelvalledeaguascalientes.online\/index.php?rest_route=\/wp\/v2\/users\/1"}],"replies":[{"embeddable":true,"href":"https:\/\/informativoelvalledeaguascalientes.online\/index.php?rest_route=%2Fwp%2Fv2%2Fcomments&post=66170"}],"version-history":[{"count":1,"href":"https:\/\/informativoelvalledeaguascalientes.online\/index.php?rest_route=\/wp\/v2\/posts\/66170\/revisions"}],"predecessor-version":[{"id":66172,"href":"https:\/\/informativoelvalledeaguascalientes.online\/index.php?rest_route=\/wp\/v2\/posts\/66170\/revisions\/66172"}],"wp:featuredmedia":[{"embeddable":true,"href":"https:\/\/informativoelvalledeaguascalientes.online\/index.php?rest_route=\/wp\/v2\/media\/66171"}],"wp:attachment":[{"href":"https:\/\/informativoelvalledeaguascalientes.online\/index.php?rest_route=%2Fwp%2Fv2%2Fmedia&parent=66170"}],"wp:term":[{"taxonomy":"category","embeddable":true,"href":"https:\/\/informativoelvalledeaguascalientes.online\/index.php?rest_route=%2Fwp%2Fv2%2Fcategories&post=66170"},{"taxonomy":"post_tag","embeddable":true,"href":"https:\/\/informativoelvalledeaguascalientes.online\/index.php?rest_route=%2Fwp%2Fv2%2Ftags&post=66170"}],"curies":[{"name":"wp","href":"https:\/\/api.w.org\/{rel}","templated":true}]}}