{"id":66161,"date":"2025-02-26T21:50:16","date_gmt":"2025-02-27T03:50:16","guid":{"rendered":"https:\/\/informativoelvalledeaguascalientes.online\/?p=66161"},"modified":"2025-02-26T21:50:16","modified_gmt":"2025-02-27T03:50:16","slug":"inicia-municipio-trabajos-de-rehabilitacion-en-el-perimetro-ferial-con-pavimentacion-de-la-calle-nieto","status":"publish","type":"post","link":"https:\/\/informativoelvalledeaguascalientes.online\/?p=66161","title":{"rendered":"INICIA MUNICIPIO TRABAJOS DE REHABILITACI\u00d3N EN EL PER\u00cdMETRO FERIAL CON PAVIMENTACI\u00d3N DE LA CALLE NIETO"},"content":{"rendered":"<p>#informativoelvalledeaguascalientes #novaradioaguascalientes #informativoelvalledeaguascalientesll #Aguascalientes<\/p>\n<p>&nbsp;<\/p>\n<ul>\n<li><em><strong>Estos trabajos tendr\u00e1n una duraci\u00f3n aproximada de dos semanas<\/strong><\/em>.<\/li>\n<\/ul>\n<p>&nbsp;<\/p>\n<p>En el tradicional Barrio de San Marcos, el presidente municipal,\u00a0<strong>Leo Monta\u00f1ez<\/strong>\u00a0supervis\u00f3 el arranque de la rehabilitaci\u00f3n de la calle Nieto, en el tramo comprendido entre las calles Jos\u00e9 Guadalupe Posada y Prof. A. Topete del Valle, como parte de los trabajos de mantenimiento del per\u00edmetro ferial.<\/p>\n<p>&nbsp;<\/p>\n<p><b>Leo Monta\u00f1ez\u00a0<\/b>se\u00f1al\u00f3 que la calle Nieto, una de las vialidades m\u00e1s transitadas en el per\u00edmetro ferial, ser\u00e1 rehabilitada con una obra que mejorar\u00e1 la base de rodamiento de mil 600 metros cuadrados, beneficiando a vecinos y feriantes.<\/p>\n<p>&nbsp;<\/p>\n<p>El titular de la Secretar\u00eda de Obras P\u00fablicas Municipales (SOPMA),\u00a0<strong>Miguel \u00c1ngel Huizar<\/strong>\u00a0Botello inform\u00f3 que se realizar\u00e1 fresado de pavimentos, bacheo superficial, construcci\u00f3n de sobre carpeta asf\u00e1ltica de cuatro cent\u00edmetros de espesor, renivelaci\u00f3n de pozos de visita y reparaci\u00f3n de guarniciones, con una duraci\u00f3n aproximada de dos semanas.<\/p>\n<p>&nbsp;<\/p>\n<p>Previo a la Feria Nacional de San Marcos 2025, se llevar\u00e1 a cabo el bacheo profundo y riego de sello en la calle Nieto, en el tramo de Dr. Pedro de Alba a Jos\u00e9 Guadalupe Posada, como parte de los trabajos de mejora de infraestructura realizados por SOPMA.<\/p>\n<p>&nbsp;<\/p>\n<p>En su mensaje, la regidora presidenta de la Comisi\u00f3n de Obras P\u00fablicas,\u00a0<strong>Leslie Atilano Tapia<\/strong>\u00a0agradeci\u00f3 al personal de SOPMA por su dedicaci\u00f3n y trabajo nocturno, lo que permite a los conductores transitar con seguridad y sin interrupciones en el tr\u00e1fico.<\/p>\n<p>&nbsp;<\/p>\n<p>Para el arranque de obra tambi\u00e9n se cont\u00f3 con la presencia de regidores\u00a0<strong>Martha Gonz\u00e1lez Estrada<\/strong>\u00a0y\u00a0<strong>Juan Antonio Gonz\u00e1lez Guerrero<\/strong>.<\/p>\n","protected":false},"excerpt":{"rendered":"<p>#informativoelvalledeaguascalientes #novaradioaguascalientes #informativoelvalledeaguascalientesll #Aguascalientes &nbsp; Estos trabajos tendr\u00e1n una duraci\u00f3n aproximada de dos semanas. &nbsp; En el tradicional Barrio de San Marcos, el presidente municipal,\u00a0Leo Monta\u00f1ez\u00a0supervis\u00f3 el arranque de la rehabilitaci\u00f3n de la calle Nieto, en el tramo comprendido entre las calles Jos\u00e9 Guadalupe Posada y Prof. A. Topete del Valle, como parte de los [&hellip;]<\/p>\n","protected":false},"author":1,"featured_media":66162,"comment_status":"closed","ping_status":"open","sticky":false,"template":"","format":"standard","meta":{"advanced_seo_description":"","jetpack_seo_html_title":"","jetpack_seo_noindex":false,"_jetpack_memberships_contains_paid_content":false,"footnotes":"","jetpack_publicize_message":"","jetpack_publicize_feature_enabled":true,"jetpack_social_post_already_shared":true,"jetpack_social_options":{"image_generator_settings":{"template":"highway","default_image_id":0,"font":"","enabled":false},"version":2}},"categories":[21,3],"tags":[22,25,133],"class_list":["post-66161","post","type-post","status-publish","format-standard","has-post-thumbnail","hentry","category-aguascalientes","category-municipio-aguascalientes","tag-aguascalientes","tag-mpio-aguascalientes","tag-mpio-aguascalientes-sopma"],"jetpack_publicize_connections":[],"jetpack_featured_media_url":"https:\/\/i0.wp.com\/informativoelvalledeaguascalientes.online\/wp-content\/uploads\/2025\/02\/CMC1452.jpg?fit=2048%2C1404&ssl=1","jetpack-related-posts":[],"jetpack_sharing_enabled":true,"jetpack_likes_enabled":true,"_links":{"self":[{"href":"https:\/\/informativoelvalledeaguascalientes.online\/index.php?rest_route=\/wp\/v2\/posts\/66161","targetHints":{"allow":["GET"]}}],"collection":[{"href":"https:\/\/informativoelvalledeaguascalientes.online\/index.php?rest_route=\/wp\/v2\/posts"}],"about":[{"href":"https:\/\/informativoelvalledeaguascalientes.online\/index.php?rest_route=\/wp\/v2\/types\/post"}],"author":[{"embeddable":true,"href":"https:\/\/informativoelvalledeaguascalientes.online\/index.php?rest_route=\/wp\/v2\/users\/1"}],"replies":[{"embeddable":true,"href":"https:\/\/informativoelvalledeaguascalientes.online\/index.php?rest_route=%2Fwp%2Fv2%2Fcomments&post=66161"}],"version-history":[{"count":1,"href":"https:\/\/informativoelvalledeaguascalientes.online\/index.php?rest_route=\/wp\/v2\/posts\/66161\/revisions"}],"predecessor-version":[{"id":66163,"href":"https:\/\/informativoelvalledeaguascalientes.online\/index.php?rest_route=\/wp\/v2\/posts\/66161\/revisions\/66163"}],"wp:featuredmedia":[{"embeddable":true,"href":"https:\/\/informativoelvalledeaguascalientes.online\/index.php?rest_route=\/wp\/v2\/media\/66162"}],"wp:attachment":[{"href":"https:\/\/informativoelvalledeaguascalientes.online\/index.php?rest_route=%2Fwp%2Fv2%2Fmedia&parent=66161"}],"wp:term":[{"taxonomy":"category","embeddable":true,"href":"https:\/\/informativoelvalledeaguascalientes.online\/index.php?rest_route=%2Fwp%2Fv2%2Fcategories&post=66161"},{"taxonomy":"post_tag","embeddable":true,"href":"https:\/\/informativoelvalledeaguascalientes.online\/index.php?rest_route=%2Fwp%2Fv2%2Ftags&post=66161"}],"curies":[{"name":"wp","href":"https:\/\/api.w.org\/{rel}","templated":true}]}}