{"id":66149,"date":"2025-02-26T21:28:49","date_gmt":"2025-02-27T03:28:49","guid":{"rendered":"https:\/\/informativoelvalledeaguascalientes.online\/?p=66149"},"modified":"2025-02-26T21:28:49","modified_gmt":"2025-02-27T03:28:49","slug":"con-el-apoyo-de-tere-jimenez-lecheros-de-aguascalientes-lanzan-marca-propia-se-distribuira-en-casas-del-bien-comun-a-15-pesos","status":"publish","type":"post","link":"https:\/\/informativoelvalledeaguascalientes.online\/?p=66149","title":{"rendered":"CON EL APOYO DE TERE JIM\u00c9NEZ, LECHEROS DE AGUASCALIENTES LANZAN MARCA PROPIA; SE DISTRIBUIR\u00c1 EN CASAS DEL BIEN COM\u00daN A 15 PESOS"},"content":{"rendered":"<p>#informativoelvalledeaguascalientes #novaradioaguascalientes #informativoelvalledeaguascalientesll #Aguascalientes<\/p>\n<p>&nbsp;<\/p>\n<ul class=\"_9iRlZ joYDm\">\n<li class=\"AY0Vp\" dir=\"auto\" aria-level=\"1\">\n<p id=\"viewer-18ag2368\" class=\"o0STb GF80u _6Vwzd HjRUP\" dir=\"\"><span class=\"B-fpk _6Vwzd\"><strong><em>Se busca llegar a m\u00e1s de 100 mil familias en una primera fase\u00a0<\/em><\/strong><\/span><\/p>\n<\/li>\n<li class=\"AY0Vp\" dir=\"auto\" aria-level=\"1\">\n<p id=\"viewer-gihf1371\" class=\"o0STb GF80u _6Vwzd HjRUP\" dir=\"\"><span class=\"B-fpk _6Vwzd\"><strong><em>Participar\u00e1n m\u00e1s de 300 productores de leche\u00a0<\/em><\/strong><\/span><\/p>\n<\/li>\n<\/ul>\n<div id=\"viewer-4fmuu373\" class=\"o0STb GF80u _6Vwzd HjRUP\" dir=\"auto\"><span class=\"B-fpk _6Vwzd\">\u00a0<\/span><\/div>\n<p id=\"viewer-okltp403\" class=\"o0STb GF80u _6Vwzd HjRUP\" dir=\"auto\"><span class=\"B-fpk _6Vwzd\">La gobernadora Tere Jim\u00e9nez encabez\u00f3 la firma del convenio para la producci\u00f3n de \u201cAlileche, para los futuros gigantes\u201d, con lo que se apoya a los lecheros para la venta de su producto y a las familias de Aguascalientes que ahora podr\u00e1n adquirir leche de calidad a un precio accesible.<\/span><\/p>\n<div id=\"viewer-zynts433\" class=\"o0STb GF80u _6Vwzd HjRUP\" dir=\"auto\"><span class=\"B-fpk _6Vwzd\">\u00a0<\/span><\/div>\n<p id=\"viewer-nspib375\" class=\"o0STb GF80u _6Vwzd HjRUP\" dir=\"auto\"><span class=\"B-fpk _6Vwzd\">Durante el evento, la gobernadora destac\u00f3 la importancia de este convenio para fortalecer la alimentaci\u00f3n de las familias m\u00e1s vulnerables del estado, adem\u00e1s de que los lecheros ya no tendr\u00e1n que tirar su producto.<\/span><\/p>\n<div id=\"viewer-3h1tc449\" class=\"o0STb GF80u _6Vwzd HjRUP\" dir=\"auto\"><span class=\"B-fpk _6Vwzd\">\u00a0<\/span><\/div>\n<p id=\"viewer-4n7gk377\" class=\"o0STb GF80u _6Vwzd HjRUP\" dir=\"auto\"><span class=\"B-fpk _6Vwzd\">\u201cEsta leche la encontrar\u00e1n en las Casas del Bien Com\u00fan, lo principal es que llegue a la gente m\u00e1s necesitada para que los ni\u00f1os tomen leche y aprendan en la escuela, queremos que esta leche llegue a todos los rincones del estado; tambi\u00e9n este es un gran d\u00eda para los lecheros, porque consumiremos la leche de Aguascalientes y de las vacas gigantes de Aguascalientes\u201d, expres\u00f3 Tere Jim\u00e9nez.<\/span><\/p>\n<div id=\"viewer-mujbi465\" class=\"o0STb GF80u _6Vwzd HjRUP\" dir=\"auto\"><span class=\"B-fpk _6Vwzd\">\u00a0<\/span><\/div>\n<p id=\"viewer-8z3hk379\" class=\"o0STb GF80u _6Vwzd HjRUP\" dir=\"auto\"><span class=\"B-fpk _6Vwzd\">La gobernadora a\u00f1adi\u00f3 que este acuerdo facilitar\u00e1 la distribuci\u00f3n de leche a trav\u00e9s de diversos programas sociales y puntos de distribuci\u00f3n, asegurando que la poblaci\u00f3n m\u00e1s necesitada pueda beneficiarse con este insumo b\u00e1sico y as\u00ed mejorar la nutrici\u00f3n en Aguascalientes y apoyar la econom\u00eda familiar.<\/span><\/p>\n<div id=\"viewer-q26kr481\" class=\"o0STb GF80u _6Vwzd HjRUP\" dir=\"auto\"><span class=\"B-fpk _6Vwzd\">\u00a0<\/span><\/div>\n<p id=\"viewer-c5tvn381\" class=\"o0STb GF80u _6Vwzd HjRUP\" dir=\"auto\"><span class=\"B-fpk _6Vwzd\">Carlos Guti\u00e9rrez, presidente de Alilacteos, dijo sentirse muy contento por la firma del convenio y agradeci\u00f3 a la gobernadora por estar pendiente del sector lechero y agr\u00edcola.<\/span><\/p>\n<div id=\"viewer-l0yr5542\" class=\"o0STb GF80u _6Vwzd HjRUP\" dir=\"auto\"><span class=\"B-fpk _6Vwzd\">\u00a0<\/span><\/div>\n<p id=\"viewer-c2g3i383\" class=\"o0STb GF80u _6Vwzd HjRUP\" dir=\"auto\"><span class=\"B-fpk _6Vwzd\">\u201cEste es el lanzamiento de Alileche. Leche para los futuros gigantes\u201d, lo que representa un gran apoyo para nosotros los lecheros, queremos apoyar a m\u00e1s de 100 mil familias vulnerables en una primera fase; Aguascalientes ocupa el noveno lugar en producci\u00f3n de leche con m\u00e1s de 1.5 millones de litros producidos. Gracias a quienes d\u00eda a d\u00eda trabajan para garantizar que todos tengan una leche de calidad\u201d, subray\u00f3 el presidente de Alilacteos.\u00a0<\/span><\/p>\n<div id=\"viewer-8bjf9498\" class=\"o0STb GF80u _6Vwzd HjRUP\" dir=\"auto\"><span class=\"B-fpk _6Vwzd\">\u00a0<\/span><\/div>\n<p id=\"viewer-hc8zi385\" class=\"o0STb GF80u _6Vwzd HjRUP\" dir=\"auto\"><span class=\"B-fpk _6Vwzd\">Leonardo Monta\u00f1ez Castro, presidente municipal de Aguascalientes, reconoci\u00f3 el trabajo de los productores lecheros, quienes no descansan y buscan sacar adelante a su familia.<\/span><\/p>\n<div id=\"viewer-pam4y387\" class=\"o0STb GF80u joYDm HjRUP\" dir=\"auto\"><span class=\"B-fpk\">\u00a0<\/span><\/div>\n<p id=\"viewer-avuzo388\" class=\"o0STb GF80u _6Vwzd HjRUP\" dir=\"auto\"><span class=\"B-fpk _6Vwzd\">Patricia Castillo Romero, secretaria de Desarrollo Social (Sedeso), detall\u00f3 que se ha beneficiado a m\u00e1s de 54 mil personas con esa leche que ya se distribuye en las Casas del Bien Com\u00fan, ubicadas en todo el estado.<\/span><\/p>\n<div id=\"viewer-bxblk390\" class=\"o0STb GF80u joYDm HjRUP\" dir=\"auto\"><span class=\"B-fpk\">\u00a0<\/span><\/div>\n<p id=\"viewer-qmxbq391\" class=\"o0STb GF80u _6Vwzd HjRUP\" dir=\"auto\"><span class=\"B-fpk _6Vwzd\">\u201cEsta leche es de Aguascalientes y tenemos que consumirla aqu\u00ed, ser solidarios con los productores de nuestro estado; ayudemos a los productores y a las familias, por eso, ese precio, y por eso, acercaremos este beneficio a toda la poblaci\u00f3n\u201d, destac\u00f3 la secretaria.<\/span><\/p>\n<div id=\"viewer-tb7uy393\" class=\"o0STb GF80u joYDm HjRUP\" dir=\"auto\"><span class=\"B-fpk\">\u00a0<\/span><\/div>\n<p id=\"viewer-rss08394\" class=\"o0STb GF80u _6Vwzd HjRUP\" dir=\"auto\"><span class=\"B-fpk _6Vwzd\">Isidoro Armend\u00e1riz Garc\u00eda, titular de la Secretar\u00eda de Desarrollo Rural y Agroempresarial (Sedrae), destac\u00f3 la importancia de la firma de este convenio; detall\u00f3 que participar\u00e1n m\u00e1s de 300 productores de leche.<\/span><\/p>\n<div id=\"viewer-xywcv517\" class=\"o0STb GF80u _6Vwzd HjRUP\" dir=\"auto\"><span class=\"B-fpk _6Vwzd\">\u00a0<\/span><\/div>\n<p id=\"viewer-je1sb396\" class=\"o0STb GF80u _6Vwzd HjRUP\" dir=\"auto\"><span class=\"B-fpk _6Vwzd\">El convenio se celebr\u00f3 entre Alilacteos, Grupo Gilsa de Aguascalientes, la Sedrae y la Sedeso.<\/span><\/p>\n<div id=\"viewer-pbcy0533\" class=\"o0STb GF80u _6Vwzd HjRUP\" dir=\"auto\"><span class=\"B-fpk _6Vwzd\">\u00a0<\/span><\/div>\n<p id=\"viewer-ptt14398\" class=\"o0STb GF80u _6Vwzd HjRUP\" dir=\"auto\"><span class=\"B-fpk _6Vwzd\">Tambi\u00e9n estuvieron presentes Araceli Gonz\u00e1lez Reyes, presidenta municipal de San Jos\u00e9 de Gracia; Luc\u00eda de Le\u00f3n Urs\u00faa, presidenta de la Mesa Directiva del H. Congreso del Estado; los diputados locales Jetsi S\u00e1nchez, Salvador Alcal\u00e1, Alma Hilda Medina, Roy Cervantes y Heriberto Gallegos Serna; Juan Pablo D\u00edaz, presidente de la Uni\u00f3n Ganadera Regional de Aguascalientes (UGRA), y Jaime Gonz\u00e1lez Ulloa, presidente de la Asociaci\u00f3n Ganadera Local de Productores de Leche.<\/span><\/p>\n","protected":false},"excerpt":{"rendered":"<p>#informativoelvalledeaguascalientes #novaradioaguascalientes #informativoelvalledeaguascalientesll #Aguascalientes &nbsp; Se busca llegar a m\u00e1s de 100 mil familias en una primera fase\u00a0 Participar\u00e1n m\u00e1s de 300 productores de leche\u00a0 \u00a0 La gobernadora Tere Jim\u00e9nez encabez\u00f3 la firma del convenio para la producci\u00f3n de \u201cAlileche, para los futuros gigantes\u201d, con lo que se apoya a los lecheros para la venta [&hellip;]<\/p>\n","protected":false},"author":1,"featured_media":66150,"comment_status":"closed","ping_status":"open","sticky":false,"template":"","format":"standard","meta":{"advanced_seo_description":"","jetpack_seo_html_title":"","jetpack_seo_noindex":false,"_jetpack_memberships_contains_paid_content":false,"footnotes":"","jetpack_publicize_message":"","jetpack_publicize_feature_enabled":true,"jetpack_social_post_already_shared":true,"jetpack_social_options":{"image_generator_settings":{"template":"highway","default_image_id":0,"font":"","enabled":false},"version":2}},"categories":[21,4],"tags":[22,615,24,106,320],"class_list":["post-66149","post","type-post","status-publish","format-standard","has-post-thumbnail","hentry","category-aguascalientes","category-gobierno-del-estado-aguascalientes","tag-aguascalientes","tag-gobierno-del-estado-de-aguascalientes","tag-sedeso","tag-sedrae","tag-tere-jimenez"],"jetpack_publicize_connections":[],"jetpack_featured_media_url":"https:\/\/i0.wp.com\/informativoelvalledeaguascalientes.online\/wp-content\/uploads\/2025\/02\/45.jpeg?fit=1486%2C991&ssl=1","jetpack-related-posts":[],"jetpack_sharing_enabled":true,"jetpack_likes_enabled":true,"_links":{"self":[{"href":"https:\/\/informativoelvalledeaguascalientes.online\/index.php?rest_route=\/wp\/v2\/posts\/66149","targetHints":{"allow":["GET"]}}],"collection":[{"href":"https:\/\/informativoelvalledeaguascalientes.online\/index.php?rest_route=\/wp\/v2\/posts"}],"about":[{"href":"https:\/\/informativoelvalledeaguascalientes.online\/index.php?rest_route=\/wp\/v2\/types\/post"}],"author":[{"embeddable":true,"href":"https:\/\/informativoelvalledeaguascalientes.online\/index.php?rest_route=\/wp\/v2\/users\/1"}],"replies":[{"embeddable":true,"href":"https:\/\/informativoelvalledeaguascalientes.online\/index.php?rest_route=%2Fwp%2Fv2%2Fcomments&post=66149"}],"version-history":[{"count":1,"href":"https:\/\/informativoelvalledeaguascalientes.online\/index.php?rest_route=\/wp\/v2\/posts\/66149\/revisions"}],"predecessor-version":[{"id":66151,"href":"https:\/\/informativoelvalledeaguascalientes.online\/index.php?rest_route=\/wp\/v2\/posts\/66149\/revisions\/66151"}],"wp:featuredmedia":[{"embeddable":true,"href":"https:\/\/informativoelvalledeaguascalientes.online\/index.php?rest_route=\/wp\/v2\/media\/66150"}],"wp:attachment":[{"href":"https:\/\/informativoelvalledeaguascalientes.online\/index.php?rest_route=%2Fwp%2Fv2%2Fmedia&parent=66149"}],"wp:term":[{"taxonomy":"category","embeddable":true,"href":"https:\/\/informativoelvalledeaguascalientes.online\/index.php?rest_route=%2Fwp%2Fv2%2Fcategories&post=66149"},{"taxonomy":"post_tag","embeddable":true,"href":"https:\/\/informativoelvalledeaguascalientes.online\/index.php?rest_route=%2Fwp%2Fv2%2Ftags&post=66149"}],"curies":[{"name":"wp","href":"https:\/\/api.w.org\/{rel}","templated":true}]}}