{"id":66107,"date":"2025-02-25T21:37:34","date_gmt":"2025-02-26T03:37:34","guid":{"rendered":"https:\/\/informativoelvalledeaguascalientes.online\/?p=66107"},"modified":"2025-02-25T21:37:34","modified_gmt":"2025-02-26T03:37:34","slug":"pan-en-aguascalientes-respalda-la-designacion-de-manuel-alonso-como-fiscal-general","status":"publish","type":"post","link":"https:\/\/informativoelvalledeaguascalientes.online\/?p=66107","title":{"rendered":"PAN EN AGUASCALIENTES RESPALDA LA DESIGNACI\u00d3N DE MANUEL ALONSO COMO FISCAL GENERAL"},"content":{"rendered":"<p>#informativoelvalledeaguascalientes #novaradioaguascalientes #informativoelvalledeaguascalientesll<\/p>\n<ul>\n<li><strong><em>Javier Lu\u00e9vano N\u00fa\u00f1ez, presidente estatal del PAN, reconoce el liderazgo del nuevo fiscal en la implementaci\u00f3n de estrategias efectivas que han fortalecido la seguridad en la entidad.<\/em><\/strong><\/li>\n<li><strong><em>Aguascalientes es considerado un modelo de seguridad a nivel nacional gracias a funcionarios comprometidos y estrategias exitosas.<\/em><\/strong><\/li>\n<li><strong><em>El PAN seguir\u00e1 impulsando perfiles con experiencia y resultados para consolidar la estabilidad y el progreso en Aguascalientes.<\/em><\/strong><\/li>\n<\/ul>\n<p>El presidente del Comit\u00e9 Directivo Estatal del Partido Acci\u00f3n Nacional (PAN) en Aguascalientes, Javier Lu\u00e9vano N\u00fa\u00f1ez, manifest\u00f3 su absoluto respaldo a la designaci\u00f3n del Dr. Manuel Alonso Garc\u00eda como nuevo Fiscal General de Justicia del Estado, destacando la trayectoria, compromiso con la legalidad y capacidad para garantizar la seguridad y el Estado de Derecho en la entidad.<\/p>\n<p>\u201cLa decisi\u00f3n de la mayor\u00eda del Congreso del Estado al nombrar a Manuel Alonso Garc\u00eda como Fiscal General de Justicia reafirma el compromiso con una procuraci\u00f3n de justicia eficiente y con visi\u00f3n de futuro. Su liderazgo ha sido clave en el fortalecimiento de la seguridad y en la consolidaci\u00f3n de Aguascalientes como un referente nacional en paz y orden\u201d, expres\u00f3 Lu\u00e9vano N\u00fa\u00f1ez.<\/p>\n<p>El dirigente estatal del PAN resalt\u00f3 que durante la trayectoria de Alonso Garc\u00eda al frente de diversas dependencias de seguridad, y muy en particular en nuestro estado, se han implementado estrategias efectivas que han blindado a la entidad contra el crimen y la impunidad, colocando a Aguascalientes entre los estados con mejores \u00edndices de seguridad en el pa\u00eds.<\/p>\n<p>En este sentido, el l\u00edder blanquiazul se\u00f1al\u00f3 que en el proceso de designaci\u00f3n del Fiscal General de Justicia, una vez definida la\u00a0 terna de aspirantes, los integrantes de la respectiva comisi\u00f3n de diputados,\u00a0 dialogaron con cada uno de los perfiles propuestos, evaluando su idoneidad y experiencia para el cargo. tras lo cual hoy se tom\u00f3 la decisi\u00f3n de nombrar al Dr. Manuel Alonso Garc\u00eda, reconociendo su compromiso y capacidad para encabezar la procuraci\u00f3n de justicia en Aguascalientes.<\/p>\n<p>\u201cNo es casualidad que Aguascalientes sea hoy un modelo de seguridad a nivel nacional. Esto es resultado del trabajo incansable de funcionarios comprometidos como\u00a0 encabezados por la gobernadora Tere Jim\u00e9nez en primera l\u00ednea y el\u00a0 secretario, hoy fiscal Manuel Alonso Garc\u00eda, cuya capacidad y visi\u00f3n han hecho de nuestra entidad un lugar donde las familias pueden vivir en paz. Su llegada a la Fiscal\u00eda General de Justicia es un acierto en la consolidaci\u00f3n de una justicia transparente y expedita\u201d, afirm\u00f3.<\/p>\n<p>Javier Lu\u00e9vano tambi\u00e9n enfatiz\u00f3 que este nombramiento es una muestra del compromiso de las instituciones con el bienestar ciudadano y con la construcci\u00f3n de un estado donde impere la legalidad y el respeto a los derechos humanos. Adem\u00e1s, asegur\u00f3 que el PAN seguir\u00e1 siendo garante de la seguridad y el orden en la entidad, promoviendo perfiles con experiencia y resultados tangibles.<\/p>\n<p>\u201cPese a quienes se mostraron en contra, el respaldo a esta por parte de la mayor\u00eda en el congreso en la\u00a0 designaci\u00f3n no es solamente un voto de confianza, sino un reconocimiento a la trayectoria de un servidor p\u00fablico que ha demostrado su vocaci\u00f3n de servicio y su capacidad para enfrentar los retos m\u00e1s complejos en materia de seguridad y procuraci\u00f3n de justicia. No tenemos dudas de que Aguascalientes seguir\u00e1 avanzando con firmeza en este camino\u201d, concluy\u00f3.<\/p>\n<p>Finalmente, el presidente del PAN en Aguascalientes reiter\u00f3 el compromiso del partido con el fortalecimiento de las instituciones de justicia, asegurando que se continuar\u00e1 trabajando para garantizar que el estado siga siendo un ejemplo de gobernabilidad, estabilidad y progreso para todo el pa\u00eds.<\/p>\n","protected":false},"excerpt":{"rendered":"<p>#informativoelvalledeaguascalientes #novaradioaguascalientes #informativoelvalledeaguascalientesll Javier Lu\u00e9vano N\u00fa\u00f1ez, presidente estatal del PAN, reconoce el liderazgo del nuevo fiscal en la implementaci\u00f3n de estrategias efectivas que han fortalecido la seguridad en la entidad. Aguascalientes es considerado un modelo de seguridad a nivel nacional gracias a funcionarios comprometidos y estrategias exitosas. El PAN seguir\u00e1 impulsando perfiles con experiencia y [&hellip;]<\/p>\n","protected":false},"author":1,"featured_media":66108,"comment_status":"closed","ping_status":"open","sticky":false,"template":"","format":"standard","meta":{"advanced_seo_description":"","jetpack_seo_html_title":"","jetpack_seo_noindex":false,"_jetpack_memberships_contains_paid_content":false,"footnotes":"","jetpack_publicize_message":"","jetpack_publicize_feature_enabled":true,"jetpack_social_post_already_shared":true,"jetpack_social_options":{"image_generator_settings":{"template":"highway","default_image_id":0,"font":"","enabled":false},"version":2}},"categories":[21,7],"tags":[22,23],"class_list":["post-66107","post","type-post","status-publish","format-standard","has-post-thumbnail","hentry","category-aguascalientes","category-pan-aguascalientes","tag-aguascalientes","tag-pan-aguascalientes"],"jetpack_publicize_connections":[],"jetpack_featured_media_url":"https:\/\/i0.wp.com\/informativoelvalledeaguascalientes.online\/wp-content\/uploads\/2025\/02\/WhatsApp-Image-2025-02-25-at-1.56.45-PM.jpeg?fit=1600%2C1066&ssl=1","jetpack-related-posts":[],"jetpack_sharing_enabled":true,"jetpack_likes_enabled":true,"_links":{"self":[{"href":"https:\/\/informativoelvalledeaguascalientes.online\/index.php?rest_route=\/wp\/v2\/posts\/66107","targetHints":{"allow":["GET"]}}],"collection":[{"href":"https:\/\/informativoelvalledeaguascalientes.online\/index.php?rest_route=\/wp\/v2\/posts"}],"about":[{"href":"https:\/\/informativoelvalledeaguascalientes.online\/index.php?rest_route=\/wp\/v2\/types\/post"}],"author":[{"embeddable":true,"href":"https:\/\/informativoelvalledeaguascalientes.online\/index.php?rest_route=\/wp\/v2\/users\/1"}],"replies":[{"embeddable":true,"href":"https:\/\/informativoelvalledeaguascalientes.online\/index.php?rest_route=%2Fwp%2Fv2%2Fcomments&post=66107"}],"version-history":[{"count":1,"href":"https:\/\/informativoelvalledeaguascalientes.online\/index.php?rest_route=\/wp\/v2\/posts\/66107\/revisions"}],"predecessor-version":[{"id":66109,"href":"https:\/\/informativoelvalledeaguascalientes.online\/index.php?rest_route=\/wp\/v2\/posts\/66107\/revisions\/66109"}],"wp:featuredmedia":[{"embeddable":true,"href":"https:\/\/informativoelvalledeaguascalientes.online\/index.php?rest_route=\/wp\/v2\/media\/66108"}],"wp:attachment":[{"href":"https:\/\/informativoelvalledeaguascalientes.online\/index.php?rest_route=%2Fwp%2Fv2%2Fmedia&parent=66107"}],"wp:term":[{"taxonomy":"category","embeddable":true,"href":"https:\/\/informativoelvalledeaguascalientes.online\/index.php?rest_route=%2Fwp%2Fv2%2Fcategories&post=66107"},{"taxonomy":"post_tag","embeddable":true,"href":"https:\/\/informativoelvalledeaguascalientes.online\/index.php?rest_route=%2Fwp%2Fv2%2Ftags&post=66107"}],"curies":[{"name":"wp","href":"https:\/\/api.w.org\/{rel}","templated":true}]}}