{"id":66077,"date":"2025-02-25T01:26:23","date_gmt":"2025-02-25T07:26:23","guid":{"rendered":"https:\/\/informativoelvalledeaguascalientes.online\/?p=66077"},"modified":"2025-02-25T01:26:40","modified_gmt":"2025-02-25T07:26:40","slug":"la-uaa-conmemora-el-dia-de-la-bandera-con-un-llamado-a-la-unidad-y-el-compromiso-social","status":"publish","type":"post","link":"https:\/\/informativoelvalledeaguascalientes.online\/?p=66077","title":{"rendered":"*La UAA conmemora el D\u00eda de la Bandera con un llamado a la unidad y el compromiso social*"},"content":{"rendered":"<p>#informativoelvalledeaguascalientes #informativoelvalledeaguascalientesll #Aguascalientes #novaradioaguascalientes<\/p>\n<p>&nbsp;<\/p>\n<p>\u25cf La rectora de la UAA destac\u00f3 la importancia de recordar nuestra historia colectiva para fortalecer la identidad y la unidad.<br \/>\n\u25cf Honrar la bandera no solo implica el homenaje sino el trabajo con pasi\u00f3n y honestidad para el desarrollo social.<\/p>\n<p>&nbsp;<\/p>\n<p>El 24 de febrero se celebra oficialmente el D\u00eda de la Bandera, una fecha designada a conmemorar este s\u00edmbolo patrio, con el objetivo de sensibilizar y promover el conocimiento y respeto a nuestros emblemas nacionales, espec\u00edficamente a nuestra bandera, ya que en ella se resume nuestra historia de independencia, libertad, soberan\u00eda, democracia y unidad.<\/p>\n<p>En el marco de esta celebraci\u00f3n, la Universidad Aut\u00f3noma de Aguascalientes, realiz\u00f3 los honores al l\u00e1baro patrio correspondientes al mes de febrero, en una ceremonia presidida por la Dra. Sandra Yesenia Pinz\u00f3n Castro, rectora de la Instituci\u00f3n.<\/p>\n<p>Durante su discurso, la rectora destac\u00f3 la importancia de los s\u00edmbolos nacionales como elementos de cohesi\u00f3n social. Se\u00f1al\u00f3 que sin este sentido de identidad y pertenencia, el pa\u00eds perder\u00eda su historia y cultura.<\/p>\n<p>La Dra. Pinz\u00f3n, exhort\u00f3 a los asistentes a hacer memoria de nuestra historia colectiva. \u201cInvitar a todos los presentes a que aprovechemos efem\u00e9rides como la de hoy para hacer un breve repaso a nuestra historia colectiva, a fin de recordar por qu\u00e9 somos la gran naci\u00f3n que somos, y por qu\u00e9 vale la pena levantar la voz, pidiendo a nuestros pol\u00edticos y servidores p\u00fablicos que, lejos de operar con fines personales o partidistas, trabajen desde el respeto a la historia, la autonom\u00eda de poderes, la democracia, la justicia, la paz y la unidad de toda la naci\u00f3n\u201d coment\u00f3.<\/p>\n<p>Finaliz\u00f3 su mensaje invitando a honrar la bandera no solo con palabras, sino con acciones diarias, recordando que el verdadero homenaje radica en trabajar con pasi\u00f3n y honestidad a favor de la educaci\u00f3n, el desarrollo social y la dignificaci\u00f3n de todas las personas de nuestra naci\u00f3n.<\/p>\n<p>A la ceremonia acudieron distintas autoridades e invitados; el Dr. Jos\u00e9 Manuel L\u00f3pez Libreros, Secretario General; la Ing. Lilia Bertha Trespalacios Sosa, presidenta de la H. Junta de Gobierno; el General de Brigada Diplomado Estado Mayor, Juan Roberto S\u00e1nchez Fragoso; la Maestra Mar\u00eda Guadalupe Amezquita Moreno, integrantes de la comisi\u00f3n ejecutiva universitaria, representantes de ACIUAA, alumnos del sexto semestre de la Preparatoria Benito Ju\u00e1rez, estudiantes del primer semestre de la Lic. en Dise\u00f1o Gr\u00e1fico del Centro de Ciencias del Dise\u00f1o y de la Construcci\u00f3n, al banda de Guerra de BACHUAA; personal docente y administrativo de la instituci\u00f3n.<\/p>\n<p>&nbsp;<\/p>\n<p>&#8212;000&#8212;<br \/>\nCiudad Universitaria<br \/>\n24 de febrero del 2025<\/p>\n","protected":false},"excerpt":{"rendered":"<p>#informativoelvalledeaguascalientes #informativoelvalledeaguascalientesll #Aguascalientes #novaradioaguascalientes &nbsp; \u25cf La rectora de la UAA destac\u00f3 la importancia de recordar nuestra historia colectiva para fortalecer la identidad y la unidad. \u25cf Honrar la bandera no solo implica el homenaje sino el trabajo con pasi\u00f3n y honestidad para el desarrollo social. &nbsp; El 24 de febrero se celebra oficialmente el [&hellip;]<\/p>\n","protected":false},"author":1,"featured_media":66078,"comment_status":"closed","ping_status":"open","sticky":false,"template":"","format":"standard","meta":{"advanced_seo_description":"","jetpack_seo_html_title":"","jetpack_seo_noindex":false,"_jetpack_memberships_contains_paid_content":false,"footnotes":"","jetpack_publicize_message":"","jetpack_publicize_feature_enabled":true,"jetpack_social_post_already_shared":true,"jetpack_social_options":{"image_generator_settings":{"template":"highway","default_image_id":0,"font":"","enabled":false},"version":2}},"categories":[21,629],"tags":[22,142],"class_list":["post-66077","post","type-post","status-publish","format-standard","has-post-thumbnail","hentry","category-aguascalientes","category-universidad-autonoma-de-aguascalientes","tag-aguascalientes","tag-uaa"],"jetpack_publicize_connections":[],"jetpack_featured_media_url":"https:\/\/i0.wp.com\/informativoelvalledeaguascalientes.online\/wp-content\/uploads\/2025\/02\/IMG-20250224-WA0059.jpg?fit=1600%2C1066&ssl=1","jetpack-related-posts":[],"jetpack_sharing_enabled":true,"jetpack_likes_enabled":true,"_links":{"self":[{"href":"https:\/\/informativoelvalledeaguascalientes.online\/index.php?rest_route=\/wp\/v2\/posts\/66077","targetHints":{"allow":["GET"]}}],"collection":[{"href":"https:\/\/informativoelvalledeaguascalientes.online\/index.php?rest_route=\/wp\/v2\/posts"}],"about":[{"href":"https:\/\/informativoelvalledeaguascalientes.online\/index.php?rest_route=\/wp\/v2\/types\/post"}],"author":[{"embeddable":true,"href":"https:\/\/informativoelvalledeaguascalientes.online\/index.php?rest_route=\/wp\/v2\/users\/1"}],"replies":[{"embeddable":true,"href":"https:\/\/informativoelvalledeaguascalientes.online\/index.php?rest_route=%2Fwp%2Fv2%2Fcomments&post=66077"}],"version-history":[{"count":2,"href":"https:\/\/informativoelvalledeaguascalientes.online\/index.php?rest_route=\/wp\/v2\/posts\/66077\/revisions"}],"predecessor-version":[{"id":66080,"href":"https:\/\/informativoelvalledeaguascalientes.online\/index.php?rest_route=\/wp\/v2\/posts\/66077\/revisions\/66080"}],"wp:featuredmedia":[{"embeddable":true,"href":"https:\/\/informativoelvalledeaguascalientes.online\/index.php?rest_route=\/wp\/v2\/media\/66078"}],"wp:attachment":[{"href":"https:\/\/informativoelvalledeaguascalientes.online\/index.php?rest_route=%2Fwp%2Fv2%2Fmedia&parent=66077"}],"wp:term":[{"taxonomy":"category","embeddable":true,"href":"https:\/\/informativoelvalledeaguascalientes.online\/index.php?rest_route=%2Fwp%2Fv2%2Fcategories&post=66077"},{"taxonomy":"post_tag","embeddable":true,"href":"https:\/\/informativoelvalledeaguascalientes.online\/index.php?rest_route=%2Fwp%2Fv2%2Ftags&post=66077"}],"curies":[{"name":"wp","href":"https:\/\/api.w.org\/{rel}","templated":true}]}}