{"id":66068,"date":"2025-02-25T01:12:19","date_gmt":"2025-02-25T07:12:19","guid":{"rendered":"https:\/\/informativoelvalledeaguascalientes.online\/?p=66068"},"modified":"2025-02-25T01:12:19","modified_gmt":"2025-02-25T07:12:19","slug":"conmemoran-el-dia-de-la-bandera-con-abanderamiento-de-delegaciones-en-jesus-maria","status":"publish","type":"post","link":"https:\/\/informativoelvalledeaguascalientes.online\/?p=66068","title":{"rendered":"CONMEMORAN EL D\u00cdA DE LA BANDERA CON ABANDERAMIENTO DE DELEGACIONES EN JES\u00daS MAR\u00cdA"},"content":{"rendered":"<p>#informativoelvalledeaguascalientes #informativoelvalledeaguascalientesll #Aguascalientes #novaradioaguascalientes<\/p>\n<p>&nbsp;<\/p>\n<p>&nbsp;<\/p>\n<p>En el marco del D\u00eda de la Bandera, el presidente municipal de Jes\u00fas Mar\u00eda, C\u00e9sar Medina encabez\u00f3 como cada lunes la ceremonia de honores a la bandera; en esta ocasi\u00f3n, se llev\u00f3 a cabo el abanderamiento de las delegaciones, reafirmando el compromiso c\u00edvico de la comunidad.<\/p>\n<p>En la ceremonia, el alcalde destac\u00f3 la importancia de este s\u00edmbolo nacional como representaci\u00f3n de la unidad, la historia y los valores que unen a los mexicanos. \u201cLa bandera es m\u00e1s que un emblema; es un recordatorio de nuestro deber como ciudadanos para construir un pa\u00eds m\u00e1s justo y solidario\u201d, expres\u00f3.<\/p>\n<p>Posteriormente, como parte del programa &#8220;Presidente Presente&#8221;, Medina Cervantes acudi\u00f3 a la Escuela Secundaria T\u00e9cnica J. Guadalupe L\u00f3pez, ubicada en Venadero, donde particip\u00f3 en la ceremonia para rendir honores al l\u00e1baro patrio, junto a estudiantes y docentes.<\/p>\n","protected":false},"excerpt":{"rendered":"<p>#informativoelvalledeaguascalientes #informativoelvalledeaguascalientesll #Aguascalientes #novaradioaguascalientes &nbsp; &nbsp; En el marco del D\u00eda de la Bandera, el presidente municipal de Jes\u00fas Mar\u00eda, C\u00e9sar Medina encabez\u00f3 como cada lunes la ceremonia de honores a la bandera; en esta ocasi\u00f3n, se llev\u00f3 a cabo el abanderamiento de las delegaciones, reafirmando el compromiso c\u00edvico de la comunidad. En la ceremonia, [&hellip;]<\/p>\n","protected":false},"author":1,"featured_media":66069,"comment_status":"closed","ping_status":"open","sticky":false,"template":"","format":"standard","meta":{"advanced_seo_description":"","jetpack_seo_html_title":"","jetpack_seo_noindex":false,"_jetpack_memberships_contains_paid_content":false,"footnotes":"","jetpack_publicize_message":"","jetpack_publicize_feature_enabled":true,"jetpack_social_post_already_shared":true,"jetpack_social_options":{"image_generator_settings":{"template":"highway","default_image_id":0,"font":"","enabled":false},"version":2}},"categories":[21,14],"tags":[22,45],"class_list":["post-66068","post","type-post","status-publish","format-standard","has-post-thumbnail","hentry","category-aguascalientes","category-jesus-maria-aguascalientes","tag-aguascalientes","tag-jesus-maria-aguascalientes"],"jetpack_publicize_connections":[],"jetpack_featured_media_url":"https:\/\/i0.wp.com\/informativoelvalledeaguascalientes.online\/wp-content\/uploads\/2025\/02\/IMG-20250224-WA0125.jpg?fit=1200%2C800&ssl=1","jetpack-related-posts":[],"jetpack_sharing_enabled":true,"jetpack_likes_enabled":true,"_links":{"self":[{"href":"https:\/\/informativoelvalledeaguascalientes.online\/index.php?rest_route=\/wp\/v2\/posts\/66068","targetHints":{"allow":["GET"]}}],"collection":[{"href":"https:\/\/informativoelvalledeaguascalientes.online\/index.php?rest_route=\/wp\/v2\/posts"}],"about":[{"href":"https:\/\/informativoelvalledeaguascalientes.online\/index.php?rest_route=\/wp\/v2\/types\/post"}],"author":[{"embeddable":true,"href":"https:\/\/informativoelvalledeaguascalientes.online\/index.php?rest_route=\/wp\/v2\/users\/1"}],"replies":[{"embeddable":true,"href":"https:\/\/informativoelvalledeaguascalientes.online\/index.php?rest_route=%2Fwp%2Fv2%2Fcomments&post=66068"}],"version-history":[{"count":1,"href":"https:\/\/informativoelvalledeaguascalientes.online\/index.php?rest_route=\/wp\/v2\/posts\/66068\/revisions"}],"predecessor-version":[{"id":66070,"href":"https:\/\/informativoelvalledeaguascalientes.online\/index.php?rest_route=\/wp\/v2\/posts\/66068\/revisions\/66070"}],"wp:featuredmedia":[{"embeddable":true,"href":"https:\/\/informativoelvalledeaguascalientes.online\/index.php?rest_route=\/wp\/v2\/media\/66069"}],"wp:attachment":[{"href":"https:\/\/informativoelvalledeaguascalientes.online\/index.php?rest_route=%2Fwp%2Fv2%2Fmedia&parent=66068"}],"wp:term":[{"taxonomy":"category","embeddable":true,"href":"https:\/\/informativoelvalledeaguascalientes.online\/index.php?rest_route=%2Fwp%2Fv2%2Fcategories&post=66068"},{"taxonomy":"post_tag","embeddable":true,"href":"https:\/\/informativoelvalledeaguascalientes.online\/index.php?rest_route=%2Fwp%2Fv2%2Ftags&post=66068"}],"curies":[{"name":"wp","href":"https:\/\/api.w.org\/{rel}","templated":true}]}}