{"id":66065,"date":"2025-02-25T01:09:37","date_gmt":"2025-02-25T07:09:37","guid":{"rendered":"https:\/\/informativoelvalledeaguascalientes.online\/?p=66065"},"modified":"2025-02-25T01:09:37","modified_gmt":"2025-02-25T07:09:37","slug":"habra-programa-sabatino-para-la-expedicion-de-licencias-de-conducir-en-jesus-maria","status":"publish","type":"post","link":"https:\/\/informativoelvalledeaguascalientes.online\/?p=66065","title":{"rendered":"HABR\u00c1 PROGRAMA SABATINO PARA LA EXPEDICI\u00d3N DE LICENCIAS DE CONDUCIR EN JES\u00daS MAR\u00cdA"},"content":{"rendered":"<p>#informativoelvalledeaguascalientes #informativoelvalledeaguascalientesll #Aguascalientes #novaradioaguascalientes<\/p>\n<p>&nbsp;<\/p>\n<p>El Gobierno Municipal de Jes\u00fas Mar\u00eda a trav\u00e9s de la Secretar\u00eda de Seguridad P\u00fablica y Vialidad Municipal y en coordinaci\u00f3n con la Secretar\u00eda de Seguridad P\u00fablica del Estado de Aguascalientes, informa que el pr\u00f3ximo 01 de marzo se llevar\u00e1 a cabo el programa sabatino para la expedici\u00f3n de licencias de conducir en Jes\u00fas Mar\u00eda.<\/p>\n<p>En esta jornada especial, los interesados podr\u00e1n tomar el curso de educaci\u00f3n vial para adquirir su licencia de manejo por primera vez, as\u00ed como realizar la renovaci\u00f3n por vencimiento.<\/p>\n<p>Crisp\u00edn Jes\u00fas Orozco, titular de la Secretar\u00eda de Seguridad P\u00fablica y Vialidad de Jes\u00fas Mar\u00eda, explic\u00f3 que las personas interesadas en acudir al curso deber\u00e1n presentarse el s\u00e1bado 01 de marzo, a las 8:30 de la ma\u00f1ana, en el auditorio de la Comandancia de Polic\u00eda, localizado en la intersecci\u00f3n de las calles Hern\u00e1ndez y Saucedo, en la colonia Vista Hermosa.<\/p>\n<p>El secretario subray\u00f3 que el cupo es limitado, por lo que exhort\u00f3 a los ciudadanos a llegar puntualmente para asegurar su participaci\u00f3n y completar el tr\u00e1mite correspondiente, asimismo indic\u00f3 que las personas que vayan a renovar su documento, deben presentar la licencia vencida, adem\u00e1s de una identificaci\u00f3n oficial, CURP, y comprobante de domicilio.<\/p>\n","protected":false},"excerpt":{"rendered":"<p>#informativoelvalledeaguascalientes #informativoelvalledeaguascalientesll #Aguascalientes #novaradioaguascalientes &nbsp; El Gobierno Municipal de Jes\u00fas Mar\u00eda a trav\u00e9s de la Secretar\u00eda de Seguridad P\u00fablica y Vialidad Municipal y en coordinaci\u00f3n con la Secretar\u00eda de Seguridad P\u00fablica del Estado de Aguascalientes, informa que el pr\u00f3ximo 01 de marzo se llevar\u00e1 a cabo el programa sabatino para la expedici\u00f3n de licencias de [&hellip;]<\/p>\n","protected":false},"author":1,"featured_media":66066,"comment_status":"closed","ping_status":"open","sticky":false,"template":"","format":"standard","meta":{"advanced_seo_description":"","jetpack_seo_html_title":"","jetpack_seo_noindex":false,"_jetpack_memberships_contains_paid_content":false,"footnotes":"","jetpack_publicize_message":"","jetpack_publicize_feature_enabled":true,"jetpack_social_post_already_shared":true,"jetpack_social_options":{"image_generator_settings":{"template":"highway","default_image_id":0,"font":"","enabled":false},"version":2}},"categories":[21,14],"tags":[22,45],"class_list":["post-66065","post","type-post","status-publish","format-standard","has-post-thumbnail","hentry","category-aguascalientes","category-jesus-maria-aguascalientes","tag-aguascalientes","tag-jesus-maria-aguascalientes"],"jetpack_publicize_connections":[],"jetpack_featured_media_url":"https:\/\/i0.wp.com\/informativoelvalledeaguascalientes.online\/wp-content\/uploads\/2025\/02\/IMG-20250224-WA0039.jpg?fit=936%2C1368&ssl=1","jetpack-related-posts":[],"jetpack_sharing_enabled":true,"jetpack_likes_enabled":true,"_links":{"self":[{"href":"https:\/\/informativoelvalledeaguascalientes.online\/index.php?rest_route=\/wp\/v2\/posts\/66065","targetHints":{"allow":["GET"]}}],"collection":[{"href":"https:\/\/informativoelvalledeaguascalientes.online\/index.php?rest_route=\/wp\/v2\/posts"}],"about":[{"href":"https:\/\/informativoelvalledeaguascalientes.online\/index.php?rest_route=\/wp\/v2\/types\/post"}],"author":[{"embeddable":true,"href":"https:\/\/informativoelvalledeaguascalientes.online\/index.php?rest_route=\/wp\/v2\/users\/1"}],"replies":[{"embeddable":true,"href":"https:\/\/informativoelvalledeaguascalientes.online\/index.php?rest_route=%2Fwp%2Fv2%2Fcomments&post=66065"}],"version-history":[{"count":1,"href":"https:\/\/informativoelvalledeaguascalientes.online\/index.php?rest_route=\/wp\/v2\/posts\/66065\/revisions"}],"predecessor-version":[{"id":66067,"href":"https:\/\/informativoelvalledeaguascalientes.online\/index.php?rest_route=\/wp\/v2\/posts\/66065\/revisions\/66067"}],"wp:featuredmedia":[{"embeddable":true,"href":"https:\/\/informativoelvalledeaguascalientes.online\/index.php?rest_route=\/wp\/v2\/media\/66066"}],"wp:attachment":[{"href":"https:\/\/informativoelvalledeaguascalientes.online\/index.php?rest_route=%2Fwp%2Fv2%2Fmedia&parent=66065"}],"wp:term":[{"taxonomy":"category","embeddable":true,"href":"https:\/\/informativoelvalledeaguascalientes.online\/index.php?rest_route=%2Fwp%2Fv2%2Fcategories&post=66065"},{"taxonomy":"post_tag","embeddable":true,"href":"https:\/\/informativoelvalledeaguascalientes.online\/index.php?rest_route=%2Fwp%2Fv2%2Ftags&post=66065"}],"curies":[{"name":"wp","href":"https:\/\/api.w.org\/{rel}","templated":true}]}}