{"id":66062,"date":"2025-02-25T01:06:36","date_gmt":"2025-02-25T07:06:36","guid":{"rendered":"https:\/\/informativoelvalledeaguascalientes.online\/?p=66062"},"modified":"2025-02-25T01:06:36","modified_gmt":"2025-02-25T07:06:36","slug":"ciclista-hidrocalido-destaca-en-la-tropical-challenge-en-puerto-rico","status":"publish","type":"post","link":"https:\/\/informativoelvalledeaguascalientes.online\/?p=66062","title":{"rendered":"CICLISTA HIDROC\u00c1LIDO DESTACA EN LA TROPICAL CHALLENGE, EN PUERTO RICO"},"content":{"rendered":"<p>#informativoelvalledeaguascalientes #informativoelvalledeaguascalientesll #Aguascalientes #novaradioaguascalientes<\/p>\n<p>&nbsp;<\/p>\n<p>&nbsp;<\/p>\n<p>El ciclista hidroc\u00e1lido Esteban Herrera Ochoa finaliz\u00f3 en la octava posici\u00f3n dentro de la categor\u00eda \u00c9lite, en la competencia Hors Class (HC) Tropical Challenge, celebrada en Salinas, Puerto Rico. Con este resultado, el pedalista de Aguascalientes contin\u00faa consolid\u00e1ndose como uno de los mejores ciclistas de monta\u00f1a del pa\u00eds.<\/p>\n<p>&nbsp;<\/p>\n<p>Esteban Herrera ha representado a Aguascalientes con m\u00faltiples medallas en la Olimpiada Nacional y los Juegos Nacionales Conade, adem\u00e1s de ser seleccionado nacional en varias ocasiones. En 2019, se coron\u00f3 campe\u00f3n panamericano de relevos, mientras que en 2021 obtuvo el subcampeonato en cross-country ol\u00edmpico, lo que le otorg\u00f3 el pase a los Juegos Panamericanos Junior en Cali, Colombia.<\/p>\n<p>&nbsp;<\/p>\n<p>Este desempe\u00f1o en la categor\u00eda \u00c9lite reafirma su crecimiento y proyecci\u00f3n internacional dentro del ciclismo de monta\u00f1a. Cabe recordar que, el 19 de febrero pasado, ya hab\u00eda logrado un d\u00e9cimo lugar en la competencia American Series, celebrada en las mismas instalaciones del Tropical Challenge en Salinas, Puerto Rico.<\/p>\n<p>&nbsp;<\/p>\n<p>El Gobierno del Estado de Aguascalientes, a trav\u00e9s del Instituto del Deporte del Estado de Aguascalientes (IDEA), felicita a Esteban Herrera Ochoa por este gran logro, reconociendo su esfuerzo y dedicaci\u00f3n para representar a M\u00e9xico y Aguascalientes en competencias de alto nivel.<\/p>\n","protected":false},"excerpt":{"rendered":"<p>#informativoelvalledeaguascalientes #informativoelvalledeaguascalientesll #Aguascalientes #novaradioaguascalientes &nbsp; &nbsp; El ciclista hidroc\u00e1lido Esteban Herrera Ochoa finaliz\u00f3 en la octava posici\u00f3n dentro de la categor\u00eda \u00c9lite, en la competencia Hors Class (HC) Tropical Challenge, celebrada en Salinas, Puerto Rico. Con este resultado, el pedalista de Aguascalientes contin\u00faa consolid\u00e1ndose como uno de los mejores ciclistas de monta\u00f1a del pa\u00eds. &nbsp; [&hellip;]<\/p>\n","protected":false},"author":1,"featured_media":66063,"comment_status":"closed","ping_status":"open","sticky":false,"template":"","format":"standard","meta":{"advanced_seo_description":"","jetpack_seo_html_title":"","jetpack_seo_noindex":false,"_jetpack_memberships_contains_paid_content":false,"footnotes":"","jetpack_publicize_message":"","jetpack_publicize_feature_enabled":true,"jetpack_social_post_already_shared":true,"jetpack_social_options":{"image_generator_settings":{"template":"highway","default_image_id":0,"font":"","enabled":false},"version":2}},"categories":[21,4],"tags":[22,615,113],"class_list":["post-66062","post","type-post","status-publish","format-standard","has-post-thumbnail","hentry","category-aguascalientes","category-gobierno-del-estado-aguascalientes","tag-aguascalientes","tag-gobierno-del-estado-de-aguascalientes","tag-idea"],"jetpack_publicize_connections":[],"jetpack_featured_media_url":"https:\/\/i0.wp.com\/informativoelvalledeaguascalientes.online\/wp-content\/uploads\/2025\/02\/IMG-20250224-WA0132.jpg?fit=706%2C1280&ssl=1","jetpack-related-posts":[],"jetpack_sharing_enabled":true,"jetpack_likes_enabled":true,"_links":{"self":[{"href":"https:\/\/informativoelvalledeaguascalientes.online\/index.php?rest_route=\/wp\/v2\/posts\/66062","targetHints":{"allow":["GET"]}}],"collection":[{"href":"https:\/\/informativoelvalledeaguascalientes.online\/index.php?rest_route=\/wp\/v2\/posts"}],"about":[{"href":"https:\/\/informativoelvalledeaguascalientes.online\/index.php?rest_route=\/wp\/v2\/types\/post"}],"author":[{"embeddable":true,"href":"https:\/\/informativoelvalledeaguascalientes.online\/index.php?rest_route=\/wp\/v2\/users\/1"}],"replies":[{"embeddable":true,"href":"https:\/\/informativoelvalledeaguascalientes.online\/index.php?rest_route=%2Fwp%2Fv2%2Fcomments&post=66062"}],"version-history":[{"count":1,"href":"https:\/\/informativoelvalledeaguascalientes.online\/index.php?rest_route=\/wp\/v2\/posts\/66062\/revisions"}],"predecessor-version":[{"id":66064,"href":"https:\/\/informativoelvalledeaguascalientes.online\/index.php?rest_route=\/wp\/v2\/posts\/66062\/revisions\/66064"}],"wp:featuredmedia":[{"embeddable":true,"href":"https:\/\/informativoelvalledeaguascalientes.online\/index.php?rest_route=\/wp\/v2\/media\/66063"}],"wp:attachment":[{"href":"https:\/\/informativoelvalledeaguascalientes.online\/index.php?rest_route=%2Fwp%2Fv2%2Fmedia&parent=66062"}],"wp:term":[{"taxonomy":"category","embeddable":true,"href":"https:\/\/informativoelvalledeaguascalientes.online\/index.php?rest_route=%2Fwp%2Fv2%2Fcategories&post=66062"},{"taxonomy":"post_tag","embeddable":true,"href":"https:\/\/informativoelvalledeaguascalientes.online\/index.php?rest_route=%2Fwp%2Fv2%2Ftags&post=66062"}],"curies":[{"name":"wp","href":"https:\/\/api.w.org\/{rel}","templated":true}]}}