{"id":66059,"date":"2025-02-25T01:02:26","date_gmt":"2025-02-25T07:02:26","guid":{"rendered":"https:\/\/informativoelvalledeaguascalientes.online\/?p=66059"},"modified":"2025-02-25T01:02:26","modified_gmt":"2025-02-25T07:02:26","slug":"presenta-tere-jimenez-el-cartel-del-serial-taurino-mas-importante-de-america-contara-con-figuras-nacionales-e-internacionales-del-toreo","status":"publish","type":"post","link":"https:\/\/informativoelvalledeaguascalientes.online\/?p=66059","title":{"rendered":"PRESENTA TERE JIM\u00c9NEZ EL CARTEL DEL SERIAL TAURINO M\u00c1S IMPORTANTE DE AM\u00c9RICA; CONTAR\u00c1 CON FIGURAS NACIONALES E INTERNACIONALES DEL TOREO"},"content":{"rendered":"<p>#informativoelvalledeaguascalientes #informativoelvalledeaguascalientesll #Aguascalientes #novaradioaguascalientes<\/p>\n<p>&nbsp;<\/p>\n<p>&nbsp;<\/p>\n<p>\u2022El cartel se compone de 11 corridas y una novillada<br \/>\n\u2022Contar\u00e1 con figuras como Andr\u00e9s Roca Rey, Alejandro Talavante, Joselito Adame, Juan Pablo S\u00e1nchez, Leo Valadez, Luis David Adame, entre otros<\/p>\n<p>&nbsp;<\/p>\n<p>Desde la imponente Plaza de Toros Monumental de Aguascalientes, la gobernadora Tere Jim\u00e9nez encabez\u00f3 la esperada presentaci\u00f3n del serial taurino m\u00e1s importante de Am\u00e9rica, que se llevar\u00e1 a cabo en el marco de la Feria Nacional de San Marcos (FNSM) 2025, del 19 de abril al 11 de mayo, evento que vestir\u00e1 de luces al estado y que promete ser una de las experiencias m\u00e1s espectaculares del mundo taurino.<\/p>\n<p>Durante su mensaje, Tere Jim\u00e9nez detall\u00f3 que el cartel se compone de 11 corridas y una novillada y que incluye a figuras nacionales e internacionales del toreo, con lo que la FNSM vuelve a consolidarse como la cuna de la cultura taurina, atrayendo a miles de aficionados de todo el mundo.<\/p>\n<p>&#8220;Aguascalientes est\u00e1 ligada a la tauromaquia desde hace siglos, para nuestro estado la fiesta de toros es un asunto de inter\u00e9s general, sin toros no se entiende la feria. La fiesta brava forma parte de nuestro car\u00e1cter e identidad, hoy se confirma una vez m\u00e1s que este evento es el m\u00e1s importante en Am\u00e9rica Latina y el segundo a nivel mundial; esto ser\u00e1 muy especial, porque adem\u00e1s festejamos el 50 aniversario de la Plaza, 50 a\u00f1os de gloria, sacrificio y muchos triunfos conquistados; que viva la fiesta de los toros, que viva la Feria Nacional de San Marcos y que viva Aguascalientes\u201d, mencion\u00f3 Tere Jim\u00e9nez durante la presentaci\u00f3n.<\/p>\n<p>La gobernadora asegur\u00f3 que este evento, adem\u00e1s de ser un referente cultural, ser\u00e1 una fuente de gran derrama econ\u00f3mica para el estado, generando empleos y consolidando a Aguascalientes como un destino tur\u00edstico de primer nivel.<\/p>\n<p>El serial taurino contar\u00e1 con una programaci\u00f3n de lujo, donde destacar\u00e1n los m\u00e1s grandes nombres del toreo, quienes har\u00e1n vibrar la Monumental Plaza de Toros con su arte y destreza.<\/p>\n<p>&nbsp;<\/p>\n<p>Fabi\u00e1n Barba, director operativo de la Plaza de Toros Monumental de Aguascalientes, destac\u00f3 el apoyo del Gobierno del Estado para impulsar la fiesta brava.<\/p>\n<p>&nbsp;<\/p>\n<p>\u201cEn esta Plaza, se han escrito innumerables historias que son el sustento de la fiesta brava en el mundo taurino; torear y triunfar aqu\u00ed les da a los triunfadores un gran nivel. Hoy, en los carteles que anunciamos se refleja la uni\u00f3n; esta fiesta ser\u00e1 ejemplo de fortaleza y seguir\u00e1 siendo la columna vertebral de la Feria Nacional de San Marcos\u201d, declar\u00f3.<\/p>\n<p>&nbsp;<\/p>\n<p>Jos\u00e9 \u00c1ngel Gonz\u00e1lez Serna, presidente del Patronato de la FNSM, destac\u00f3 que la entidad es una gran cantera que ha dado matadores de renombre internacional.<\/p>\n<p>\u201cAqu\u00ed se vive la fiesta brava, y las corridas de toros complementan la tradici\u00f3n del estado; en el marco del 50 aniversario de la Plaza de Toros Monumental, podemos ver todas las dinast\u00edas de toreros que han forjado la historia de Aguascalientes y que nos han posicionado como un estado taurino\u201d, subray\u00f3 el presidente del Patronato de la FNSM.<br \/>\nRafael S\u00e1nchez de Icaza, autor de la obra que ilustra el cartel de toros de la FNSM 2025, dijo sentirse muy orgulloso por haber realizado la pintura que viste estos festejos y destac\u00f3 que plasm\u00f3 los atardeceres de Aguascalientes, la Plaza de Toros Monumental y un encierro de seis toros, adem\u00e1s de que festeja 50 a\u00f1os de pintor en el 50 aniversario de la Plaza de Toros Monumental.<br \/>\nEn el evento de presentaci\u00f3n, tambi\u00e9n estuvieron Leonardo Monta\u00f1ez Castro, presidente municipal de Aguascalientes; toreros y ganaderos, entre otros invitados.<\/p>\n<p>Los 12 festejos que integran el serial taurino 2025 de la FNSM son:<br \/>\nS\u00e1bado 19 de abril, Novillada de Triunfadores, con la ganader\u00eda de Santa Cruz.<br \/>\nDomingo 20 de abril, Corrida de la Beneficencia, Diego S\u00e1nchez, Luis David Adame y H\u00e9ctor Guti\u00e9rrez, con toros de Corlom\u00e9.<br \/>\nViernes 25 de abril, Joselito Adame, mano a mano con Andr\u00e9s Roca Rey, con toros de Tequisquiapan y Villa Carmela.<br \/>\nS\u00e1bado 26 de abril, Juan Pablo S\u00e1nchez, Juan Ortega y Luis David Adame, de la ganader\u00eda De la Mora.<br \/>\nDomingo 27 de abril, Alejandro Talavante, Diego Silveti y Arturo Gilio, con toros de San Miguel de Mimiahuapan.<br \/>\nJueves 1.\u00b0 de mayo, Emilio de Justo, Joselito Adame y H\u00e9ctor Guti\u00e9rrez, ganader\u00eda Boquilla del Carmen.<br \/>\nViernes 2 de mayo, Gin\u00e9s Mar\u00edn, Isaac Fonseca y Alejandro Adame, con toros de La Punta.<br \/>\nS\u00e1bado 3 de mayo, Corrida de la prensa, Antonio Ferrera, Leo Valadez y Jos\u00e9 Mar\u00eda Pastor, ganader\u00eda Santa In\u00e9s.<br \/>\nDomingo 4 de mayo, Sebasti\u00e1n Castella, Octavio Garc\u00eda \u201cel Payo&#8221; y Diego S\u00e1nchez, con toros de Jos\u00e9 Barba.<br \/>\nViernes 9 de mayo, en su despedida Fernando Roble\u00f1o, Arturo Sald\u00edvar y Ferm\u00edn Espinoza Armillita IV, ganader\u00eda San Isidro.<br \/>\nS\u00e1bado 10 de mayo, Borja Jim\u00e9nez mano a mano con Diego San Rom\u00e1n, con una corrida de Xajay.<br \/>\nDomingo 11 de mayo, Jorge Hern\u00e1ndez G\u00e1rate, Guillermo Hermoso de Mendoza, Fauro Aloi, con una corrida de Pe\u00f1alba.<\/p>\n","protected":false},"excerpt":{"rendered":"<p>#informativoelvalledeaguascalientes #informativoelvalledeaguascalientesll #Aguascalientes #novaradioaguascalientes &nbsp; &nbsp; \u2022El cartel se compone de 11 corridas y una novillada \u2022Contar\u00e1 con figuras como Andr\u00e9s Roca Rey, Alejandro Talavante, Joselito Adame, Juan Pablo S\u00e1nchez, Leo Valadez, Luis David Adame, entre otros &nbsp; Desde la imponente Plaza de Toros Monumental de Aguascalientes, la gobernadora Tere Jim\u00e9nez encabez\u00f3 la esperada presentaci\u00f3n [&hellip;]<\/p>\n","protected":false},"author":1,"featured_media":66060,"comment_status":"closed","ping_status":"open","sticky":false,"template":"","format":"standard","meta":{"advanced_seo_description":"","jetpack_seo_html_title":"","jetpack_seo_noindex":false,"_jetpack_memberships_contains_paid_content":false,"footnotes":"","jetpack_publicize_message":"","jetpack_publicize_feature_enabled":true,"jetpack_social_post_already_shared":true,"jetpack_social_options":{"image_generator_settings":{"template":"highway","default_image_id":0,"font":"","enabled":false},"version":2}},"categories":[21,4],"tags":[918,22,615,320],"class_list":["post-66059","post","type-post","status-publish","format-standard","has-post-thumbnail","hentry","category-aguascalientes","category-gobierno-del-estado-aguascalientes","tag-fnsm2025","tag-aguascalientes","tag-gobierno-del-estado-de-aguascalientes","tag-tere-jimenez"],"jetpack_publicize_connections":[],"jetpack_featured_media_url":"https:\/\/i0.wp.com\/informativoelvalledeaguascalientes.online\/wp-content\/uploads\/2025\/02\/IMG-20250224-WA0217.jpg?fit=1600%2C1066&ssl=1","jetpack-related-posts":[],"jetpack_sharing_enabled":true,"jetpack_likes_enabled":true,"_links":{"self":[{"href":"https:\/\/informativoelvalledeaguascalientes.online\/index.php?rest_route=\/wp\/v2\/posts\/66059","targetHints":{"allow":["GET"]}}],"collection":[{"href":"https:\/\/informativoelvalledeaguascalientes.online\/index.php?rest_route=\/wp\/v2\/posts"}],"about":[{"href":"https:\/\/informativoelvalledeaguascalientes.online\/index.php?rest_route=\/wp\/v2\/types\/post"}],"author":[{"embeddable":true,"href":"https:\/\/informativoelvalledeaguascalientes.online\/index.php?rest_route=\/wp\/v2\/users\/1"}],"replies":[{"embeddable":true,"href":"https:\/\/informativoelvalledeaguascalientes.online\/index.php?rest_route=%2Fwp%2Fv2%2Fcomments&post=66059"}],"version-history":[{"count":1,"href":"https:\/\/informativoelvalledeaguascalientes.online\/index.php?rest_route=\/wp\/v2\/posts\/66059\/revisions"}],"predecessor-version":[{"id":66061,"href":"https:\/\/informativoelvalledeaguascalientes.online\/index.php?rest_route=\/wp\/v2\/posts\/66059\/revisions\/66061"}],"wp:featuredmedia":[{"embeddable":true,"href":"https:\/\/informativoelvalledeaguascalientes.online\/index.php?rest_route=\/wp\/v2\/media\/66060"}],"wp:attachment":[{"href":"https:\/\/informativoelvalledeaguascalientes.online\/index.php?rest_route=%2Fwp%2Fv2%2Fmedia&parent=66059"}],"wp:term":[{"taxonomy":"category","embeddable":true,"href":"https:\/\/informativoelvalledeaguascalientes.online\/index.php?rest_route=%2Fwp%2Fv2%2Fcategories&post=66059"},{"taxonomy":"post_tag","embeddable":true,"href":"https:\/\/informativoelvalledeaguascalientes.online\/index.php?rest_route=%2Fwp%2Fv2%2Ftags&post=66059"}],"curies":[{"name":"wp","href":"https:\/\/api.w.org\/{rel}","templated":true}]}}