{"id":66044,"date":"2025-02-25T00:43:26","date_gmt":"2025-02-25T06:43:26","guid":{"rendered":"https:\/\/informativoelvalledeaguascalientes.online\/?p=66044"},"modified":"2025-02-25T00:43:26","modified_gmt":"2025-02-25T06:43:26","slug":"abren-registro-para-que-artistas-participen-en-la-feria-nacional-de-san-marcos-y-otros-eventos-culturales","status":"publish","type":"post","link":"https:\/\/informativoelvalledeaguascalientes.online\/?p=66044","title":{"rendered":"ABREN REGISTRO PARA QUE ARTISTAS PARTICIPEN EN LA FERIA NACIONAL DE SAN MARCOS Y OTROS EVENTOS CULTURALES"},"content":{"rendered":"<p>#informativoelvalledeaguascalientes #informativoelvalledeaguascalientesll #Aguascalientes #novaradioaguascalientes<\/p>\n<p>&nbsp;<\/p>\n<p>Si tienes un proyecto de m\u00fasica, danza, teatro, cine o artes pl\u00e1sticas y quieres formar parte de la Feria Nacional de San Marcos, festivales y eventos que se realizar\u00e1n este a\u00f1o en la entidad, reg\u00edstrate en el Padr\u00f3n de Talento Art\u00edstico 2025 del Instituto Cultural de Aguascalientes (ICA).<\/p>\n<p>Alejandro V\u00e1zquez Z\u00fa\u00f1iga, director general del ICA, resalt\u00f3 que para la gobernadora de Aguascalientes, Tere Jim\u00e9nez, es importante impulsar el talento local y brindar espacios donde los artistas puedan desarrollar su creatividad y compartir su obra con la comunidad.<\/p>\n<p>Detall\u00f3 que la fecha l\u00edmite para la recepci\u00f3n de solicitudes es el viernes 28 de febrero; las y los artistas locales pueden realizar su registro en l\u00ednea en el siguiente enlace: https:\/\/acortar.link\/XRoiHW.<\/p>\n<p>Coment\u00f3 que tambi\u00e9n se recibir\u00e1n proyectos nacionales, por lo que las y los interesados pueden enviar su carpeta art\u00edstica al correo ica.propuestasnacionales@gmail.com.<\/p>\n<p>Para m\u00e1s informaci\u00f3n, comunicarse al tel\u00e9fono 449 910 20 10, con horario de atenci\u00f3n de las 10:00 de la ma\u00f1ana a las 4:00 de la tarde.<\/p>\n","protected":false},"excerpt":{"rendered":"<p>#informativoelvalledeaguascalientes #informativoelvalledeaguascalientesll #Aguascalientes #novaradioaguascalientes &nbsp; Si tienes un proyecto de m\u00fasica, danza, teatro, cine o artes pl\u00e1sticas y quieres formar parte de la Feria Nacional de San Marcos, festivales y eventos que se realizar\u00e1n este a\u00f1o en la entidad, reg\u00edstrate en el Padr\u00f3n de Talento Art\u00edstico 2025 del Instituto Cultural de Aguascalientes (ICA). Alejandro V\u00e1zquez [&hellip;]<\/p>\n","protected":false},"author":1,"featured_media":66045,"comment_status":"closed","ping_status":"open","sticky":false,"template":"","format":"standard","meta":{"advanced_seo_description":"","jetpack_seo_html_title":"","jetpack_seo_noindex":false,"_jetpack_memberships_contains_paid_content":false,"footnotes":"","jetpack_publicize_message":"","jetpack_publicize_feature_enabled":true,"jetpack_social_post_already_shared":true,"jetpack_social_options":{"image_generator_settings":{"template":"highway","default_image_id":0,"font":"","enabled":false},"version":2}},"categories":[21,4],"tags":[22,615,52],"class_list":["post-66044","post","type-post","status-publish","format-standard","has-post-thumbnail","hentry","category-aguascalientes","category-gobierno-del-estado-aguascalientes","tag-aguascalientes","tag-gobierno-del-estado-de-aguascalientes","tag-ica"],"jetpack_publicize_connections":[],"jetpack_featured_media_url":"https:\/\/i0.wp.com\/informativoelvalledeaguascalientes.online\/wp-content\/uploads\/2025\/02\/IMG-20250223-WA0007.jpg?fit=900%2C1600&ssl=1","jetpack-related-posts":[],"jetpack_sharing_enabled":true,"jetpack_likes_enabled":true,"_links":{"self":[{"href":"https:\/\/informativoelvalledeaguascalientes.online\/index.php?rest_route=\/wp\/v2\/posts\/66044","targetHints":{"allow":["GET"]}}],"collection":[{"href":"https:\/\/informativoelvalledeaguascalientes.online\/index.php?rest_route=\/wp\/v2\/posts"}],"about":[{"href":"https:\/\/informativoelvalledeaguascalientes.online\/index.php?rest_route=\/wp\/v2\/types\/post"}],"author":[{"embeddable":true,"href":"https:\/\/informativoelvalledeaguascalientes.online\/index.php?rest_route=\/wp\/v2\/users\/1"}],"replies":[{"embeddable":true,"href":"https:\/\/informativoelvalledeaguascalientes.online\/index.php?rest_route=%2Fwp%2Fv2%2Fcomments&post=66044"}],"version-history":[{"count":1,"href":"https:\/\/informativoelvalledeaguascalientes.online\/index.php?rest_route=\/wp\/v2\/posts\/66044\/revisions"}],"predecessor-version":[{"id":66046,"href":"https:\/\/informativoelvalledeaguascalientes.online\/index.php?rest_route=\/wp\/v2\/posts\/66044\/revisions\/66046"}],"wp:featuredmedia":[{"embeddable":true,"href":"https:\/\/informativoelvalledeaguascalientes.online\/index.php?rest_route=\/wp\/v2\/media\/66045"}],"wp:attachment":[{"href":"https:\/\/informativoelvalledeaguascalientes.online\/index.php?rest_route=%2Fwp%2Fv2%2Fmedia&parent=66044"}],"wp:term":[{"taxonomy":"category","embeddable":true,"href":"https:\/\/informativoelvalledeaguascalientes.online\/index.php?rest_route=%2Fwp%2Fv2%2Fcategories&post=66044"},{"taxonomy":"post_tag","embeddable":true,"href":"https:\/\/informativoelvalledeaguascalientes.online\/index.php?rest_route=%2Fwp%2Fv2%2Ftags&post=66044"}],"curies":[{"name":"wp","href":"https:\/\/api.w.org\/{rel}","templated":true}]}}