{"id":66004,"date":"2025-02-22T19:23:33","date_gmt":"2025-02-23T01:23:33","guid":{"rendered":"https:\/\/informativoelvalledeaguascalientes.online\/?p=66004"},"modified":"2025-02-22T19:23:33","modified_gmt":"2025-02-23T01:23:33","slug":"participaran-25-jovenes-en-el-concurso-anual-de-oratoria-edicion-2025","status":"publish","type":"post","link":"https:\/\/informativoelvalledeaguascalientes.online\/?p=66004","title":{"rendered":"PARTICIPAR\u00c1N 25 J\u00d3VENES EN EL CONCURSO ANUAL DE ORATORIA EDICI\u00d3N 2025"},"content":{"rendered":"<p>#informativoelvalledeaguascalientes #novaradioaguascalientes #informativoelvalledeaguascalientesll #Aguascalientes<\/p>\n<p>&nbsp;<\/p>\n<p>&nbsp;<\/p>\n<p>En sesi\u00f3n de la Comisi\u00f3n de Juventud de la LXVI Legislatura del Congreso de Aguascalientes, que preside la diputada Alejandra Pe\u00f1a Curiel, se dio a conocer que 25 j\u00f3venes solicitaron su registro para participar en el Concurso Anual de Oratoria en su edici\u00f3n 2025, organizado por el Poder Legislativo.<\/p>\n<p>&nbsp;<\/p>\n<p>La congresista indic\u00f3 que, las juventudes participantes son las siguientes: Guillermo Valdez, Salvador Candelas, Elizabeth Mart\u00ednez, Eduardo Huerta, Alejandra Hinojo, Victoria Rodr\u00edguez, Josu\u00e9 Ortega, Liliana Gonz\u00e1lez, Isabella Malo, Esteban Valadez, Jos\u00e9 Rafael P\u00e9rez, Josafat Ram\u00edrez, Karen Rodr\u00edguez, Emmanuel Cifiuentes, Karen Reyes, Rafael Zorrilla, Carlos Garc\u00eda, Mois\u00e9s Collazo, Maya Morole\u00f3n, Erick Hern\u00e1ndez, Federico Lucero, Guadalupe Capuchino, Sa\u00fal Mart\u00ednez, Alejandro Cardona y Santiago Orellana.<\/p>\n<p>El concurso de oratoria se realizar\u00e1 el pr\u00f3ximo 7 de marzo en el Auditorio Pedro Garci\u0301a Rojas, ubicado en las instalaciones del Poder Legislativo a las 9 horas.<\/p>\n<p>El orden de las intervenciones de las y los j\u00f3venes ser\u00e1 a trav\u00e9s de un sorteo previo al inicio del concurso, en el que desarrollar\u00e1n un tema hasta por 5 minutos.<\/p>\n<p>El jurado calificador se integrar\u00e1 por las y los miembros de la suscrita Comisi\u00f3n, y por destacados especialistas en el tema.<\/p>\n<p>Las tres juventudes finalistas participar\u00e1n en una etapa de improvisacio\u0301n, con un discurso de entre tres a cinco minutos, cuyo tema sera\u0301 definido por el jurado.<\/p>\n<p>Se premiar\u00e1n a los tres primeros lugares con un apoyo econ\u00f3mico, diploma, reconocimiento y paquete de libros.<\/p>\n<p>A la sesi\u00f3n tambi\u00e9n asistieron las y los diputados integrantes Luis Le\u00f3n, Rodrigo Cervantes y Ana G\u00f3mez.<\/p>\n","protected":false},"excerpt":{"rendered":"<p>#informativoelvalledeaguascalientes #novaradioaguascalientes #informativoelvalledeaguascalientesll #Aguascalientes &nbsp; &nbsp; En sesi\u00f3n de la Comisi\u00f3n de Juventud de la LXVI Legislatura del Congreso de Aguascalientes, que preside la diputada Alejandra Pe\u00f1a Curiel, se dio a conocer que 25 j\u00f3venes solicitaron su registro para participar en el Concurso Anual de Oratoria en su edici\u00f3n 2025, organizado por el Poder Legislativo. [&hellip;]<\/p>\n","protected":false},"author":1,"featured_media":66005,"comment_status":"closed","ping_status":"open","sticky":false,"template":"","format":"standard","meta":{"advanced_seo_description":"","jetpack_seo_html_title":"","jetpack_seo_noindex":false,"_jetpack_memberships_contains_paid_content":false,"footnotes":"","jetpack_publicize_message":"","jetpack_publicize_feature_enabled":true,"jetpack_social_post_already_shared":true,"jetpack_social_options":{"image_generator_settings":{"template":"highway","default_image_id":0,"font":"","enabled":false},"version":2}},"categories":[21,5],"tags":[22,872],"class_list":["post-66004","post","type-post","status-publish","format-standard","has-post-thumbnail","hentry","category-aguascalientes","category-h-congreso-del-estado-aguascalientes","tag-aguascalientes","tag-lxvi-legislatura-aguascalientes"],"jetpack_publicize_connections":[],"jetpack_featured_media_url":"https:\/\/i0.wp.com\/informativoelvalledeaguascalientes.online\/wp-content\/uploads\/2025\/02\/DSC_7448.jpg?fit=963%2C599&ssl=1","jetpack-related-posts":[],"jetpack_sharing_enabled":true,"jetpack_likes_enabled":true,"_links":{"self":[{"href":"https:\/\/informativoelvalledeaguascalientes.online\/index.php?rest_route=\/wp\/v2\/posts\/66004","targetHints":{"allow":["GET"]}}],"collection":[{"href":"https:\/\/informativoelvalledeaguascalientes.online\/index.php?rest_route=\/wp\/v2\/posts"}],"about":[{"href":"https:\/\/informativoelvalledeaguascalientes.online\/index.php?rest_route=\/wp\/v2\/types\/post"}],"author":[{"embeddable":true,"href":"https:\/\/informativoelvalledeaguascalientes.online\/index.php?rest_route=\/wp\/v2\/users\/1"}],"replies":[{"embeddable":true,"href":"https:\/\/informativoelvalledeaguascalientes.online\/index.php?rest_route=%2Fwp%2Fv2%2Fcomments&post=66004"}],"version-history":[{"count":1,"href":"https:\/\/informativoelvalledeaguascalientes.online\/index.php?rest_route=\/wp\/v2\/posts\/66004\/revisions"}],"predecessor-version":[{"id":66006,"href":"https:\/\/informativoelvalledeaguascalientes.online\/index.php?rest_route=\/wp\/v2\/posts\/66004\/revisions\/66006"}],"wp:featuredmedia":[{"embeddable":true,"href":"https:\/\/informativoelvalledeaguascalientes.online\/index.php?rest_route=\/wp\/v2\/media\/66005"}],"wp:attachment":[{"href":"https:\/\/informativoelvalledeaguascalientes.online\/index.php?rest_route=%2Fwp%2Fv2%2Fmedia&parent=66004"}],"wp:term":[{"taxonomy":"category","embeddable":true,"href":"https:\/\/informativoelvalledeaguascalientes.online\/index.php?rest_route=%2Fwp%2Fv2%2Fcategories&post=66004"},{"taxonomy":"post_tag","embeddable":true,"href":"https:\/\/informativoelvalledeaguascalientes.online\/index.php?rest_route=%2Fwp%2Fv2%2Ftags&post=66004"}],"curies":[{"name":"wp","href":"https:\/\/api.w.org\/{rel}","templated":true}]}}