{"id":66001,"date":"2025-02-22T19:20:05","date_gmt":"2025-02-23T01:20:05","guid":{"rendered":"https:\/\/informativoelvalledeaguascalientes.online\/?p=66001"},"modified":"2025-02-22T19:20:05","modified_gmt":"2025-02-23T01:20:05","slug":"congreso-de-aguascalientes-elegira-a-la-persona-que-desempenara-el-cargo-de-fiscal-general-el-proximo-martes-25-de-febrero","status":"publish","type":"post","link":"https:\/\/informativoelvalledeaguascalientes.online\/?p=66001","title":{"rendered":"CONGRESO DE AGUASCALIENTES ELEGIR\u00c1 A LA PERSONA QUE DESEMPE\u00d1AR\u00c1 EL CARGO DE FISCAL GENERAL EL PR\u00d3XIMO MARTES 25 DE FEBRERO"},"content":{"rendered":"<p>#informativoelvalledeaguascalientes #novaradioaguascalientes #informativoelvalledeaguascalientesll #Aguascalientes<\/p>\n<p>&nbsp;<\/p>\n<p>&nbsp;<\/p>\n<ul>\n<li><em>Durante la asamblea de la Diputaci\u00f3n Permanente, se inform\u00f3 que la designaci\u00f3n se har\u00e1 en una cuarta sesi\u00f3n extraordinaria el pr\u00f3ximo martes 25 de febrero.<\/em><\/li>\n<\/ul>\n<p>&nbsp;<\/p>\n<p>En sesi\u00f3n ordinaria, la Diputaci\u00f3n Permanente de la LXVI Legislatura del Congreso de Aguascalientes que preside la congresista Luc\u00eda de Le\u00f3n Urs\u00faa, convoc\u00f3 al pleno legislativo para celebrar una cuarta sesi\u00f3n extraordinaria el pr\u00f3ximo martes 25 de febrero, a las 10:30 horas, en la que elegir\u00e1n a la persona que desempe\u00f1ar\u00e1 el cargo de Fiscal General del Estado de Aguascalientes (FGE), por los pr\u00f3ximos 7 a\u00f1os.<\/p>\n<p>&nbsp;<\/p>\n<p>Durante el desarrollo de esta asamblea, se inform\u00f3 tambi\u00e9n que tras darse esta designaci\u00f3n, la o el aspirante que resulte electo por el Pleno rendir\u00e1 protesta en el sal\u00f3n de sesiones Soberana Convenci\u00f3n Revolucionaria de Aguascalientes, para entrar en funciones a partir del 01 de marzo de 2025 hasta el 29 de febrero del a\u00f1o 2032.<\/p>\n<p>&nbsp;<\/p>\n<p>Por otro lado, en el apartado de asuntos generales, la diputada Mirna Medina Ruvalcaba present\u00f3 un posicionamiento en relaci\u00f3n al trabajo legislativo que ha realizado en los \u00faltimos 5 meses de labor parlamentaria. Destac\u00f3 que en ese tiempo present\u00f3 11 iniciativas, entre las que mencion\u00f3 las referentes a la erradicaci\u00f3n de la violencia, el acceso equitativo a la educaci\u00f3n, la atenci\u00f3n de la salud mental en adolescentes, el fortalecimiento de la convivencia familiar, entre otras.<\/p>\n<p>&nbsp;<\/p>\n<p>Acto seguido, la presidenta de la mesa directiva de la Diputaci\u00f3n Permanente, diputada Luc\u00eda de Le\u00f3n Urs\u00faa, procedi\u00f3 con la clausura de los trabajos legislativos, al tiempo que inform\u00f3 que les ser\u00e1 enviado a sus compa\u00f1eros v\u00eda correo electr\u00f3nico la cita y la hora en que se llevar\u00e1 la pr\u00f3xima sesi\u00f3n ordinaria.<\/p>\n<p>&nbsp;<\/p>\n<p>A esta sesi\u00f3n tambi\u00e9n asistieron las y los legisladores Jos\u00e9 Trinidad Romo Mart\u00edn, Mirna Medina Ruvalcaba, Beatriz Hern\u00e1ndez y Ma. Guadalupe Mendoza.<\/p>\n","protected":false},"excerpt":{"rendered":"<p>#informativoelvalledeaguascalientes #novaradioaguascalientes #informativoelvalledeaguascalientesll #Aguascalientes &nbsp; &nbsp; Durante la asamblea de la Diputaci\u00f3n Permanente, se inform\u00f3 que la designaci\u00f3n se har\u00e1 en una cuarta sesi\u00f3n extraordinaria el pr\u00f3ximo martes 25 de febrero. &nbsp; En sesi\u00f3n ordinaria, la Diputaci\u00f3n Permanente de la LXVI Legislatura del Congreso de Aguascalientes que preside la congresista Luc\u00eda de Le\u00f3n Urs\u00faa, convoc\u00f3 [&hellip;]<\/p>\n","protected":false},"author":1,"featured_media":66002,"comment_status":"closed","ping_status":"open","sticky":false,"template":"","format":"standard","meta":{"advanced_seo_description":"","jetpack_seo_html_title":"","jetpack_seo_noindex":false,"_jetpack_memberships_contains_paid_content":false,"footnotes":"","jetpack_publicize_message":"","jetpack_publicize_feature_enabled":true,"jetpack_social_post_already_shared":true,"jetpack_social_options":{"image_generator_settings":{"template":"highway","default_image_id":0,"font":"","enabled":false},"version":2}},"categories":[21,5],"tags":[22,872],"class_list":["post-66001","post","type-post","status-publish","format-standard","has-post-thumbnail","hentry","category-aguascalientes","category-h-congreso-del-estado-aguascalientes","tag-aguascalientes","tag-lxvi-legislatura-aguascalientes"],"jetpack_publicize_connections":[],"jetpack_featured_media_url":"https:\/\/i0.wp.com\/informativoelvalledeaguascalientes.online\/wp-content\/uploads\/2025\/02\/DSC_7216.jpg?fit=971%2C599&ssl=1","jetpack-related-posts":[],"jetpack_sharing_enabled":true,"jetpack_likes_enabled":true,"_links":{"self":[{"href":"https:\/\/informativoelvalledeaguascalientes.online\/index.php?rest_route=\/wp\/v2\/posts\/66001","targetHints":{"allow":["GET"]}}],"collection":[{"href":"https:\/\/informativoelvalledeaguascalientes.online\/index.php?rest_route=\/wp\/v2\/posts"}],"about":[{"href":"https:\/\/informativoelvalledeaguascalientes.online\/index.php?rest_route=\/wp\/v2\/types\/post"}],"author":[{"embeddable":true,"href":"https:\/\/informativoelvalledeaguascalientes.online\/index.php?rest_route=\/wp\/v2\/users\/1"}],"replies":[{"embeddable":true,"href":"https:\/\/informativoelvalledeaguascalientes.online\/index.php?rest_route=%2Fwp%2Fv2%2Fcomments&post=66001"}],"version-history":[{"count":1,"href":"https:\/\/informativoelvalledeaguascalientes.online\/index.php?rest_route=\/wp\/v2\/posts\/66001\/revisions"}],"predecessor-version":[{"id":66003,"href":"https:\/\/informativoelvalledeaguascalientes.online\/index.php?rest_route=\/wp\/v2\/posts\/66001\/revisions\/66003"}],"wp:featuredmedia":[{"embeddable":true,"href":"https:\/\/informativoelvalledeaguascalientes.online\/index.php?rest_route=\/wp\/v2\/media\/66002"}],"wp:attachment":[{"href":"https:\/\/informativoelvalledeaguascalientes.online\/index.php?rest_route=%2Fwp%2Fv2%2Fmedia&parent=66001"}],"wp:term":[{"taxonomy":"category","embeddable":true,"href":"https:\/\/informativoelvalledeaguascalientes.online\/index.php?rest_route=%2Fwp%2Fv2%2Fcategories&post=66001"},{"taxonomy":"post_tag","embeddable":true,"href":"https:\/\/informativoelvalledeaguascalientes.online\/index.php?rest_route=%2Fwp%2Fv2%2Ftags&post=66001"}],"curies":[{"name":"wp","href":"https:\/\/api.w.org\/{rel}","templated":true}]}}