{"id":65997,"date":"2025-02-22T13:26:48","date_gmt":"2025-02-22T19:26:48","guid":{"rendered":"https:\/\/informativoelvalledeaguascalientes.online\/?p=65997"},"modified":"2025-02-22T13:26:48","modified_gmt":"2025-02-22T19:26:48","slug":"arlette-munoz-propone-iniciativa-para-proteger-a-personas-que-en-el-futuro-puedan-quedar-incapacitadas-para-tomar-decisiones-o-disponer-de-sus-bienes","status":"publish","type":"post","link":"https:\/\/informativoelvalledeaguascalientes.online\/?p=65997","title":{"rendered":"ARLETTE MU\u00d1OZ PROPONE INICIATIVA PARA PROTEGER A PERSONAS QUE EN EL FUTURO PUEDAN QUEDAR INCAPACITADAS PARA TOMAR DECISIONES O DISPONER DE SUS BIENES."},"content":{"rendered":"<p>#informativoelvalledeaguascalientes #informativoelvalledeaguascalientesll #Aguascalientes #novaradioaguascalientes<\/p>\n<p>&nbsp;<\/p>\n<p>Debido al aumento de casos en los que personas quedan incapacitadas por enfermedades como el Alzheimer, la demencia senil o accidentes, y necesitan apoyo para tomar decisiones sobre sus bienes y tr\u00e1mites, la diputada Arlette Mu\u00f1oz propone una iniciativa para proteger sus derechos.<\/p>\n<p>Actualmente, designar un cuidador para una persona incapacitada requiere un juicio que puede durar varios meses y no siempre resulta en la elecci\u00f3n de la persona m\u00e1s adecuada. Para evitar esto, la iniciativa propone modificar los art\u00edculos 20 y 21, y agregar el T\u00edtulo Primero Bis sobre la designaci\u00f3n anticipada de apoyos, y el T\u00edtulo Primero sobre la designaci\u00f3n ordinaria de apoyos.<\/p>\n<p>La reforma tiene como objetivo permitir que las personas:<\/p>\n<p>*Designen un apoyo anticipado*: ante un notario, para que se haga cargo de sus bienes y tr\u00e1mites en caso de incapacidad futura.<\/p>\n<p>*Tengan acceso a apoyo para facilitar el ejercicio de sus derechos*: incluyendo la comunicaci\u00f3n, la comprensi\u00f3n de los actos jur\u00eddicos y la manifestaci\u00f3n de su voluntad.<\/p>\n<p>*Desarrollen plenamente su personalidad*: respetando su voluntad y preferencias, y protegiendo sus derechos humanos.<\/p>\n<p>Con esta iniciativa, la diputada Arlette Mu\u00f1oz busca proteger a las personas y garantizar su derecho a designar a un cuidador para su futuro.<\/p>\n","protected":false},"excerpt":{"rendered":"<p>#informativoelvalledeaguascalientes #informativoelvalledeaguascalientesll #Aguascalientes #novaradioaguascalientes &nbsp; Debido al aumento de casos en los que personas quedan incapacitadas por enfermedades como el Alzheimer, la demencia senil o accidentes, y necesitan apoyo para tomar decisiones sobre sus bienes y tr\u00e1mites, la diputada Arlette Mu\u00f1oz propone una iniciativa para proteger sus derechos. Actualmente, designar un cuidador para una persona [&hellip;]<\/p>\n","protected":false},"author":1,"featured_media":65998,"comment_status":"closed","ping_status":"open","sticky":false,"template":"","format":"standard","meta":{"advanced_seo_description":"","jetpack_seo_html_title":"","jetpack_seo_noindex":false,"_jetpack_memberships_contains_paid_content":false,"footnotes":"","jetpack_publicize_message":"","jetpack_publicize_feature_enabled":true,"jetpack_social_post_already_shared":true,"jetpack_social_options":{"image_generator_settings":{"template":"highway","default_image_id":0,"font":"","enabled":false},"version":2}},"categories":[21,5],"tags":[22,872],"class_list":["post-65997","post","type-post","status-publish","format-standard","has-post-thumbnail","hentry","category-aguascalientes","category-h-congreso-del-estado-aguascalientes","tag-aguascalientes","tag-lxvi-legislatura-aguascalientes"],"jetpack_publicize_connections":[],"jetpack_featured_media_url":"https:\/\/i0.wp.com\/informativoelvalledeaguascalientes.online\/wp-content\/uploads\/2025\/02\/IMG-20250222-WA0117.jpg?fit=1080%2C1080&ssl=1","jetpack-related-posts":[],"jetpack_sharing_enabled":true,"jetpack_likes_enabled":true,"_links":{"self":[{"href":"https:\/\/informativoelvalledeaguascalientes.online\/index.php?rest_route=\/wp\/v2\/posts\/65997","targetHints":{"allow":["GET"]}}],"collection":[{"href":"https:\/\/informativoelvalledeaguascalientes.online\/index.php?rest_route=\/wp\/v2\/posts"}],"about":[{"href":"https:\/\/informativoelvalledeaguascalientes.online\/index.php?rest_route=\/wp\/v2\/types\/post"}],"author":[{"embeddable":true,"href":"https:\/\/informativoelvalledeaguascalientes.online\/index.php?rest_route=\/wp\/v2\/users\/1"}],"replies":[{"embeddable":true,"href":"https:\/\/informativoelvalledeaguascalientes.online\/index.php?rest_route=%2Fwp%2Fv2%2Fcomments&post=65997"}],"version-history":[{"count":1,"href":"https:\/\/informativoelvalledeaguascalientes.online\/index.php?rest_route=\/wp\/v2\/posts\/65997\/revisions"}],"predecessor-version":[{"id":65999,"href":"https:\/\/informativoelvalledeaguascalientes.online\/index.php?rest_route=\/wp\/v2\/posts\/65997\/revisions\/65999"}],"wp:featuredmedia":[{"embeddable":true,"href":"https:\/\/informativoelvalledeaguascalientes.online\/index.php?rest_route=\/wp\/v2\/media\/65998"}],"wp:attachment":[{"href":"https:\/\/informativoelvalledeaguascalientes.online\/index.php?rest_route=%2Fwp%2Fv2%2Fmedia&parent=65997"}],"wp:term":[{"taxonomy":"category","embeddable":true,"href":"https:\/\/informativoelvalledeaguascalientes.online\/index.php?rest_route=%2Fwp%2Fv2%2Fcategories&post=65997"},{"taxonomy":"post_tag","embeddable":true,"href":"https:\/\/informativoelvalledeaguascalientes.online\/index.php?rest_route=%2Fwp%2Fv2%2Ftags&post=65997"}],"curies":[{"name":"wp","href":"https:\/\/api.w.org\/{rel}","templated":true}]}}