{"id":65993,"date":"2025-02-22T13:22:21","date_gmt":"2025-02-22T19:22:21","guid":{"rendered":"https:\/\/informativoelvalledeaguascalientes.online\/?p=65993"},"modified":"2025-02-22T13:23:25","modified_gmt":"2025-02-22T19:23:25","slug":"aguascalientes-da-el-primer-paso-hacia-la-normatividad-de-vehiculos-electricos-ligeros-para-una-movilidad-sustentable","status":"publish","type":"post","link":"https:\/\/informativoelvalledeaguascalientes.online\/?p=65993","title":{"rendered":"Aguascalientes da el primer paso hacia la normatividad de veh\u00edculos el\u00e9ctricos ligeros para una movilidad sustentable"},"content":{"rendered":"<p>#informativoelvalledeaguascalientes #informativoelvalledeaguascalientesll #Aguascalientes #novaradioaguascalientes<\/p>\n<p>&nbsp;<\/p>\n<p>&nbsp;<\/p>\n<p>\u25cf Iniciar\u00e1n mesas de trabajo y foros para buscar\u00a0 una regulaci\u00f3n que propicie una movilidad m\u00e1s ordenada y segura en la ciudad.<\/p>\n<p>\u25cf Presidente de la Comisi\u00f3n de Movilidad en el congreso re\u00fane a funcionarios para iniciar los trabajos de reforma a la legislaci\u00f3n<\/p>\n<p>&nbsp;<\/p>\n<p>El presidente de la Comisi\u00f3n de Movilidad en el Congreso de Aguascalientes, Humberto Montero, encabez\u00f3 una reuni\u00f3n con autoridades de la coordinaci\u00f3n de Movilidad (CMOV) y la secretar\u00eda de seguridad p\u00fablica municipal para analizar la reforma de la Ley de Movilidad y regular el uso de veh\u00edculos el\u00e9ctricos ligeros personales en la ciudad. La reuni\u00f3n fue clave para dar paso a una serie de mesas de trabajo y foros que buscar\u00e1n establecer un marco normativo que ordene la circulaci\u00f3n de veh\u00edculos como scooters, bicicletas y motocicletas el\u00e9ctricas.<\/p>\n<p>Durante la reuni\u00f3n en la que estuvieron presentes el titular de CMOV, Ricardo Serrano Rangel y el comisario Arturo Mart\u00ednez Morales, director de movilidad de la secretar\u00eda de seguridad p\u00fablica del municipio de Aguascalientes, se puso de manifiesto la necesidad de la regulaci\u00f3n de veh\u00edculos el\u00e9ctricos ligeros\u00a0 para fomentar una movilidad m\u00e1s segura, sostenible y ordenada, promoviendo su uso pero sin comprometer la seguridad de los peatones.<\/p>\n<p>En los \u00faltimos a\u00f1os, Aguascalientes ha visto un aumento exponencial en la cantidad de motocicletas en circulaci\u00f3n, lo que refleja una tendencia hacia el uso de veh\u00edculos ligeros y de bajo costo. Este incremento ha generado desaf\u00edos en cuanto a la seguridad y convivencia entre los distintos modos de transporte. Por ello, el an\u00e1lisis de estas medidas cobra relevancia para evitar accidentes y promover un desarrollo urbano que contemple a todos los actores involucrados.<\/p>\n<p>Dentro de la reuni\u00f3n se acord\u00f3 involucrar en las mesas de trabajo y foros de consulta a los actores clave como propietarios de estos veh\u00edculos, organizaciones relacionadas con la movilidad sustentable y las autoridades de tr\u00e1nsito y desarrollo urbano. Esta consulta, que tiene como objetivo la readecuaci\u00f3n de la ley, buscar\u00e1 dar soluciones pr\u00e1cticas y aplicables a una situaci\u00f3n que, de no regularse adecuadamente, podr\u00eda complicar a\u00fan m\u00e1s el flujo vehicular y la seguridad en las calles de Aguascalientes.<\/p>\n<p>La regulaci\u00f3n de los veh\u00edculos el\u00e9ctricos ligeros no solo busca responder a la necesidad de una mayor seguridad, sino tambi\u00e9n promover una movilidad sustentable que reduzca las emisiones contaminantes y fomente el uso de medios de transporte alternativos.<\/p>\n<p>&nbsp;<\/p>\n","protected":false},"excerpt":{"rendered":"<p>#informativoelvalledeaguascalientes #informativoelvalledeaguascalientesll #Aguascalientes #novaradioaguascalientes &nbsp; &nbsp; \u25cf Iniciar\u00e1n mesas de trabajo y foros para buscar\u00a0 una regulaci\u00f3n que propicie una movilidad m\u00e1s ordenada y segura en la ciudad. \u25cf Presidente de la Comisi\u00f3n de Movilidad en el congreso re\u00fane a funcionarios para iniciar los trabajos de reforma a la legislaci\u00f3n &nbsp; El presidente de la [&hellip;]<\/p>\n","protected":false},"author":1,"featured_media":65994,"comment_status":"closed","ping_status":"open","sticky":false,"template":"","format":"standard","meta":{"advanced_seo_description":"","jetpack_seo_html_title":"","jetpack_seo_noindex":false,"_jetpack_memberships_contains_paid_content":false,"footnotes":"","jetpack_publicize_message":"","jetpack_publicize_feature_enabled":true,"jetpack_social_post_already_shared":true,"jetpack_social_options":{"image_generator_settings":{"template":"highway","default_image_id":0,"font":"","enabled":false},"version":2}},"categories":[21,5],"tags":[22,872],"class_list":["post-65993","post","type-post","status-publish","format-standard","has-post-thumbnail","hentry","category-aguascalientes","category-h-congreso-del-estado-aguascalientes","tag-aguascalientes","tag-lxvi-legislatura-aguascalientes"],"jetpack_publicize_connections":[],"jetpack_featured_media_url":"https:\/\/i0.wp.com\/informativoelvalledeaguascalientes.online\/wp-content\/uploads\/2025\/02\/IMG-20250222-WA0079.jpg?fit=1094%2C631&ssl=1","jetpack-related-posts":[],"jetpack_sharing_enabled":true,"jetpack_likes_enabled":true,"_links":{"self":[{"href":"https:\/\/informativoelvalledeaguascalientes.online\/index.php?rest_route=\/wp\/v2\/posts\/65993","targetHints":{"allow":["GET"]}}],"collection":[{"href":"https:\/\/informativoelvalledeaguascalientes.online\/index.php?rest_route=\/wp\/v2\/posts"}],"about":[{"href":"https:\/\/informativoelvalledeaguascalientes.online\/index.php?rest_route=\/wp\/v2\/types\/post"}],"author":[{"embeddable":true,"href":"https:\/\/informativoelvalledeaguascalientes.online\/index.php?rest_route=\/wp\/v2\/users\/1"}],"replies":[{"embeddable":true,"href":"https:\/\/informativoelvalledeaguascalientes.online\/index.php?rest_route=%2Fwp%2Fv2%2Fcomments&post=65993"}],"version-history":[{"count":2,"href":"https:\/\/informativoelvalledeaguascalientes.online\/index.php?rest_route=\/wp\/v2\/posts\/65993\/revisions"}],"predecessor-version":[{"id":65996,"href":"https:\/\/informativoelvalledeaguascalientes.online\/index.php?rest_route=\/wp\/v2\/posts\/65993\/revisions\/65996"}],"wp:featuredmedia":[{"embeddable":true,"href":"https:\/\/informativoelvalledeaguascalientes.online\/index.php?rest_route=\/wp\/v2\/media\/65994"}],"wp:attachment":[{"href":"https:\/\/informativoelvalledeaguascalientes.online\/index.php?rest_route=%2Fwp%2Fv2%2Fmedia&parent=65993"}],"wp:term":[{"taxonomy":"category","embeddable":true,"href":"https:\/\/informativoelvalledeaguascalientes.online\/index.php?rest_route=%2Fwp%2Fv2%2Fcategories&post=65993"},{"taxonomy":"post_tag","embeddable":true,"href":"https:\/\/informativoelvalledeaguascalientes.online\/index.php?rest_route=%2Fwp%2Fv2%2Ftags&post=65993"}],"curies":[{"name":"wp","href":"https:\/\/api.w.org\/{rel}","templated":true}]}}