{"id":65987,"date":"2025-02-22T12:29:11","date_gmt":"2025-02-22T18:29:11","guid":{"rendered":"https:\/\/informativoelvalledeaguascalientes.online\/?p=65987"},"modified":"2025-02-22T12:29:11","modified_gmt":"2025-02-22T18:29:11","slug":"aguascalientes-sera-sede-nacional-de-la-sesion-ordinaria-permanente-de-contralores","status":"publish","type":"post","link":"https:\/\/informativoelvalledeaguascalientes.online\/?p=65987","title":{"rendered":"AGUASCALIENTES SER\u00c1 SEDE NACIONAL DE LA SESI\u00d3N ORDINARIA PERMANENTE DE CONTRALORES"},"content":{"rendered":"<p>#informativoelvalledeaguascalientes #informativoelvalledeaguascalientesll #Aguascalientes #novaradioaguascalientes<\/p>\n<p>&nbsp;<\/p>\n<p>Aguascalientes ser\u00e1 sede de la LXXIV Reuni\u00f3n Nacional de la Comisi\u00f3n Permanente de Contralores, que se llevar\u00e1 a cabo los d\u00edas 2, 3 y 4 de julio, con la asistencia de autoridades de las 32 entidades federativas.<\/p>\n<p>El Contralor del Estado, Juan Pablo Diosdado, inform\u00f3 que, en su reciente visita a la capital del pa\u00eds, en los trabajos con la federaci\u00f3n, logr\u00f3 acordar en la Comisi\u00f3n de Contralores que Aguascalientes sea anfitri\u00f3n y convertirnos en la sede oficial de los trabajos plenarios de la Alianza Federaci\u00f3n-Estados.<\/p>\n<p>\u201cSer\u00e1n 3 d\u00edas que, de manera consecutiva, se desarrollen actividades con la sesi\u00f3n nacional, capacitaciones, mesas de trabajo, foros y conferencias magistrales\u201d, detall\u00f3.<\/p>\n<p>Este evento representa una oportunidad para fortalecer la transparencia y la rendici\u00f3n de cuentas. Asimismo, la reuni\u00f3n permitir\u00e1 el intercambio de experiencias y mejores pr\u00e1cticas entre los contralores de todo M\u00e9xico, contribuyendo a la mejora continua de la administraci\u00f3n p\u00fablica.<\/p>\n","protected":false},"excerpt":{"rendered":"<p>#informativoelvalledeaguascalientes #informativoelvalledeaguascalientesll #Aguascalientes #novaradioaguascalientes &nbsp; Aguascalientes ser\u00e1 sede de la LXXIV Reuni\u00f3n Nacional de la Comisi\u00f3n Permanente de Contralores, que se llevar\u00e1 a cabo los d\u00edas 2, 3 y 4 de julio, con la asistencia de autoridades de las 32 entidades federativas. El Contralor del Estado, Juan Pablo Diosdado, inform\u00f3 que, en su reciente visita [&hellip;]<\/p>\n","protected":false},"author":1,"featured_media":65988,"comment_status":"closed","ping_status":"open","sticky":false,"template":"","format":"standard","meta":{"advanced_seo_description":"","jetpack_seo_html_title":"","jetpack_seo_noindex":false,"_jetpack_memberships_contains_paid_content":false,"footnotes":"","jetpack_publicize_message":"","jetpack_publicize_feature_enabled":true,"jetpack_social_post_already_shared":true,"jetpack_social_options":{"image_generator_settings":{"template":"highway","default_image_id":0,"font":"","enabled":false},"version":2}},"categories":[21,4],"tags":[22,405,615],"class_list":["post-65987","post","type-post","status-publish","format-standard","has-post-thumbnail","hentry","category-aguascalientes","category-gobierno-del-estado-aguascalientes","tag-aguascalientes","tag-contraloria-del-estado-de-aguascalientes","tag-gobierno-del-estado-de-aguascalientes"],"jetpack_publicize_connections":[],"jetpack_featured_media_url":"https:\/\/i0.wp.com\/informativoelvalledeaguascalientes.online\/wp-content\/uploads\/2025\/02\/IMG-20250222-WA0060.jpg?fit=1600%2C739&ssl=1","jetpack-related-posts":[],"jetpack_sharing_enabled":true,"jetpack_likes_enabled":true,"_links":{"self":[{"href":"https:\/\/informativoelvalledeaguascalientes.online\/index.php?rest_route=\/wp\/v2\/posts\/65987","targetHints":{"allow":["GET"]}}],"collection":[{"href":"https:\/\/informativoelvalledeaguascalientes.online\/index.php?rest_route=\/wp\/v2\/posts"}],"about":[{"href":"https:\/\/informativoelvalledeaguascalientes.online\/index.php?rest_route=\/wp\/v2\/types\/post"}],"author":[{"embeddable":true,"href":"https:\/\/informativoelvalledeaguascalientes.online\/index.php?rest_route=\/wp\/v2\/users\/1"}],"replies":[{"embeddable":true,"href":"https:\/\/informativoelvalledeaguascalientes.online\/index.php?rest_route=%2Fwp%2Fv2%2Fcomments&post=65987"}],"version-history":[{"count":1,"href":"https:\/\/informativoelvalledeaguascalientes.online\/index.php?rest_route=\/wp\/v2\/posts\/65987\/revisions"}],"predecessor-version":[{"id":65989,"href":"https:\/\/informativoelvalledeaguascalientes.online\/index.php?rest_route=\/wp\/v2\/posts\/65987\/revisions\/65989"}],"wp:featuredmedia":[{"embeddable":true,"href":"https:\/\/informativoelvalledeaguascalientes.online\/index.php?rest_route=\/wp\/v2\/media\/65988"}],"wp:attachment":[{"href":"https:\/\/informativoelvalledeaguascalientes.online\/index.php?rest_route=%2Fwp%2Fv2%2Fmedia&parent=65987"}],"wp:term":[{"taxonomy":"category","embeddable":true,"href":"https:\/\/informativoelvalledeaguascalientes.online\/index.php?rest_route=%2Fwp%2Fv2%2Fcategories&post=65987"},{"taxonomy":"post_tag","embeddable":true,"href":"https:\/\/informativoelvalledeaguascalientes.online\/index.php?rest_route=%2Fwp%2Fv2%2Ftags&post=65987"}],"curies":[{"name":"wp","href":"https:\/\/api.w.org\/{rel}","templated":true}]}}