{"id":65978,"date":"2025-02-22T12:09:31","date_gmt":"2025-02-22T18:09:31","guid":{"rendered":"https:\/\/informativoelvalledeaguascalientes.online\/?p=65978"},"modified":"2025-02-22T12:09:31","modified_gmt":"2025-02-22T18:09:31","slug":"pan-reafirma-compromiso-con-la-sociedad-y-el-fortalecimiento-del-partido","status":"publish","type":"post","link":"https:\/\/informativoelvalledeaguascalientes.online\/?p=65978","title":{"rendered":"PAN REAFIRMA COMPROMISO CON LA SOCIEDAD Y EL FORTALECIMIENTO DEL PARTIDO"},"content":{"rendered":"<p>#informativoelvalledeaguascalientes #informativoelvalledeaguascalientesll #Aguascalientes #novaradioaguascalientes<\/p>\n<p>&nbsp;<\/p>\n<p>&nbsp;<\/p>\n<p>\u25cf\u00a0\u00a0\u00a0\u00a0\u00a0\u00a0 El PAN reforzar\u00e1 su presencia en las comunidades, fortaleciendo al partido desde las bases y \u201cempanizando\u201d el entorno.<\/p>\n<p>\u25cf\u00a0\u00a0\u00a0\u00a0\u00a0\u00a0 Se alza la voz contra las pol\u00edticas fallidas del gobierno federal, como el alto costo de la gasolina y la afectaci\u00f3n a los ahorros de los trabajadores.<\/p>\n<p>\u25cf\u00a0\u00a0\u00a0\u00a0\u00a0\u00a0 Se impulsar\u00e1 la reforma de estatutos para un partido m\u00e1s abierto y participativo, adem\u00e1s de apoyar a los comit\u00e9s municipales y la formaci\u00f3n de nuevos liderazgos juveniles.<\/p>\n<p>&nbsp;<\/p>\n<p>La tarde de hoy, el Comit\u00e9 Directivo Municipal del PAN en Tepezal\u00e1 celebr\u00f3 sesi\u00f3n plenaria, contando con la presencia del presidente estatal del partido, Javier Lu\u00e9vano N\u00fa\u00f1ez, y la secretaria general, Paloma Am\u00e9zquita. En el encuentro se reconoci\u00f3 el trabajo activo de las y los panistas de este municipio y se gener\u00f3 un di\u00e1logo sobre los retos y acciones a emprender en el nuevo periodo tanto en lo estatal como en lo nacional .<\/p>\n<p>Durante la sesi\u00f3n,\u00a0 en la que adem\u00e1s se encontraban dirigentes municipales panistas, as\u00ed como liderazgos y militantes de Tepezal\u00e1, el presidente del partido destac\u00f3 que el PAN sigue siendo un partido fuerte y un referente nacional, comprometido con la defensa de las causas ciudadanas y el bien com\u00fan. \u201cEste no es un a\u00f1o electoral, pero ser\u00e1 un periodo muy din\u00e1mico. Nuestro objetivo es fortalecer al partido desde las bases, salir y estar en las comunidades, \u201cempanizando\u201d nuestro entorno y recordando por qu\u00e9 luchamos\u201d, afirm\u00f3.<\/p>\n<p>Subray\u00f3 que el PAN seguir\u00e1 siendo una alternativa para las familias de M\u00e9xico, levantando la voz ante las pol\u00edticas err\u00f3neas de la mayor\u00eda morenista que van en contra de las y los mexicanos, pugnando por soluciones viables.<\/p>\n<p>\u201cEl gobierno federal prometi\u00f3 que la gasolina costar\u00eda menos y no cumpli\u00f3. Nosotros impulsamos una reforma para reducir los impuestos, que representan m\u00e1s del 40% del precio actual. Es una propuesta viable, pero Morena se ha negado a apoyarla\u201d, se\u00f1al\u00f3.<\/p>\n<p>Asimismo, habl\u00f3 sobre la crisis que representa el tema del Infonavit y tomar el control sobre los ahorros de los trabajadores a trav\u00e9s de la reciente reforma a la ley; el fracaso de proyectos gubernamentales en materia energ\u00e9tica, salud, y seguridad, por se\u00f1alar algunos. \u201cLas promesas de este gobierno no han dado resultados. En Acci\u00f3n Nacional seguiremos defendiendo a los trabajadores y sus ahorros, exigiendo pol\u00edticas que realmente beneficien a las familias mexicanas\u201d, asegur\u00f3.<\/p>\n<p>En materia de seguridad, Lu\u00e9vano N\u00fa\u00f1ez reconoci\u00f3 la labor de la gobernadora Tere Jim\u00e9nez, quien se mantiene en la primera l\u00ednea de acci\u00f3n para garantizar la tranquilidad en el estado. \u201cEn Aguascalientes no hay abrazos a los delincuentes, aqu\u00ed el que la hace, la paga. Tenemos que seguir empujando como panistas para que la sociedad vea que estamos haciendo las cosas bien desde el partido y desde nuestros gobiernos\u201d, afirm\u00f3.<\/p>\n<p>El dirigente estatal anunci\u00f3 que se trabajar\u00e1 pr\u00f3ximamente en la reforma de estatutos del PAN para consolidar un partido m\u00e1s abierto y participativo. \u201cQueremos un partido con vida, donde todas y todos puedan opinar y contribuir. Por ello, nos hemos propuesto recorrer cada municipio, escuchar a la militancia y fortalecer nuestras estructuras\u201d, mencion\u00f3.<\/p>\n<p>Como parte de los compromisos, asegur\u00f3 que se brindar\u00e1 apoyo a cada uno de los comit\u00e9s municipales para mejoras en infraestructura y proyectos. Adem\u00e1s, anunci\u00f3 que\u00a0 ya est\u00e1 por publicarse la convocatoria para la Asamblea Juvenil, un espacio clave para la formaci\u00f3n de nuevos liderazgos.<\/p>\n<p>\u201cHay vida en Acci\u00f3n Nacional y vamos a trabajar fuerte para demostrarlo. Seguiremos haciendo equipo y construyendo desde cada municipio, porque el PAN sigue siendo la mejor opci\u00f3n para M\u00e9xico\u201d, concluy\u00f3.<\/p>\n","protected":false},"excerpt":{"rendered":"<p>#informativoelvalledeaguascalientes #informativoelvalledeaguascalientesll #Aguascalientes #novaradioaguascalientes &nbsp; &nbsp; \u25cf\u00a0\u00a0\u00a0\u00a0\u00a0\u00a0 El PAN reforzar\u00e1 su presencia en las comunidades, fortaleciendo al partido desde las bases y \u201cempanizando\u201d el entorno. \u25cf\u00a0\u00a0\u00a0\u00a0\u00a0\u00a0 Se alza la voz contra las pol\u00edticas fallidas del gobierno federal, como el alto costo de la gasolina y la afectaci\u00f3n a los ahorros de los trabajadores. \u25cf\u00a0\u00a0\u00a0\u00a0\u00a0\u00a0 Se [&hellip;]<\/p>\n","protected":false},"author":1,"featured_media":65979,"comment_status":"closed","ping_status":"open","sticky":false,"template":"","format":"standard","meta":{"advanced_seo_description":"","jetpack_seo_html_title":"","jetpack_seo_noindex":false,"_jetpack_memberships_contains_paid_content":false,"footnotes":"","jetpack_publicize_message":"","jetpack_publicize_feature_enabled":true,"jetpack_social_post_already_shared":true,"jetpack_social_options":{"image_generator_settings":{"template":"highway","default_image_id":0,"font":"","enabled":false},"version":2}},"categories":[21,7],"tags":[22,23],"class_list":["post-65978","post","type-post","status-publish","format-standard","has-post-thumbnail","hentry","category-aguascalientes","category-pan-aguascalientes","tag-aguascalientes","tag-pan-aguascalientes"],"jetpack_publicize_connections":[],"jetpack_featured_media_url":"https:\/\/i0.wp.com\/informativoelvalledeaguascalientes.online\/wp-content\/uploads\/2025\/02\/IMG-20250222-WA0040.jpg?fit=1600%2C1066&ssl=1","jetpack-related-posts":[],"jetpack_sharing_enabled":true,"jetpack_likes_enabled":true,"_links":{"self":[{"href":"https:\/\/informativoelvalledeaguascalientes.online\/index.php?rest_route=\/wp\/v2\/posts\/65978","targetHints":{"allow":["GET"]}}],"collection":[{"href":"https:\/\/informativoelvalledeaguascalientes.online\/index.php?rest_route=\/wp\/v2\/posts"}],"about":[{"href":"https:\/\/informativoelvalledeaguascalientes.online\/index.php?rest_route=\/wp\/v2\/types\/post"}],"author":[{"embeddable":true,"href":"https:\/\/informativoelvalledeaguascalientes.online\/index.php?rest_route=\/wp\/v2\/users\/1"}],"replies":[{"embeddable":true,"href":"https:\/\/informativoelvalledeaguascalientes.online\/index.php?rest_route=%2Fwp%2Fv2%2Fcomments&post=65978"}],"version-history":[{"count":1,"href":"https:\/\/informativoelvalledeaguascalientes.online\/index.php?rest_route=\/wp\/v2\/posts\/65978\/revisions"}],"predecessor-version":[{"id":65980,"href":"https:\/\/informativoelvalledeaguascalientes.online\/index.php?rest_route=\/wp\/v2\/posts\/65978\/revisions\/65980"}],"wp:featuredmedia":[{"embeddable":true,"href":"https:\/\/informativoelvalledeaguascalientes.online\/index.php?rest_route=\/wp\/v2\/media\/65979"}],"wp:attachment":[{"href":"https:\/\/informativoelvalledeaguascalientes.online\/index.php?rest_route=%2Fwp%2Fv2%2Fmedia&parent=65978"}],"wp:term":[{"taxonomy":"category","embeddable":true,"href":"https:\/\/informativoelvalledeaguascalientes.online\/index.php?rest_route=%2Fwp%2Fv2%2Fcategories&post=65978"},{"taxonomy":"post_tag","embeddable":true,"href":"https:\/\/informativoelvalledeaguascalientes.online\/index.php?rest_route=%2Fwp%2Fv2%2Ftags&post=65978"}],"curies":[{"name":"wp","href":"https:\/\/api.w.org\/{rel}","templated":true}]}}