{"id":65973,"date":"2025-02-22T11:58:38","date_gmt":"2025-02-22T17:58:38","guid":{"rendered":"https:\/\/informativoelvalledeaguascalientes.online\/?p=65973"},"modified":"2025-02-22T11:58:38","modified_gmt":"2025-02-22T17:58:38","slug":"el-color-y-la-tradicion-envuelven-a-jesus-maria-en-el-festival-del-folklore","status":"publish","type":"post","link":"https:\/\/informativoelvalledeaguascalientes.online\/?p=65973","title":{"rendered":"EL COLOR Y LA TRADICI\u00d3N ENVUELVEN A JES\u00daS MAR\u00cdA EN EL FESTIVAL DEL FOLKLORE"},"content":{"rendered":"<p>#informativoelvalledeaguascalientes #informativoelvalledeaguascalientesll #Aguascalientes #novaradioaguascalientes<\/p>\n<p>&nbsp;<\/p>\n<p>&nbsp;<\/p>\n<p>El municipio de Jes\u00fas Mar\u00eda se llena de color, m\u00fasica y tradici\u00f3n tras el arranque oficial del Festival del Folklore 2025, un evento que celebra las ra\u00edces culturales de la regi\u00f3n. La inauguraci\u00f3n fue encabezada por el presidente municipal, C\u00e9sar Medina, quien acompa\u00f1ado por el titular de la Instancia de Cultura, Antonio Amaral, destac\u00f3 la importancia de preservar y promover las expresiones art\u00edsticas tradicionales.<\/p>\n<p>Tras la ceremonia inaugural, los asistentes disfrutaron de la presentaci\u00f3n del grupo de ballet folklo\u0301rico Ollin Yoliztli, que significa vida y movimiento, una agrupaci\u00f3n de danza tradicional originaria de Aguascalientes y cuyos integrantes deleitaron al p\u00fablico con coreograf\u00edas que reflejaron la riqueza cultural de distintas regiones del pa\u00eds.<\/p>\n<p>El festival continuara\u0301 hasta el mi\u00e9rcoles 26 de febrero, con diversas actividades culturales y presentaciones art\u00edsticas que permiten que Jes\u00fas Mar\u00eda se consolide como un espacio para el encuentro y la celebraci\u00f3n de la identidad folklo\u0301rica mexicana.<\/p>\n","protected":false},"excerpt":{"rendered":"<p>#informativoelvalledeaguascalientes #informativoelvalledeaguascalientesll #Aguascalientes #novaradioaguascalientes &nbsp; &nbsp; El municipio de Jes\u00fas Mar\u00eda se llena de color, m\u00fasica y tradici\u00f3n tras el arranque oficial del Festival del Folklore 2025, un evento que celebra las ra\u00edces culturales de la regi\u00f3n. La inauguraci\u00f3n fue encabezada por el presidente municipal, C\u00e9sar Medina, quien acompa\u00f1ado por el titular de la Instancia [&hellip;]<\/p>\n","protected":false},"author":1,"featured_media":65974,"comment_status":"closed","ping_status":"open","sticky":false,"template":"","format":"standard","meta":{"advanced_seo_description":"","jetpack_seo_html_title":"","jetpack_seo_noindex":false,"_jetpack_memberships_contains_paid_content":false,"footnotes":"","jetpack_publicize_message":"","jetpack_publicize_feature_enabled":true,"jetpack_social_post_already_shared":true,"jetpack_social_options":{"image_generator_settings":{"template":"highway","default_image_id":0,"font":"","enabled":false},"version":2}},"categories":[21,14],"tags":[22,45],"class_list":["post-65973","post","type-post","status-publish","format-standard","has-post-thumbnail","hentry","category-aguascalientes","category-jesus-maria-aguascalientes","tag-aguascalientes","tag-jesus-maria-aguascalientes"],"jetpack_publicize_connections":[],"jetpack_featured_media_url":"https:\/\/i0.wp.com\/informativoelvalledeaguascalientes.online\/wp-content\/uploads\/2025\/02\/IMG-20250222-WA0019-scaled.jpg?fit=2560%2C1706&ssl=1","jetpack-related-posts":[],"jetpack_sharing_enabled":true,"jetpack_likes_enabled":true,"_links":{"self":[{"href":"https:\/\/informativoelvalledeaguascalientes.online\/index.php?rest_route=\/wp\/v2\/posts\/65973","targetHints":{"allow":["GET"]}}],"collection":[{"href":"https:\/\/informativoelvalledeaguascalientes.online\/index.php?rest_route=\/wp\/v2\/posts"}],"about":[{"href":"https:\/\/informativoelvalledeaguascalientes.online\/index.php?rest_route=\/wp\/v2\/types\/post"}],"author":[{"embeddable":true,"href":"https:\/\/informativoelvalledeaguascalientes.online\/index.php?rest_route=\/wp\/v2\/users\/1"}],"replies":[{"embeddable":true,"href":"https:\/\/informativoelvalledeaguascalientes.online\/index.php?rest_route=%2Fwp%2Fv2%2Fcomments&post=65973"}],"version-history":[{"count":1,"href":"https:\/\/informativoelvalledeaguascalientes.online\/index.php?rest_route=\/wp\/v2\/posts\/65973\/revisions"}],"predecessor-version":[{"id":65975,"href":"https:\/\/informativoelvalledeaguascalientes.online\/index.php?rest_route=\/wp\/v2\/posts\/65973\/revisions\/65975"}],"wp:featuredmedia":[{"embeddable":true,"href":"https:\/\/informativoelvalledeaguascalientes.online\/index.php?rest_route=\/wp\/v2\/media\/65974"}],"wp:attachment":[{"href":"https:\/\/informativoelvalledeaguascalientes.online\/index.php?rest_route=%2Fwp%2Fv2%2Fmedia&parent=65973"}],"wp:term":[{"taxonomy":"category","embeddable":true,"href":"https:\/\/informativoelvalledeaguascalientes.online\/index.php?rest_route=%2Fwp%2Fv2%2Fcategories&post=65973"},{"taxonomy":"post_tag","embeddable":true,"href":"https:\/\/informativoelvalledeaguascalientes.online\/index.php?rest_route=%2Fwp%2Fv2%2Ftags&post=65973"}],"curies":[{"name":"wp","href":"https:\/\/api.w.org\/{rel}","templated":true}]}}