{"id":65927,"date":"2025-02-20T21:59:08","date_gmt":"2025-02-21T03:59:08","guid":{"rendered":"https:\/\/informativoelvalledeaguascalientes.online\/?p=65927"},"modified":"2025-02-20T21:59:08","modified_gmt":"2025-02-21T03:59:08","slug":"inician-jornadas-de-capacitacion-de-proteccion-civil-en-jesus-maria-con-cursos-para-todos","status":"publish","type":"post","link":"https:\/\/informativoelvalledeaguascalientes.online\/?p=65927","title":{"rendered":"INICIAN JORNADAS DE CAPACITACI\u00d3N DE PROTECCI\u00d3N CIVIL EN JES\u00daS MAR\u00cdA CON CURSOS PARA TODOS"},"content":{"rendered":"<p>#informativoelvalledeaguascalientes #novaradioaguascalientes #informativoelvalledeaguascalientesll<\/p>\n<p>\u2022 Est\u00e1n dirigidos a servidores p\u00fablicos, brigadistas y la ciudadan\u00eda en general<\/p>\n<p>\u2022 Expertos en la materia imparten capacitaci\u00f3n a precios accesibles<\/p>\n<p>Con el objetivo de que la poblaci\u00f3n adquiera conocimientos y habilidades necesarios para enfrentar situaciones de emergencia y desastres, el Gobierno Municipal de Jes\u00fas Mar\u00eda, a trav\u00e9s de la Direcci\u00f3n de Protecci\u00f3n Civil, invita participar en las jornadas de capacitaci\u00f3n de Protecci\u00f3n Civil, que imparten expertos en la materia a precios accesibles.<\/p>\n<p>El director de Protecci\u00f3n Civil Municipal, H\u00e9ctor Manuel Reyes inform\u00f3 que, del jueves 20 al viernes 28 de febrero, se llevar\u00e1 a cabo la jornada de capacitaci\u00f3n en la materia, la cual est\u00e1 dirigida a brigadistas, servidores p\u00fablicos y la ciudadan\u00eda en general.<\/p>\n<p>Inform\u00f3 que, dentro del programa, se imparten diversas capacitaciones, entre las cuales destacan: formaci\u00f3n de brigadas, evacuaci\u00f3n y se\u00f1al\u00e9tica, primeros auxilios, as\u00ed como de uso y manejo de extintores, entre otros temas \u201cLa capacitaci\u00f3n en materia de protecci\u00f3n civil no solo fortalece la respuesta ante emergencias, sino que tambi\u00e9n fomenta una cultura de prevenci\u00f3n que puede salvar vidas\u201d dijo.<\/p>\n<p>Agreg\u00f3 que es fundamental que todos estemos preparados para actuar con rapidez y eficacia en momentos cr\u00edticos, por lo que reiter\u00f3 el compromiso del Gobierno Municipal de Jes\u00fas Mar\u00eda, por fortalecer la cultura de la seguridad y prevenci\u00f3n entre toda la ciudadan\u00eda.<\/p>\n<p>Para mayores informes comunicarse a los tel\u00e9fonos: 449 963 99 21 y 449 452 98 93; Cabe se\u00f1alar que todos los cursos se imparten en la Teleaula del Complejo Administrativo Metropolitano, ubicado en Paseo de los Chicahuales<\/p>\n","protected":false},"excerpt":{"rendered":"<p>#informativoelvalledeaguascalientes #novaradioaguascalientes #informativoelvalledeaguascalientesll \u2022 Est\u00e1n dirigidos a servidores p\u00fablicos, brigadistas y la ciudadan\u00eda en general \u2022 Expertos en la materia imparten capacitaci\u00f3n a precios accesibles Con el objetivo de que la poblaci\u00f3n adquiera conocimientos y habilidades necesarios para enfrentar situaciones de emergencia y desastres, el Gobierno Municipal de Jes\u00fas Mar\u00eda, a trav\u00e9s de la Direcci\u00f3n [&hellip;]<\/p>\n","protected":false},"author":1,"featured_media":65934,"comment_status":"closed","ping_status":"open","sticky":false,"template":"","format":"standard","meta":{"advanced_seo_description":"","jetpack_seo_html_title":"","jetpack_seo_noindex":false,"_jetpack_memberships_contains_paid_content":false,"footnotes":"","jetpack_publicize_message":"","jetpack_publicize_feature_enabled":true,"jetpack_social_post_already_shared":true,"jetpack_social_options":{"image_generator_settings":{"template":"highway","default_image_id":0,"font":"","enabled":false},"version":2}},"categories":[14],"tags":[22,45],"class_list":["post-65927","post","type-post","status-publish","format-standard","has-post-thumbnail","hentry","category-jesus-maria-aguascalientes","tag-aguascalientes","tag-jesus-maria-aguascalientes"],"jetpack_publicize_connections":[],"jetpack_featured_media_url":"https:\/\/i0.wp.com\/informativoelvalledeaguascalientes.online\/wp-content\/uploads\/2025\/02\/63734da4-85aa-4ae7-8721-070cf942d0b4.jpeg?fit=2560%2C1603&ssl=1","jetpack-related-posts":[],"jetpack_sharing_enabled":true,"jetpack_likes_enabled":true,"_links":{"self":[{"href":"https:\/\/informativoelvalledeaguascalientes.online\/index.php?rest_route=\/wp\/v2\/posts\/65927","targetHints":{"allow":["GET"]}}],"collection":[{"href":"https:\/\/informativoelvalledeaguascalientes.online\/index.php?rest_route=\/wp\/v2\/posts"}],"about":[{"href":"https:\/\/informativoelvalledeaguascalientes.online\/index.php?rest_route=\/wp\/v2\/types\/post"}],"author":[{"embeddable":true,"href":"https:\/\/informativoelvalledeaguascalientes.online\/index.php?rest_route=\/wp\/v2\/users\/1"}],"replies":[{"embeddable":true,"href":"https:\/\/informativoelvalledeaguascalientes.online\/index.php?rest_route=%2Fwp%2Fv2%2Fcomments&post=65927"}],"version-history":[{"count":1,"href":"https:\/\/informativoelvalledeaguascalientes.online\/index.php?rest_route=\/wp\/v2\/posts\/65927\/revisions"}],"predecessor-version":[{"id":65936,"href":"https:\/\/informativoelvalledeaguascalientes.online\/index.php?rest_route=\/wp\/v2\/posts\/65927\/revisions\/65936"}],"wp:featuredmedia":[{"embeddable":true,"href":"https:\/\/informativoelvalledeaguascalientes.online\/index.php?rest_route=\/wp\/v2\/media\/65934"}],"wp:attachment":[{"href":"https:\/\/informativoelvalledeaguascalientes.online\/index.php?rest_route=%2Fwp%2Fv2%2Fmedia&parent=65927"}],"wp:term":[{"taxonomy":"category","embeddable":true,"href":"https:\/\/informativoelvalledeaguascalientes.online\/index.php?rest_route=%2Fwp%2Fv2%2Fcategories&post=65927"},{"taxonomy":"post_tag","embeddable":true,"href":"https:\/\/informativoelvalledeaguascalientes.online\/index.php?rest_route=%2Fwp%2Fv2%2Ftags&post=65927"}],"curies":[{"name":"wp","href":"https:\/\/api.w.org\/{rel}","templated":true}]}}