{"id":65876,"date":"2025-02-19T20:24:37","date_gmt":"2025-02-20T02:24:37","guid":{"rendered":"https:\/\/informativoelvalledeaguascalientes.online\/?p=65876"},"modified":"2025-02-19T20:24:37","modified_gmt":"2025-02-20T02:24:37","slug":"este-viernes-servicios-veterinarios-gratuitos-en-el-llano","status":"publish","type":"post","link":"https:\/\/informativoelvalledeaguascalientes.online\/?p=65876","title":{"rendered":"ESTE VIERNES SERVICIOS VETERINARIOS GRATUITOS EN EL LLANO"},"content":{"rendered":"<p>#informativoelvalledeaguascalientes #novaradioaguascalientes #informativoelvalledeaguascalientesll #Aguascalientes<\/p>\n<p>&nbsp;<\/p>\n<div id=\"bgLayers_comp-l7sh9ubr2\" class=\"MW5IWV\" data-hook=\"bgLayers\" data-motion-part=\"BG_LAYER comp-l7sh9ubr2\"><\/div>\n<div class=\"\" data-mesh-id=\"comp-l7sh9ubr2inlineContent\" data-testid=\"inline-content\">\n<div data-mesh-id=\"comp-l7sh9ubr2inlineContent-gridContainer\" data-testid=\"mesh-container-content\">\n<div id=\"comp-l7yvxqo2\" class=\"MazNVa comp-l7yvxqo2 wixui-image\">\n<div class=\"j7pOnl\" data-testid=\"linkElement\"><\/div>\n<\/div>\n<div id=\"comp-l7sh9ubx\" class=\"TWFxr5 \">\n<div class=\"comp-l7sh9ubx\">\n<div class=\"sGWYken comp-l7sh9ubx\" data-hook=\"ricosviewer-wrapper\">\n<div class=\"nIlW2\" dir=\"ltr\" data-id=\"content-viewer\">\n<div class=\"C0hbR\">\n<div class=\"av0i6\">\n<p id=\"viewer-hbt32123\" class=\"o0STb GF80u _6Vwzd HjRUP\" dir=\"auto\"><span class=\"B-fpk _6Vwzd\">El Gobierno del Estado, a trav\u00e9s de la Procuradur\u00eda Estatal de Protecci\u00f3n al Ambiente (Proespa), invita a las y los propietarios de mascotas a participar en la Caravana de la Salud Canina y Felina que se realizar\u00e1 en la comunidad de Los Conos, en el municipio de El Llano.<\/span><\/p>\n<div id=\"viewer-mtnyw125\" class=\"o0STb GF80u joYDm HjRUP\" dir=\"auto\"><span class=\"B-fpk\">\u00a0<\/span><\/div>\n<p id=\"viewer-5rgpv126\" class=\"o0STb GF80u _6Vwzd HjRUP\" dir=\"auto\"><span class=\"B-fpk _6Vwzd\">La cita es este viernes 21 de febrero de 10:00 a 14:00 horas en el Museo y Casa de la Ciencia \u201cEl Semillero\u201d, con ubicaci\u00f3n en Francisco I. Madero No. 342, en dicha localidad.<\/span><\/p>\n<div id=\"viewer-bxif8128\" class=\"o0STb GF80u joYDm HjRUP\" dir=\"auto\"><span class=\"B-fpk\">\u00a0<\/span><\/div>\n<p id=\"viewer-nxuip129\" class=\"o0STb GF80u _6Vwzd HjRUP\" dir=\"auto\"><span class=\"B-fpk _6Vwzd\">En esta jornada, las mascotas tendr\u00e1n acceso gratuito a servicios como esterilizaci\u00f3n, est\u00e9tica canina, valoraci\u00f3n m\u00e9dica, desparasitaci\u00f3n y vacunas, entre otros; adem\u00e1s, se brindar\u00e1n pl\u00e1ticas de concientizaci\u00f3n sobre el cuidado y protecci\u00f3n de los animales de compa\u00f1\u00eda.<\/span><\/p>\n<div id=\"viewer-nzjs4131\" class=\"o0STb GF80u joYDm HjRUP\" dir=\"auto\"><span class=\"B-fpk\">\u00a0<\/span><\/div>\n<p id=\"viewer-ppon6132\" class=\"o0STb GF80u _6Vwzd HjRUP\" dir=\"auto\"><span class=\"B-fpk _6Vwzd\">Para mayor informaci\u00f3n, comunicarse al Tel. 449 917 10 51, de lunes a viernes de las 8:00 a las 15:30 horas.<\/span><\/p>\n<div id=\"viewer-ofbtj134\" class=\"o0STb GF80u joYDm HjRUP\" dir=\"auto\"><\/div>\n<\/div>\n<\/div>\n<\/div>\n<\/div>\n<\/div>\n<\/div>\n<\/div>\n<\/div>\n","protected":false},"excerpt":{"rendered":"<p>#informativoelvalledeaguascalientes #novaradioaguascalientes #informativoelvalledeaguascalientesll #Aguascalientes &nbsp; El Gobierno del Estado, a trav\u00e9s de la Procuradur\u00eda Estatal de Protecci\u00f3n al Ambiente (Proespa), invita a las y los propietarios de mascotas a participar en la Caravana de la Salud Canina y Felina que se realizar\u00e1 en la comunidad de Los Conos, en el municipio de El Llano. \u00a0 [&hellip;]<\/p>\n","protected":false},"author":1,"featured_media":65878,"comment_status":"closed","ping_status":"open","sticky":false,"template":"","format":"standard","meta":{"advanced_seo_description":"","jetpack_seo_html_title":"","jetpack_seo_noindex":false,"_jetpack_memberships_contains_paid_content":false,"footnotes":"","jetpack_publicize_message":"","jetpack_publicize_feature_enabled":true,"jetpack_social_post_already_shared":true,"jetpack_social_options":{"image_generator_settings":{"template":"highway","default_image_id":0,"font":"","enabled":false},"version":2}},"categories":[21,4],"tags":[22,615,86],"class_list":["post-65876","post","type-post","status-publish","format-standard","has-post-thumbnail","hentry","category-aguascalientes","category-gobierno-del-estado-aguascalientes","tag-aguascalientes","tag-gobierno-del-estado-de-aguascalientes","tag-proespa"],"jetpack_publicize_connections":[],"jetpack_featured_media_url":"https:\/\/i0.wp.com\/informativoelvalledeaguascalientes.online\/wp-content\/uploads\/2025\/02\/37.jpeg?fit=1427%2C1125&ssl=1","jetpack-related-posts":[],"jetpack_sharing_enabled":true,"jetpack_likes_enabled":true,"_links":{"self":[{"href":"https:\/\/informativoelvalledeaguascalientes.online\/index.php?rest_route=\/wp\/v2\/posts\/65876","targetHints":{"allow":["GET"]}}],"collection":[{"href":"https:\/\/informativoelvalledeaguascalientes.online\/index.php?rest_route=\/wp\/v2\/posts"}],"about":[{"href":"https:\/\/informativoelvalledeaguascalientes.online\/index.php?rest_route=\/wp\/v2\/types\/post"}],"author":[{"embeddable":true,"href":"https:\/\/informativoelvalledeaguascalientes.online\/index.php?rest_route=\/wp\/v2\/users\/1"}],"replies":[{"embeddable":true,"href":"https:\/\/informativoelvalledeaguascalientes.online\/index.php?rest_route=%2Fwp%2Fv2%2Fcomments&post=65876"}],"version-history":[{"count":1,"href":"https:\/\/informativoelvalledeaguascalientes.online\/index.php?rest_route=\/wp\/v2\/posts\/65876\/revisions"}],"predecessor-version":[{"id":65879,"href":"https:\/\/informativoelvalledeaguascalientes.online\/index.php?rest_route=\/wp\/v2\/posts\/65876\/revisions\/65879"}],"wp:featuredmedia":[{"embeddable":true,"href":"https:\/\/informativoelvalledeaguascalientes.online\/index.php?rest_route=\/wp\/v2\/media\/65878"}],"wp:attachment":[{"href":"https:\/\/informativoelvalledeaguascalientes.online\/index.php?rest_route=%2Fwp%2Fv2%2Fmedia&parent=65876"}],"wp:term":[{"taxonomy":"category","embeddable":true,"href":"https:\/\/informativoelvalledeaguascalientes.online\/index.php?rest_route=%2Fwp%2Fv2%2Fcategories&post=65876"},{"taxonomy":"post_tag","embeddable":true,"href":"https:\/\/informativoelvalledeaguascalientes.online\/index.php?rest_route=%2Fwp%2Fv2%2Ftags&post=65876"}],"curies":[{"name":"wp","href":"https:\/\/api.w.org\/{rel}","templated":true}]}}