{"id":65855,"date":"2025-02-18T22:25:21","date_gmt":"2025-02-19T04:25:21","guid":{"rendered":"https:\/\/informativoelvalledeaguascalientes.online\/?p=65855"},"modified":"2025-02-18T22:25:21","modified_gmt":"2025-02-19T04:25:21","slug":"para-promover-la-cultura-y-las-tradiciones-anuncian-festival-del-folklor-en-jesus-maria","status":"publish","type":"post","link":"https:\/\/informativoelvalledeaguascalientes.online\/?p=65855","title":{"rendered":"PARA PROMOVER LA CULTURA Y LAS TRADICIONES ANUNCIAN FESTIVAL DEL FOLKLOR EN JES\u00daS MAR\u00cdA"},"content":{"rendered":"<p>#informativoelvalledeaguascalientes #novaradioaguascalientes #informativoelvalledeaguascalientesll<\/p>\n<p>Con el objetivo de preservar y promover las tradiciones culturales, el Gobierno de Jes\u00fas Mar\u00eda, a trav\u00e9s de la Instancia de la Cultura, invita a toda la ciudadan\u00eda al festival del folklor, que se llevar\u00e1 a cabo del 21 al 26 de febrero en la plaza principal.<\/p>\n<p>El titular de la Instancia de la Cultura, Antonio Mu\u00f1oz Amaral inform\u00f3 que este evento reunir\u00e1 a diversos ballets folkl\u00f3ricos que mostrar\u00e1n la riqueza danc\u00edstica de la regi\u00f3n.<\/p>\n<p>Indic\u00f3, que el viernes 21 de febrero a las 07:45 de la noche, ser\u00e1 la inauguraci\u00f3n y posteriormente la presentaci\u00f3n del grupo de danza folklorica Oliin Yoliztli de Aguascalientes.<\/p>\n<p>Por su parte, el presidente municipal de Jes\u00fas Mar\u00eda, C\u00e9sar Medina invit\u00f3 a toda la ciudadan\u00eda a disfrutar de esta celebraci\u00f3n llena de color y m\u00fasica, en un ambiente familiar.<\/p>\n","protected":false},"excerpt":{"rendered":"<p>#informativoelvalledeaguascalientes #novaradioaguascalientes #informativoelvalledeaguascalientesll Con el objetivo de preservar y promover las tradiciones culturales, el Gobierno de Jes\u00fas Mar\u00eda, a trav\u00e9s de la Instancia de la Cultura, invita a toda la ciudadan\u00eda al festival del folklor, que se llevar\u00e1 a cabo del 21 al 26 de febrero en la plaza principal. El titular de la Instancia [&hellip;]<\/p>\n","protected":false},"author":1,"featured_media":65856,"comment_status":"closed","ping_status":"open","sticky":false,"template":"","format":"standard","meta":{"advanced_seo_description":"","jetpack_seo_html_title":"","jetpack_seo_noindex":false,"_jetpack_memberships_contains_paid_content":false,"footnotes":"","jetpack_publicize_message":"","jetpack_publicize_feature_enabled":true,"jetpack_social_post_already_shared":true,"jetpack_social_options":{"image_generator_settings":{"template":"highway","default_image_id":0,"font":"","enabled":false},"version":2}},"categories":[21,14],"tags":[22,45],"class_list":["post-65855","post","type-post","status-publish","format-standard","has-post-thumbnail","hentry","category-aguascalientes","category-jesus-maria-aguascalientes","tag-aguascalientes","tag-jesus-maria-aguascalientes"],"jetpack_publicize_connections":[],"jetpack_featured_media_url":"https:\/\/i0.wp.com\/informativoelvalledeaguascalientes.online\/wp-content\/uploads\/2025\/02\/93764919-ba4f-4151-ae31-7e56705af900.jpeg?fit=1024%2C1536&ssl=1","jetpack-related-posts":[],"jetpack_sharing_enabled":true,"jetpack_likes_enabled":true,"_links":{"self":[{"href":"https:\/\/informativoelvalledeaguascalientes.online\/index.php?rest_route=\/wp\/v2\/posts\/65855","targetHints":{"allow":["GET"]}}],"collection":[{"href":"https:\/\/informativoelvalledeaguascalientes.online\/index.php?rest_route=\/wp\/v2\/posts"}],"about":[{"href":"https:\/\/informativoelvalledeaguascalientes.online\/index.php?rest_route=\/wp\/v2\/types\/post"}],"author":[{"embeddable":true,"href":"https:\/\/informativoelvalledeaguascalientes.online\/index.php?rest_route=\/wp\/v2\/users\/1"}],"replies":[{"embeddable":true,"href":"https:\/\/informativoelvalledeaguascalientes.online\/index.php?rest_route=%2Fwp%2Fv2%2Fcomments&post=65855"}],"version-history":[{"count":1,"href":"https:\/\/informativoelvalledeaguascalientes.online\/index.php?rest_route=\/wp\/v2\/posts\/65855\/revisions"}],"predecessor-version":[{"id":65857,"href":"https:\/\/informativoelvalledeaguascalientes.online\/index.php?rest_route=\/wp\/v2\/posts\/65855\/revisions\/65857"}],"wp:featuredmedia":[{"embeddable":true,"href":"https:\/\/informativoelvalledeaguascalientes.online\/index.php?rest_route=\/wp\/v2\/media\/65856"}],"wp:attachment":[{"href":"https:\/\/informativoelvalledeaguascalientes.online\/index.php?rest_route=%2Fwp%2Fv2%2Fmedia&parent=65855"}],"wp:term":[{"taxonomy":"category","embeddable":true,"href":"https:\/\/informativoelvalledeaguascalientes.online\/index.php?rest_route=%2Fwp%2Fv2%2Fcategories&post=65855"},{"taxonomy":"post_tag","embeddable":true,"href":"https:\/\/informativoelvalledeaguascalientes.online\/index.php?rest_route=%2Fwp%2Fv2%2Ftags&post=65855"}],"curies":[{"name":"wp","href":"https:\/\/api.w.org\/{rel}","templated":true}]}}