{"id":65834,"date":"2025-02-18T21:58:58","date_gmt":"2025-02-19T03:58:58","guid":{"rendered":"https:\/\/informativoelvalledeaguascalientes.online\/?p=65834"},"modified":"2025-02-18T21:58:58","modified_gmt":"2025-02-19T03:58:58","slug":"entrega-tere-jimenez-lentes-gratuitos-a-mil-personas-con-deficiencia-visual-2","status":"publish","type":"post","link":"https:\/\/informativoelvalledeaguascalientes.online\/?p=65834","title":{"rendered":"ENTREGA TERE JIM\u00c9NEZ LENTES GRATUITOS A MIL PERSONAS CON DEFICIENCIA VISUAL"},"content":{"rendered":"<p style=\"text-align: center;\">#informativoelvalledeaguascalientes , #novaradioaguascalientes<\/p>\n<p>Esos apoyos les permitir\u00e1n mejorar su vista y tener una mayor calidad de vida<\/p>\n<p>&nbsp;<\/p>\n<p>Nosotros trabajamos todos los d\u00edas para que ustedes est\u00e9n bien y vivan mejor: Tere Jim\u00e9nez<\/p>\n<p>&nbsp;<\/p>\n<p>La gobernadora invit\u00f3 a toda la poblaci\u00f3n a participar en los diversos programas y acciones que promueve el Gobierno del Estado<\/p>\n<p>&nbsp;<\/p>\n<p>&nbsp;<\/p>\n<p>La gobernadora de Aguascalientes, Tere Jim\u00e9nez, entreg\u00f3 lentes gratuitos a mil personas de todos los municipios del estado, lo que les permitir\u00e1 mejorar su vista y, con ello, tener una mayor calidad de vida.<\/p>\n<p>&nbsp;<\/p>\n<p>&nbsp;<\/p>\n<p>\u201cNosotros trabajamos todos los d\u00edas para que ustedes est\u00e9n bien y vivan mejor; nuestro compromiso es que ustedes siempre ganen\u201d, les dijo la gobernadora a las y los beneficiarios que asistieron al evento que se realiz\u00f3 en el Complejo Tres Centurias.<\/p>\n<p>&nbsp;<\/p>\n<p>&nbsp;<\/p>\n<p>De igual forma los invit\u00f3 a participar en todos los programas que impulsa el Gobierno del Estado en beneficio de todos los aguascalentenses, especialmente a favor de quienes m\u00e1s lo necesitan.<\/p>\n<p>&nbsp;<\/p>\n<p>&nbsp;<\/p>\n<p>Aurora Jim\u00e9nez Esquivel, presidenta del DIF Estatal, detall\u00f3 que los beneficiarios de la campa\u00f1a \u201cAmor a Primera Vista\u201d son personas mayores de 40 a\u00f1os, con deficiencias visuales y que viven en condiciones de vulnerabilidad, quienes adem\u00e1s de sus lentes, recibieron valoraci\u00f3n optom\u00e9trica sin costo.<\/p>\n<p>&nbsp;<\/p>\n<p>&nbsp;<\/p>\n<p>\u201cTrabajamos a favor de quienes m\u00e1s lo necesitan; por eso impulsamos acciones que favorezcan el desarrollo familiar y social de las personas que presentan alguna condici\u00f3n de salud que requiere de nuestro auxilio\u201d, sostuvo.<\/p>\n<p>&nbsp;<\/p>\n<p>&nbsp;<\/p>\n<p>H\u00e9ctor Castorena Esparza, encargado de despacho de la Direcci\u00f3n General del DIF Estatal, reiter\u00f3 el compromiso de esta instituci\u00f3n por elevar los niveles de bienestar de la poblaci\u00f3n y por promover acciones que permitan tener un Aguascalientes m\u00e1s justo e incluyente.<\/p>\n<p>&nbsp;<\/p>\n<p>&nbsp;<\/p>\n<p>Por \u00faltimo, a nombre de todas y todos los beneficiarios, la se\u00f1ora Juana Mar\u00eda Urrutia Islas agradeci\u00f3 los apoyos recibidos, ya que les ayudar\u00e1n a tener una mejor visi\u00f3n para realizar sus actividades cotidianas.<\/p>\n<p>&nbsp;<\/p>\n<p>&nbsp;<\/p>\n<p style=\"text-align: left;\">En el evento tambi\u00e9n estuvieron presentes el presidente municipal de Aguascalientes, Leonardo Monta\u00f1ez Castro; la presidenta municipal de Pabell\u00f3n de Arteaga, Lucero Espinoza V\u00e1zquez; la secretaria de la Familia, Norma Adela Guel Sald\u00edvar; la directora general del Instituto de las Personas Adultas Mayores; Ma. de Jes\u00fas Ram\u00edrez Castro; y Miguel \u00c1ngel D\u00edaz G\u00f3mez, beneficiario.<\/p>\n","protected":false},"excerpt":{"rendered":"<p>#informativoelvalledeaguascalientes , #novaradioaguascalientes Esos apoyos les permitir\u00e1n mejorar su vista y tener una mayor calidad de vida &nbsp; Nosotros trabajamos todos los d\u00edas para que ustedes est\u00e9n bien y vivan mejor: Tere Jim\u00e9nez &nbsp; La gobernadora invit\u00f3 a toda la poblaci\u00f3n a participar en los diversos programas y acciones que promueve el Gobierno del Estado [&hellip;]<\/p>\n","protected":false},"author":1,"featured_media":65835,"comment_status":"closed","ping_status":"open","sticky":false,"template":"","format":"standard","meta":{"advanced_seo_description":"","jetpack_seo_html_title":"","jetpack_seo_noindex":false,"_jetpack_memberships_contains_paid_content":false,"footnotes":"","jetpack_publicize_message":"","jetpack_publicize_feature_enabled":true,"jetpack_social_post_already_shared":true,"jetpack_social_options":{"image_generator_settings":{"template":"highway","default_image_id":0,"font":"","enabled":false},"version":2}},"categories":[21,4],"tags":[22,65,615,320],"class_list":["post-65834","post","type-post","status-publish","format-standard","has-post-thumbnail","hentry","category-aguascalientes","category-gobierno-del-estado-aguascalientes","tag-aguascalientes","tag-dif-estatal-aguascalientes","tag-gobierno-del-estado-de-aguascalientes","tag-tere-jimenez"],"jetpack_publicize_connections":[],"jetpack_featured_media_url":"https:\/\/i0.wp.com\/informativoelvalledeaguascalientes.online\/wp-content\/uploads\/2025\/02\/9-2.jpeg?fit=1599%2C1066&ssl=1","jetpack-related-posts":[],"jetpack_sharing_enabled":true,"jetpack_likes_enabled":true,"_links":{"self":[{"href":"https:\/\/informativoelvalledeaguascalientes.online\/index.php?rest_route=\/wp\/v2\/posts\/65834","targetHints":{"allow":["GET"]}}],"collection":[{"href":"https:\/\/informativoelvalledeaguascalientes.online\/index.php?rest_route=\/wp\/v2\/posts"}],"about":[{"href":"https:\/\/informativoelvalledeaguascalientes.online\/index.php?rest_route=\/wp\/v2\/types\/post"}],"author":[{"embeddable":true,"href":"https:\/\/informativoelvalledeaguascalientes.online\/index.php?rest_route=\/wp\/v2\/users\/1"}],"replies":[{"embeddable":true,"href":"https:\/\/informativoelvalledeaguascalientes.online\/index.php?rest_route=%2Fwp%2Fv2%2Fcomments&post=65834"}],"version-history":[{"count":1,"href":"https:\/\/informativoelvalledeaguascalientes.online\/index.php?rest_route=\/wp\/v2\/posts\/65834\/revisions"}],"predecessor-version":[{"id":65836,"href":"https:\/\/informativoelvalledeaguascalientes.online\/index.php?rest_route=\/wp\/v2\/posts\/65834\/revisions\/65836"}],"wp:featuredmedia":[{"embeddable":true,"href":"https:\/\/informativoelvalledeaguascalientes.online\/index.php?rest_route=\/wp\/v2\/media\/65835"}],"wp:attachment":[{"href":"https:\/\/informativoelvalledeaguascalientes.online\/index.php?rest_route=%2Fwp%2Fv2%2Fmedia&parent=65834"}],"wp:term":[{"taxonomy":"category","embeddable":true,"href":"https:\/\/informativoelvalledeaguascalientes.online\/index.php?rest_route=%2Fwp%2Fv2%2Fcategories&post=65834"},{"taxonomy":"post_tag","embeddable":true,"href":"https:\/\/informativoelvalledeaguascalientes.online\/index.php?rest_route=%2Fwp%2Fv2%2Ftags&post=65834"}],"curies":[{"name":"wp","href":"https:\/\/api.w.org\/{rel}","templated":true}]}}