{"id":65833,"date":"2025-02-18T22:03:13","date_gmt":"2025-02-19T04:03:13","guid":{"rendered":"https:\/\/informativoelvalledeaguascalientes.online\/?p=65833"},"modified":"2025-02-18T22:03:13","modified_gmt":"2025-02-19T04:03:13","slug":"adultos-mayores-pueden-acceder-a-una-alimentacion-sana-y-gratuita-en-los-comedores-comunitarios-del-estado","status":"publish","type":"post","link":"https:\/\/informativoelvalledeaguascalientes.online\/?p=65833","title":{"rendered":"ADULTOS MAYORES PUEDEN ACCEDER A UNA ALIMENTACI\u00d3N SANA Y GRATUITA EN LOS COMEDORES COMUNITARIOS DEL ESTADO"},"content":{"rendered":"<div id=\"bgLayers_comp-l7sh9ubr2\" class=\"MW5IWV\" data-hook=\"bgLayers\" data-motion-part=\"BG_LAYER comp-l7sh9ubr2\">\n<div id=\"bgMedia_comp-l7sh9ubr2\" class=\"VgO9Yg\" data-motion-part=\"BG_MEDIA comp-l7sh9ubr2\"><\/div>\n<\/div>\n<div class=\"\" data-mesh-id=\"comp-l7sh9ubr2inlineContent\" data-testid=\"inline-content\">\n<div class=\"MazNVa comp-l7yvxqnz wixui-image rYiAuL\"><\/div>\n<div data-mesh-id=\"comp-l7sh9ubr2inlineContent-gridContainer\" data-testid=\"mesh-container-content\">\n<div id=\"comp-l7yvxqo2\" class=\"MazNVa comp-l7yvxqo2 wixui-image\">\n<div class=\"j7pOnl\" data-testid=\"linkElement\">#informativoelvalledeaguascalientes #novaradioaguascalientes #informativoelvalledeaguascalientesll<\/div>\n<\/div>\n<div id=\"comp-l7sh9ubx\" class=\"TWFxr5 \">\n<div class=\"comp-l7sh9ubx\">\n<div class=\"sGWYken comp-l7sh9ubx\" data-hook=\"ricosviewer-wrapper\">\n<div class=\"nIlW2\" dir=\"ltr\" data-id=\"content-viewer\">\n<div class=\"C0hbR\">\n<div class=\"av0i6\">\n<ul class=\"_9iRlZ joYDm\">\n<li class=\"AY0Vp\" dir=\"auto\" aria-level=\"1\">\n<p id=\"viewer-61wdd157\" class=\"o0STb GF80u _6Vwzd HjRUP\" dir=\"\"><span class=\"B-fpk _6Vwzd\"><strong><em>Actualmente funcionan 17 comedores en todo el estado, donde las y los abuelitos reciben una alimentaci\u00f3n balanceada y nutritiva<\/em><\/strong><\/span><\/p>\n<\/li>\n<li class=\"AY0Vp\" dir=\"auto\" aria-level=\"1\">\n<p id=\"viewer-57jg5160\" class=\"o0STb GF80u _6Vwzd HjRUP\" dir=\"\"><span class=\"B-fpk _6Vwzd\"><strong><em>Para mayores informes, comunicarse al tel\u00e9fono 449 910 26 49 o acudir a las instalaciones del IAPAM, en la calle \u00c1lvaro Obreg\u00f3n No. 229, Zona Centro<\/em><\/strong><\/span><\/p>\n<\/li>\n<li class=\"AY0Vp\" dir=\"auto\" aria-level=\"1\">\n<p id=\"viewer-5hluh163\" class=\"o0STb GF80u _6Vwzd HjRUP\" dir=\"\"><span class=\"B-fpk _6Vwzd\"><strong><em>Es compromiso de la gobernadora Tere Jim\u00e9nez mejorar la calidad de vida de las y los adultos mayores con acciones que promuevan su sano desarrollo\u00a0\u00a0<\/em><\/strong><\/span><\/p>\n<\/li>\n<\/ul>\n<div id=\"viewer-ondz1165\" class=\"o0STb GF80u joYDm HjRUP\" dir=\"auto\"><span class=\"B-fpk\">\u00a0<\/span><\/div>\n<p id=\"viewer-52oz6166\" class=\"o0STb GF80u _6Vwzd HjRUP\" dir=\"auto\"><span class=\"B-fpk _6Vwzd\">Invitan a adultos mayores a visitar los comedores comunitarios gratuitos ubicados en todo el estado; en estos lugares, las y los abuelitos reciben una sana alimentaci\u00f3n que responde a sus requerimientos nutricionales.\u00a0<\/span><\/p>\n<div id=\"viewer-auu5j190\" class=\"o0STb GF80u _6Vwzd HjRUP\" dir=\"auto\"><span class=\"B-fpk _6Vwzd\">\u00a0<\/span><\/div>\n<p id=\"viewer-eqolf168\" class=\"o0STb GF80u _6Vwzd HjRUP\" dir=\"auto\"><span class=\"B-fpk _6Vwzd\">La creaci\u00f3n de estos espacios, en total 17 en todo el estado,\u00a0 es parte del compromiso de la gobernadora de Aguascalientes, Tere Jim\u00e9nez, de mejorar la calidad de vida de las y los adultos mayores con acciones que promuevan su sano desarrollo.\u00a0\u00a0<\/span><\/p>\n<div id=\"viewer-v2bod204\" class=\"o0STb GF80u _6Vwzd HjRUP\" dir=\"auto\"><span class=\"B-fpk _6Vwzd\">\u00a0<\/span><\/div>\n<p id=\"viewer-m0v2g170\" class=\"o0STb GF80u _6Vwzd HjRUP\" dir=\"auto\"><span class=\"B-fpk _6Vwzd\">En la ciudad capital funcionan ocho comedores que brindan alimentos equilibrados, calientes y nutritivos. De las 9:00 a las 11:00 horas se ofrece este servicio en el Centro de Atenci\u00f3n Integral al Adulto Mayor, en la calle Miguel Ruelas No. 802, colonia Olivares Santana; en Fraguas No. 502, esquina con calle Mar\u00eda Luisa S\u00e1nchez Ram\u00edrez, fraccionamiento Rodolfo Landeros; y en la calle \u00c1rea \u201cA\u201d No. 102, esquina con la Unidad Habitacional Benito Ju\u00e1rez, en la colonia Indeco.\u00a0<\/span><\/p>\n<div id=\"viewer-y3h1b172\" class=\"o0STb GF80u joYDm HjRUP\" dir=\"auto\"><span class=\"B-fpk\">\u00a0<\/span><\/div>\n<p id=\"viewer-gqo0u173\" class=\"o0STb GF80u _6Vwzd HjRUP\" dir=\"auto\"><span class=\"B-fpk _6Vwzd\">De las 13:00 a las 14:30 horas, funcionan los comedores en Plan de Ayala No. 123, colonia Emiliano Zapata; Francisco Gonz\u00e1lez Le\u00f3n No. 106, en Santa Anita, Segunda Secci\u00f3n; en la calle Jos\u00e9 Refugio Velasco No. 1006, colonia Nazario Ortiz Garza; en la Privada Delicias No. 233, Barrio la Salud, y en la calle Agust\u00edn de Iturbide No. 113, colonia Vicente Guerrero.\u00a0<\/span><\/p>\n<p id=\"viewer-u6r6n177\" class=\"o0STb GF80u _6Vwzd HjRUP\" dir=\"auto\"><span class=\"B-fpk _6Vwzd\">En los municipios, los comedores que ofrecen servicio de las 9:00 a las 11:00 horas son: Calvillo, en la calle Art\u00edculo 115 Constitucional s\/n, colonia Del Carmen; Pabell\u00f3n de Arteaga, en la calle Vicente Guerrero No. 3, colonia Palo Alto; San Jos\u00e9 de Gracia, en calle Juan Crist\u00f3bal el Mozo No. 101, colonia Las Ca\u00f1adas; y Cos\u00edo, en la calle Francisco I. Madero s\/n, esquina con Jos\u00e9 Mar\u00eda Morelos y Pav\u00f3n, en la Zona Centro.<\/span><\/p>\n<p id=\"viewer-tu47j181\" class=\"o0STb GF80u _6Vwzd HjRUP\" dir=\"auto\"><span class=\"B-fpk _6Vwzd\">En tanto que de las 13:00 a las 14:30 horas, funcionan comedores en Jes\u00fas Mar\u00eda, en la calle Agust\u00edn de Iturbide No. 601, colonia El Calvario; en Tepezal\u00e1, en la calle Benito Ju\u00e1rez s\/n, Col. Centro, a un costado del No. 205; en Asientos, en la calle Jos\u00e9 Guadalupe Victoria s\/n; en Rinc\u00f3n de Romos, en la calle M\u00e9xico No. 119; y en El Llano, en la calle Emiliano Zapata No. 128, Barrio de Abajo.<\/span><\/p>\n<div id=\"viewer-eazlh223\" class=\"o0STb GF80u _6Vwzd HjRUP\" dir=\"auto\"><span class=\"B-fpk _6Vwzd\">\u00a0<\/span><\/div>\n<p id=\"viewer-yimss183\" class=\"o0STb GF80u _6Vwzd HjRUP\" dir=\"auto\"><span class=\"B-fpk _6Vwzd\">Para m\u00e1s informaci\u00f3n, las y los interesados pueden comunicarse al tel\u00e9fono 449 910 26 49 o acudir a las instalaciones del Instituto Aguascalentense de las Personas Adultas Mayores (IAPAM), ubicadas en la calle \u00c1lvaro Obreg\u00f3n No. 229, Zona Centro, en la ciudad capital<\/span><\/p>\n<\/div>\n<\/div>\n<\/div>\n<\/div>\n<\/div>\n<\/div>\n<\/div>\n<\/div>\n","protected":false},"excerpt":{"rendered":"<p>#informativoelvalledeaguascalientes #novaradioaguascalientes #informativoelvalledeaguascalientesll Actualmente funcionan 17 comedores en todo el estado, donde las y los abuelitos reciben una alimentaci\u00f3n balanceada y nutritiva Para mayores informes, comunicarse al tel\u00e9fono 449 910 26 49 o acudir a las instalaciones del IAPAM, en la calle \u00c1lvaro Obreg\u00f3n No. 229, Zona Centro Es compromiso de la gobernadora Tere Jim\u00e9nez [&hellip;]<\/p>\n","protected":false},"author":1,"featured_media":65837,"comment_status":"closed","ping_status":"open","sticky":false,"template":"","format":"standard","meta":{"advanced_seo_description":"","jetpack_seo_html_title":"","jetpack_seo_noindex":false,"_jetpack_memberships_contains_paid_content":false,"footnotes":"","jetpack_publicize_message":"","jetpack_publicize_feature_enabled":true,"jetpack_social_post_already_shared":true,"jetpack_social_options":{"image_generator_settings":{"template":"highway","default_image_id":0,"font":"","enabled":false},"version":2}},"categories":[21,4],"tags":[22,615,623],"class_list":["post-65833","post","type-post","status-publish","format-standard","has-post-thumbnail","hentry","category-aguascalientes","category-gobierno-del-estado-aguascalientes","tag-aguascalientes","tag-gobierno-del-estado-de-aguascalientes","tag-iapam"],"jetpack_publicize_connections":[],"jetpack_featured_media_url":"https:\/\/i0.wp.com\/informativoelvalledeaguascalientes.online\/wp-content\/uploads\/2025\/02\/8-3-scaled.jpeg?fit=2560%2C1581&ssl=1","jetpack-related-posts":[],"jetpack_sharing_enabled":true,"jetpack_likes_enabled":true,"_links":{"self":[{"href":"https:\/\/informativoelvalledeaguascalientes.online\/index.php?rest_route=\/wp\/v2\/posts\/65833","targetHints":{"allow":["GET"]}}],"collection":[{"href":"https:\/\/informativoelvalledeaguascalientes.online\/index.php?rest_route=\/wp\/v2\/posts"}],"about":[{"href":"https:\/\/informativoelvalledeaguascalientes.online\/index.php?rest_route=\/wp\/v2\/types\/post"}],"author":[{"embeddable":true,"href":"https:\/\/informativoelvalledeaguascalientes.online\/index.php?rest_route=\/wp\/v2\/users\/1"}],"replies":[{"embeddable":true,"href":"https:\/\/informativoelvalledeaguascalientes.online\/index.php?rest_route=%2Fwp%2Fv2%2Fcomments&post=65833"}],"version-history":[{"count":1,"href":"https:\/\/informativoelvalledeaguascalientes.online\/index.php?rest_route=\/wp\/v2\/posts\/65833\/revisions"}],"predecessor-version":[{"id":65838,"href":"https:\/\/informativoelvalledeaguascalientes.online\/index.php?rest_route=\/wp\/v2\/posts\/65833\/revisions\/65838"}],"wp:featuredmedia":[{"embeddable":true,"href":"https:\/\/informativoelvalledeaguascalientes.online\/index.php?rest_route=\/wp\/v2\/media\/65837"}],"wp:attachment":[{"href":"https:\/\/informativoelvalledeaguascalientes.online\/index.php?rest_route=%2Fwp%2Fv2%2Fmedia&parent=65833"}],"wp:term":[{"taxonomy":"category","embeddable":true,"href":"https:\/\/informativoelvalledeaguascalientes.online\/index.php?rest_route=%2Fwp%2Fv2%2Fcategories&post=65833"},{"taxonomy":"post_tag","embeddable":true,"href":"https:\/\/informativoelvalledeaguascalientes.online\/index.php?rest_route=%2Fwp%2Fv2%2Ftags&post=65833"}],"curies":[{"name":"wp","href":"https:\/\/api.w.org\/{rel}","templated":true}]}}