{"id":65800,"date":"2025-02-17T19:06:36","date_gmt":"2025-02-18T01:06:36","guid":{"rendered":"https:\/\/informativoelvalledeaguascalientes.online\/?p=65800"},"modified":"2025-02-17T19:06:36","modified_gmt":"2025-02-18T01:06:36","slug":"jesus-maria-consolida-su-solidez-financiera","status":"publish","type":"post","link":"https:\/\/informativoelvalledeaguascalientes.online\/?p=65800","title":{"rendered":"JES\u00daS MAR\u00cdA CONSOLIDA SU SOLIDEZ FINANCIERA"},"content":{"rendered":"<p>#informativoelvalledeaguascalientes #novaradioaguascalientes #informativoelvalledeaguascalientesll #Aguascalientes<\/p>\n<p>&nbsp;<\/p>\n<p>&nbsp;<\/p>\n<p>\u2022 Jes\u00fas Mar\u00eda se posiciona como un municipio financieramente estable<br \/>\n\u2022 La ciudadan\u00eda puede tener la certeza de que su contribuci\u00f3n se traduce en mejoras para el municipio.<\/p>\n<p>&nbsp;<\/p>\n<p>Como resultado de una gesti\u00f3n eficiente y responsable de los recursos p\u00fablicos, el municipio de Jes\u00fas Mar\u00eda, encabezado por C\u00e9sar Medina ha mejorado su calificaci\u00f3n crediticia de largo plazo.<\/p>\n<p>Medina Cervantes inform\u00f3 que, la calificaci\u00f3n crediticia de largo plazo, pas\u00f3 de A+\/M a AA-\/M, seg\u00fan la agencia evaluadora PCR Verum \u201cEste incremento en la calificaci\u00f3n obedece a diversos factores clave, entre ellos la s\u00f3lida generaci\u00f3n de ingresos propios, el dinamismo del sector inmobiliario, los bajos niveles de endeudamiento y el manejo responsable del gasto\u201d dijo.<\/p>\n<p>En este sentido el secretario de finanzas del municipio, Luis Alejandro Rangel, indic\u00f3 que esta calificaci\u00f3n refleja el buen uso de los recursos p\u00fablicos, de manera que la ciudadan\u00eda puede tener la certeza de que su contribuci\u00f3n, como el pago del predial, es utilizado adecuadamente y se traduce en mejoras para el municipio.<\/p>\n<p>Con esta mejora en su calificaci\u00f3n crediticia, el Gobierno Municipal de Jes\u00fas Mar\u00eda reafirma su compromiso con la transparencia y el buen manejo de los recursos p\u00fablicos posicion\u00e1ndose como un municipio financieramente estable y comprometido con el desarrollo.<\/p>\n","protected":false},"excerpt":{"rendered":"<p>#informativoelvalledeaguascalientes #novaradioaguascalientes #informativoelvalledeaguascalientesll #Aguascalientes &nbsp; &nbsp; \u2022 Jes\u00fas Mar\u00eda se posiciona como un municipio financieramente estable \u2022 La ciudadan\u00eda puede tener la certeza de que su contribuci\u00f3n se traduce en mejoras para el municipio. &nbsp; Como resultado de una gesti\u00f3n eficiente y responsable de los recursos p\u00fablicos, el municipio de Jes\u00fas Mar\u00eda, encabezado por C\u00e9sar [&hellip;]<\/p>\n","protected":false},"author":1,"featured_media":65801,"comment_status":"closed","ping_status":"open","sticky":false,"template":"","format":"standard","meta":{"advanced_seo_description":"","jetpack_seo_html_title":"","jetpack_seo_noindex":false,"_jetpack_memberships_contains_paid_content":false,"footnotes":"","jetpack_publicize_message":"","jetpack_publicize_feature_enabled":true,"jetpack_social_post_already_shared":true,"jetpack_social_options":{"image_generator_settings":{"template":"highway","default_image_id":0,"font":"","enabled":false},"version":2}},"categories":[21,14],"tags":[22,45],"class_list":["post-65800","post","type-post","status-publish","format-standard","has-post-thumbnail","hentry","category-aguascalientes","category-jesus-maria-aguascalientes","tag-aguascalientes","tag-jesus-maria-aguascalientes"],"jetpack_publicize_connections":[],"jetpack_featured_media_url":"https:\/\/i0.wp.com\/informativoelvalledeaguascalientes.online\/wp-content\/uploads\/2025\/02\/aea07515-4d26-41c9-a8e5-499af12d6900.jpg?fit=1600%2C1104&ssl=1","jetpack-related-posts":[],"jetpack_sharing_enabled":true,"jetpack_likes_enabled":true,"_links":{"self":[{"href":"https:\/\/informativoelvalledeaguascalientes.online\/index.php?rest_route=\/wp\/v2\/posts\/65800","targetHints":{"allow":["GET"]}}],"collection":[{"href":"https:\/\/informativoelvalledeaguascalientes.online\/index.php?rest_route=\/wp\/v2\/posts"}],"about":[{"href":"https:\/\/informativoelvalledeaguascalientes.online\/index.php?rest_route=\/wp\/v2\/types\/post"}],"author":[{"embeddable":true,"href":"https:\/\/informativoelvalledeaguascalientes.online\/index.php?rest_route=\/wp\/v2\/users\/1"}],"replies":[{"embeddable":true,"href":"https:\/\/informativoelvalledeaguascalientes.online\/index.php?rest_route=%2Fwp%2Fv2%2Fcomments&post=65800"}],"version-history":[{"count":1,"href":"https:\/\/informativoelvalledeaguascalientes.online\/index.php?rest_route=\/wp\/v2\/posts\/65800\/revisions"}],"predecessor-version":[{"id":65802,"href":"https:\/\/informativoelvalledeaguascalientes.online\/index.php?rest_route=\/wp\/v2\/posts\/65800\/revisions\/65802"}],"wp:featuredmedia":[{"embeddable":true,"href":"https:\/\/informativoelvalledeaguascalientes.online\/index.php?rest_route=\/wp\/v2\/media\/65801"}],"wp:attachment":[{"href":"https:\/\/informativoelvalledeaguascalientes.online\/index.php?rest_route=%2Fwp%2Fv2%2Fmedia&parent=65800"}],"wp:term":[{"taxonomy":"category","embeddable":true,"href":"https:\/\/informativoelvalledeaguascalientes.online\/index.php?rest_route=%2Fwp%2Fv2%2Fcategories&post=65800"},{"taxonomy":"post_tag","embeddable":true,"href":"https:\/\/informativoelvalledeaguascalientes.online\/index.php?rest_route=%2Fwp%2Fv2%2Ftags&post=65800"}],"curies":[{"name":"wp","href":"https:\/\/api.w.org\/{rel}","templated":true}]}}