{"id":65762,"date":"2025-02-13T21:14:29","date_gmt":"2025-02-14T03:14:29","guid":{"rendered":"https:\/\/informativoelvalledeaguascalientes.online\/?p=65762"},"modified":"2025-02-15T21:21:50","modified_gmt":"2025-02-16T03:21:50","slug":"poder-legislativo-avalo-quinteta-de-aspirantes-para-designar-al-fiscal-general-del-estado-de-aguascalientes","status":"publish","type":"post","link":"https:\/\/informativoelvalledeaguascalientes.online\/?p=65762","title":{"rendered":"PODER LEGISLATIVO AVAL\u00d3 QUINTETA DE ASPIRANTES PARA DESIGNAR AL FISCAL GENERAL DEL ESTADO DE AGUASCALIENTES"},"content":{"rendered":"<p class=\"p1\">#informativoelvalledeaguascalientes #novaradioaguascalientes #informativoelvalledeaguascalientesll #Aguascalientes<\/p>\n<p>&nbsp;<\/p>\n<p style=\"text-align: left;\" align=\"CENTER\">\n<p style=\"text-align: left;\" align=\"CENTER\"><a name=\"_GoBack\"><\/a><span style=\"font-family: Arial, serif;\"><span style=\"font-size: medium;\">En el segundo periodo extraordinario de sesiones de la LXVI Legislatura del Congreso de Aguascalientes, las y los integrantes del pleno avalaron el Acuerdo Legislativo por el que se integra la lista de aspirantes para designar al Fiscal General del Estado de Aguascalientes, por el periodo del 1 de marzo del 2025 y hasta por siete a\u00f1os. <\/span><\/span><\/p>\n<p align=\"JUSTIFY\"><span style=\"font-family: Arial, serif;\"><span style=\"font-size: medium;\">Resultado del an\u00e1lisis y estudio de los perfiles de las personas candidatas, integrantes de la Junta de Coordinaci\u00f3n Pol\u00edtica (JUCOPO), propusieron la siguiente lista de candidatos: Juan Jos\u00e9 L\u00f3pez G\u00f3mez, Manuel Alonso Garc\u00eda, Claudia Guadalupe Ram\u00edrez Huerta, Irene Elizabeth Mu\u00f1oz Padilla y Marcela Guadalupe Valtierra Delgado. <\/span><\/span><\/p>\n<p align=\"JUSTIFY\"><span style=\"font-family: Arial, serif;\"><span style=\"font-size: medium;\">Acuerdo Legislativo. &#8211; De conformidad con lo previsto en el art\u00edculo 59 de la Constituci\u00f3n Pol\u00edtica del Estado de Aguascalientes, rem\u00edtase la lista de candidatos para designar al Fiscal General del Estado de Aguascalientes al Titular del Poder Ejecutivo, para los efectos legales a que haya lugar. <\/span><\/span><\/p>\n<p align=\"JUSTIFY\"><span style=\"font-family: Arial, serif;\"><span style=\"font-size: medium;\">En esta sesi\u00f3n de car\u00e1cter extraordinario, fungi\u00f3 como presidenta de la Mesa Directiva la diputada Beatriz Montoya Hern\u00e1ndez, vicepresidenta Jedsabel S\u00e1nchez Montes, primera secretaria Ma. Guadalupe Mendoza Medrano, segunda secretaria Alejandra Pe\u00f1a Curiel y Prosecretaria Irma Reza de la Cruz. <\/span><\/span><\/p>\n","protected":false},"excerpt":{"rendered":"<p>#informativoelvalledeaguascalientes #novaradioaguascalientes #informativoelvalledeaguascalientesll #Aguascalientes &nbsp; En el segundo periodo extraordinario de sesiones de la LXVI Legislatura del Congreso de Aguascalientes, las y los integrantes del pleno avalaron el Acuerdo Legislativo por el que se integra la lista de aspirantes para designar al Fiscal General del Estado de Aguascalientes, por el periodo del 1 de marzo [&hellip;]<\/p>\n","protected":false},"author":1,"featured_media":65763,"comment_status":"closed","ping_status":"open","sticky":false,"template":"","format":"standard","meta":{"advanced_seo_description":"","jetpack_seo_html_title":"","jetpack_seo_noindex":false,"_jetpack_memberships_contains_paid_content":false,"footnotes":"","jetpack_publicize_message":"","jetpack_publicize_feature_enabled":true,"jetpack_social_post_already_shared":true,"jetpack_social_options":{"image_generator_settings":{"template":"highway","default_image_id":0,"font":"","enabled":false},"version":2}},"categories":[21,5],"tags":[22,872],"class_list":["post-65762","post","type-post","status-publish","format-standard","has-post-thumbnail","hentry","category-aguascalientes","category-h-congreso-del-estado-aguascalientes","tag-aguascalientes","tag-lxvi-legislatura-aguascalientes"],"jetpack_publicize_connections":[],"jetpack_featured_media_url":"https:\/\/i0.wp.com\/informativoelvalledeaguascalientes.online\/wp-content\/uploads\/2025\/02\/DSC_4935.jpeg?fit=1323%2C882&ssl=1","jetpack-related-posts":[],"jetpack_sharing_enabled":true,"jetpack_likes_enabled":true,"_links":{"self":[{"href":"https:\/\/informativoelvalledeaguascalientes.online\/index.php?rest_route=\/wp\/v2\/posts\/65762","targetHints":{"allow":["GET"]}}],"collection":[{"href":"https:\/\/informativoelvalledeaguascalientes.online\/index.php?rest_route=\/wp\/v2\/posts"}],"about":[{"href":"https:\/\/informativoelvalledeaguascalientes.online\/index.php?rest_route=\/wp\/v2\/types\/post"}],"author":[{"embeddable":true,"href":"https:\/\/informativoelvalledeaguascalientes.online\/index.php?rest_route=\/wp\/v2\/users\/1"}],"replies":[{"embeddable":true,"href":"https:\/\/informativoelvalledeaguascalientes.online\/index.php?rest_route=%2Fwp%2Fv2%2Fcomments&post=65762"}],"version-history":[{"count":1,"href":"https:\/\/informativoelvalledeaguascalientes.online\/index.php?rest_route=\/wp\/v2\/posts\/65762\/revisions"}],"predecessor-version":[{"id":65764,"href":"https:\/\/informativoelvalledeaguascalientes.online\/index.php?rest_route=\/wp\/v2\/posts\/65762\/revisions\/65764"}],"wp:featuredmedia":[{"embeddable":true,"href":"https:\/\/informativoelvalledeaguascalientes.online\/index.php?rest_route=\/wp\/v2\/media\/65763"}],"wp:attachment":[{"href":"https:\/\/informativoelvalledeaguascalientes.online\/index.php?rest_route=%2Fwp%2Fv2%2Fmedia&parent=65762"}],"wp:term":[{"taxonomy":"category","embeddable":true,"href":"https:\/\/informativoelvalledeaguascalientes.online\/index.php?rest_route=%2Fwp%2Fv2%2Fcategories&post=65762"},{"taxonomy":"post_tag","embeddable":true,"href":"https:\/\/informativoelvalledeaguascalientes.online\/index.php?rest_route=%2Fwp%2Fv2%2Ftags&post=65762"}],"curies":[{"name":"wp","href":"https:\/\/api.w.org\/{rel}","templated":true}]}}