{"id":65725,"date":"2025-02-13T20:40:06","date_gmt":"2025-02-14T02:40:06","guid":{"rendered":"https:\/\/informativoelvalledeaguascalientes.online\/?p=65725"},"modified":"2025-02-15T20:41:45","modified_gmt":"2025-02-16T02:41:45","slug":"anuncia-imac-colaboracion-con-el-ica-en-beneficio-de-los-alumnos-y-maestros-de-las-ueas-y-de-compaz","status":"publish","type":"post","link":"https:\/\/informativoelvalledeaguascalientes.online\/?p=65725","title":{"rendered":"ANUNCIA IMAC COLABORACI\u00d3N CON EL ICA EN BENEFICIO DE LOS ALUMNOS Y MAESTROS DE LAS UEAS Y DE COMP\u00c1Z"},"content":{"rendered":"<p class=\"p1\">#informativoelvalledeaguascalientes #novaradioaguascalientes #informativoelvalledeaguascalientesll #Aguascalientes<\/p>\n<p>&nbsp;<\/p>\n<p>El director del Instituto Municipal Aguascalentense para la Cultura (IMAC),<strong>\u00a0Iv\u00e1n Alejandro S\u00e1nchez N\u00e1jera<\/strong>, dio a conocer la colaboraci\u00f3n con el Instituto Cultural de Aguascalientes (ICA), en beneficio de las y los alumnos de las Unidades de Exploraci\u00f3n Art\u00edstica (UEAS), as\u00ed como de la Comunidad de Orquestas Infantiles y Juveniles (COMP\u00c1Z) para facilitar la transici\u00f3n de los talleres a las distintas licenciaturas que ofrece la Universidad de las Artes.<\/p>\n<p>En rueda de prensa\u00a0 y acompa\u00f1ado por\u00a0<strong>Alejandro V\u00e1zquez Z\u00fa\u00f1iga<\/strong>, titular del ICA,\u00a0<strong>S\u00e1nchez N\u00e1jera<\/strong>\u00a0explic\u00f3 que en coordinaci\u00f3n con la Universidad de las Artes tambi\u00e9n se ofrecer\u00e1 a los talleristas y docentes de las escuelas de iniciaci\u00f3n art\u00edstica el Diplomado en Ense\u00f1anza de las Artes, el cual contribuir\u00e1 a la formaci\u00f3n de los docentes para brindar un mejor servicio al alumnado.<\/p>\n<p>En la rueda de prensa tambi\u00e9n estuvieron presentes\u00a0<strong>Adri\u00e1n Alfonso Ruiz Romo<\/strong>, rector de la Universidad de las Artes;\u00a0<strong>Diana Le\u00f3n Valdez<\/strong>, coordinadora de la Licenciatura en Artes Visuales;\u00a0<strong>Fernanda Paola D\u00edaz Ram\u00edrez<\/strong>, coordinadora de Artes Visuales UEAS y\u00a0<strong>Pamela Hern\u00e1ndez Garc\u00eda<\/strong>, tallerista de UEAS.<\/p>\n","protected":false},"excerpt":{"rendered":"<p>#informativoelvalledeaguascalientes #novaradioaguascalientes #informativoelvalledeaguascalientesll #Aguascalientes &nbsp; El director del Instituto Municipal Aguascalentense para la Cultura (IMAC),\u00a0Iv\u00e1n Alejandro S\u00e1nchez N\u00e1jera, dio a conocer la colaboraci\u00f3n con el Instituto Cultural de Aguascalientes (ICA), en beneficio de las y los alumnos de las Unidades de Exploraci\u00f3n Art\u00edstica (UEAS), as\u00ed como de la Comunidad de Orquestas Infantiles y Juveniles (COMP\u00c1Z) [&hellip;]<\/p>\n","protected":false},"author":1,"featured_media":65726,"comment_status":"closed","ping_status":"open","sticky":false,"template":"","format":"standard","meta":{"advanced_seo_description":"","jetpack_seo_html_title":"","jetpack_seo_noindex":false,"_jetpack_memberships_contains_paid_content":false,"footnotes":"","jetpack_publicize_message":"","jetpack_publicize_feature_enabled":true,"jetpack_social_post_already_shared":true,"jetpack_social_options":{"image_generator_settings":{"template":"highway","default_image_id":0,"font":"","enabled":false},"version":2}},"categories":[21,3],"tags":[22,25,118],"class_list":["post-65725","post","type-post","status-publish","format-standard","has-post-thumbnail","hentry","category-aguascalientes","category-municipio-aguascalientes","tag-aguascalientes","tag-mpio-aguascalientes","tag-mpio-aguascalientes-imac"],"jetpack_publicize_connections":[],"jetpack_featured_media_url":"https:\/\/i0.wp.com\/informativoelvalledeaguascalientes.online\/wp-content\/uploads\/2025\/02\/WhatsApp-Image-2025-02-13-at-12.31.36-PM.jpeg?fit=1280%2C960&ssl=1","jetpack-related-posts":[],"jetpack_sharing_enabled":true,"jetpack_likes_enabled":true,"_links":{"self":[{"href":"https:\/\/informativoelvalledeaguascalientes.online\/index.php?rest_route=\/wp\/v2\/posts\/65725","targetHints":{"allow":["GET"]}}],"collection":[{"href":"https:\/\/informativoelvalledeaguascalientes.online\/index.php?rest_route=\/wp\/v2\/posts"}],"about":[{"href":"https:\/\/informativoelvalledeaguascalientes.online\/index.php?rest_route=\/wp\/v2\/types\/post"}],"author":[{"embeddable":true,"href":"https:\/\/informativoelvalledeaguascalientes.online\/index.php?rest_route=\/wp\/v2\/users\/1"}],"replies":[{"embeddable":true,"href":"https:\/\/informativoelvalledeaguascalientes.online\/index.php?rest_route=%2Fwp%2Fv2%2Fcomments&post=65725"}],"version-history":[{"count":1,"href":"https:\/\/informativoelvalledeaguascalientes.online\/index.php?rest_route=\/wp\/v2\/posts\/65725\/revisions"}],"predecessor-version":[{"id":65727,"href":"https:\/\/informativoelvalledeaguascalientes.online\/index.php?rest_route=\/wp\/v2\/posts\/65725\/revisions\/65727"}],"wp:featuredmedia":[{"embeddable":true,"href":"https:\/\/informativoelvalledeaguascalientes.online\/index.php?rest_route=\/wp\/v2\/media\/65726"}],"wp:attachment":[{"href":"https:\/\/informativoelvalledeaguascalientes.online\/index.php?rest_route=%2Fwp%2Fv2%2Fmedia&parent=65725"}],"wp:term":[{"taxonomy":"category","embeddable":true,"href":"https:\/\/informativoelvalledeaguascalientes.online\/index.php?rest_route=%2Fwp%2Fv2%2Fcategories&post=65725"},{"taxonomy":"post_tag","embeddable":true,"href":"https:\/\/informativoelvalledeaguascalientes.online\/index.php?rest_route=%2Fwp%2Fv2%2Ftags&post=65725"}],"curies":[{"name":"wp","href":"https:\/\/api.w.org\/{rel}","templated":true}]}}