{"id":65675,"date":"2025-02-13T20:36:28","date_gmt":"2025-02-14T02:36:28","guid":{"rendered":"https:\/\/informativoelvalledeaguascalientes.online\/?p=65675"},"modified":"2025-02-13T20:36:28","modified_gmt":"2025-02-14T02:36:28","slug":"el-gobierno-de-calvillo-a-traves-del-instituto-del-deporte-y-en-coordinacion-con-la-sisae-calvillo-dio-inicio-a-las-ligas-deportivas-de-atletismo-de-la-zona-13-de-educacion-fisica","status":"publish","type":"post","link":"https:\/\/informativoelvalledeaguascalientes.online\/?p=65675","title":{"rendered":"El Gobierno de Calvillo, a trav\u00e9s del Instituto del Deporte y en coordinaci\u00f3n con la SISAE Calvillo, dio inicio a las Ligas Deportivas de Atletismo de la Zona 13 de Educaci\u00f3n F\u00edsica."},"content":{"rendered":"<p>#informativoelvalledeaguascalientes , #novaradioaguascalientes<\/p>\n<p style=\"text-align: left;\">El Gobierno de Calvillo, a trav\u00e9s del Instituto del Deporte y en coordinaci\u00f3n con la SISAE Calvillo, dio inicio a las Ligas Deportivas de Atletismo de la Zona 13 de Educaci\u00f3n F\u00edsica, una iniciativa que busca fomentar la pr\u00e1ctica deportiva y la actividad f\u00edsica entre las y los estudiantes de primaria.<\/p>\n<p style=\"text-align: left;\">\n<p style=\"text-align: left;\">El presidente municipal, Daniel Romo Urrutia, destac\u00f3 la importancia de estas actividades para el desarrollo integral de la ni\u00f1ez calvillense, as\u00ed mismo, agradeci\u00f3 a la SISAE Calvillo por su esfuerzo continuo en la promoci\u00f3n de actividades que fortalecen el crecimiento f\u00edsico, emocional y social de nuestras ni\u00f1as y ni\u00f1os.<\/p>\n<p style=\"text-align: left;\">\n<p style=\"text-align: left;\">En este evento participan 11 escuelas de educaci\u00f3n primaria que compiten en disciplinas de pista y campo, en categor\u00edas varonil y femenil.<\/p>\n<p style=\"text-align: left;\">\n<p style=\"text-align: left;\">Desde el Gobierno de Calvillo, reiteramos nuestro compromiso de seguir impulsando y apoyando espacios que promuevan estilos de vida saludables y el fortalecimiento del tejido social a trav\u00e9s del deporte.<\/p>\n<p style=\"text-align: left;\">\n<p style=\"text-align: left;\">#LegadoParaMiGente<\/p>\n","protected":false},"excerpt":{"rendered":"<p>#informativoelvalledeaguascalientes , #novaradioaguascalientes El Gobierno de Calvillo, a trav\u00e9s del Instituto del Deporte y en coordinaci\u00f3n con la SISAE Calvillo, dio inicio a las Ligas Deportivas de Atletismo de la Zona 13 de Educaci\u00f3n F\u00edsica, una iniciativa que busca fomentar la pr\u00e1ctica deportiva y la actividad f\u00edsica entre las y los estudiantes de primaria. El [&hellip;]<\/p>\n","protected":false},"author":1,"featured_media":65676,"comment_status":"closed","ping_status":"open","sticky":false,"template":"","format":"standard","meta":{"advanced_seo_description":"","jetpack_seo_html_title":"","jetpack_seo_noindex":false,"_jetpack_memberships_contains_paid_content":false,"footnotes":"","jetpack_publicize_message":"","jetpack_publicize_feature_enabled":true,"jetpack_social_post_already_shared":true,"jetpack_social_options":{"image_generator_settings":{"template":"highway","default_image_id":0,"font":"","enabled":false},"version":2}},"categories":[21,13],"tags":[22,88,29],"class_list":["post-65675","post","type-post","status-publish","format-standard","has-post-thumbnail","hentry","category-aguascalientes","category-calvillo-aguascalientes","tag-aguascalientes","tag-calvillo","tag-calvillo-aguascalientes"],"jetpack_publicize_connections":[],"jetpack_featured_media_url":"https:\/\/i0.wp.com\/informativoelvalledeaguascalientes.online\/wp-content\/uploads\/2025\/02\/IMG-20250213-WA0015-scaled.jpg?fit=2560%2C1749&ssl=1","jetpack-related-posts":[],"jetpack_sharing_enabled":true,"jetpack_likes_enabled":true,"_links":{"self":[{"href":"https:\/\/informativoelvalledeaguascalientes.online\/index.php?rest_route=\/wp\/v2\/posts\/65675","targetHints":{"allow":["GET"]}}],"collection":[{"href":"https:\/\/informativoelvalledeaguascalientes.online\/index.php?rest_route=\/wp\/v2\/posts"}],"about":[{"href":"https:\/\/informativoelvalledeaguascalientes.online\/index.php?rest_route=\/wp\/v2\/types\/post"}],"author":[{"embeddable":true,"href":"https:\/\/informativoelvalledeaguascalientes.online\/index.php?rest_route=\/wp\/v2\/users\/1"}],"replies":[{"embeddable":true,"href":"https:\/\/informativoelvalledeaguascalientes.online\/index.php?rest_route=%2Fwp%2Fv2%2Fcomments&post=65675"}],"version-history":[{"count":1,"href":"https:\/\/informativoelvalledeaguascalientes.online\/index.php?rest_route=\/wp\/v2\/posts\/65675\/revisions"}],"predecessor-version":[{"id":65677,"href":"https:\/\/informativoelvalledeaguascalientes.online\/index.php?rest_route=\/wp\/v2\/posts\/65675\/revisions\/65677"}],"wp:featuredmedia":[{"embeddable":true,"href":"https:\/\/informativoelvalledeaguascalientes.online\/index.php?rest_route=\/wp\/v2\/media\/65676"}],"wp:attachment":[{"href":"https:\/\/informativoelvalledeaguascalientes.online\/index.php?rest_route=%2Fwp%2Fv2%2Fmedia&parent=65675"}],"wp:term":[{"taxonomy":"category","embeddable":true,"href":"https:\/\/informativoelvalledeaguascalientes.online\/index.php?rest_route=%2Fwp%2Fv2%2Fcategories&post=65675"},{"taxonomy":"post_tag","embeddable":true,"href":"https:\/\/informativoelvalledeaguascalientes.online\/index.php?rest_route=%2Fwp%2Fv2%2Ftags&post=65675"}],"curies":[{"name":"wp","href":"https:\/\/api.w.org\/{rel}","templated":true}]}}