{"id":65672,"date":"2025-02-13T20:32:41","date_gmt":"2025-02-14T02:32:41","guid":{"rendered":"https:\/\/informativoelvalledeaguascalientes.online\/?p=65672"},"modified":"2025-02-13T20:32:41","modified_gmt":"2025-02-14T02:32:41","slug":"la-uaa-conecta-a-sus-estudiantes-con-el-mundo-laboral-a-traves-de-feria-de-empleo","status":"publish","type":"post","link":"https:\/\/informativoelvalledeaguascalientes.online\/?p=65672","title":{"rendered":"La UAA conecta a sus estudiantes con el mundo laboral a trav\u00e9s de feria de empleo."},"content":{"rendered":"<p>#informativoelvalledeaguascalientes , #novaradioaguascalientes<\/p>\n<p>\u25cf En total, se promocionaron al menos 35 vacantes de 11 empresas participantes.<br \/>\n\u25cf Esta feria del empleo fue posible gracias a la iniciativa de los alumnos de dise\u00f1o industrial con la colaboraci\u00f3n del Departamento de Vinculaci\u00f3n.<\/p>\n<p>La Universidad Aut\u00f3noma de Aguascalientes (UAA) llev\u00f3 a cabo una feria de empleo en el Centro de Ciencias del Dise\u00f1o y de la Construcci\u00f3n (CCDC) con el objetivo de que los estudiantes interesados en incorporarse al campo laboral conocieran las ofertas disponibles para carreras como Dise\u00f1o Industrial, Dise\u00f1o Gr\u00e1fico y Dise\u00f1o de Interiores. En total, se promocionaron al menos 35 vacantes de 11 empresas participantes.<\/p>\n<p>Al respecto, la estudiante de octavo semestre Ana Paulina Mar\u00edn Padilla, presidenta de la sociedad de alumnos de Dise\u00f1o Industrial, expres\u00f3 su agradecimiento al Departamento de Vinculaci\u00f3n y a la UAA por el apoyo para la realizaci\u00f3n de este evento.<\/p>\n<p>\u201cEspero que muchos de nuestros compa\u00f1eros, sobre todos los que est\u00e1n a punto de egresar, tengan esta seguridad de que no est\u00e1n solos y de que claramente pueden encontrar trabajo porque aqu\u00ed hay much\u00edsimo talento\u201d coment\u00f3.<\/p>\n<p>Los j\u00f3venes tuvieron la oportunidad de entregar su curr\u00edculum y establecer contactos con empresas como SIL Solutions, Proditek del Centro, C\u00fabica Industrial, Gutenpack, L\u00ednea Italia, Estudio 1826, Agencia Punto A, Comercial El\u00e9ctrica, Uniformes Alam\u00e1n, ANSATT y el Instituto Aguascalentense de la Juventud. Cabe destacar que entre las empresas participantes se encontraban varias lideradas por egresados de la UAA, quienes ahora buscan integrar el talento de la instituci\u00f3n a sus proyectos.<\/p>\n<p>En el evento estuvo presente la decana del CCDC, Maestra Ma. Guadalupe Lira Peralta, quien destac\u00f3 que para la actual administraci\u00f3n rectoral es de suma importancia impulsar la vinculaci\u00f3n y el trabajo multidisciplinario, tanto a lo interno como con empresas y gobierno, de ah\u00ed la relevancia de este tipo de espacios.<\/p>\n<p>\u201cPor nuestros j\u00f3venes porque creemos en ellos y porque muchas de las propuestas que ellos nos han dado a nosotros como profesores nos ha servido tambi\u00e9n para innovar y tener esa iniciativa y poder apoyarlos. Y vamos a ser punta de lanza de muchas de las ideas que ellos mismos han forjado con su misma proyecci\u00f3n, meta y objetivos\u201d coment\u00f3.<\/p>\n<p>Por su parte, la maestra Blanca Alejandra L\u00f3pez Guti\u00e9rrez, jefa del Departamento de Vinculaci\u00f3n, comparti\u00f3: &#8220;Hoy celebramos un espacio que busca acercar oportunidades laborales a nuestros estudiantes y egresados, conect\u00e1ndolos con el sector empresarial para que den sus primeros pasos hacia el mundo profesional. Nos llena de orgullo contar con la participaci\u00f3n de diversas empresas que han mostrado su confianza en el talento de nuestra comunidad universitaria. Queremos expresar nuestro agradecimiento a las empresas participantes, que representan una amplia variedad de sectores y brindan un panorama diverso de oportunidades laborales&#8221;.<\/p>\n<p>Esta es la tercera feria de empleo que se realiza en los centros acad\u00e9micos, y el objetivo es llevar una edici\u00f3n a cada uno de ellos, a fin de acercar a los estudiantes estas opciones de empleo mientras estudian su carrera o est\u00e1n a punto de egresar.<\/p>\n<p>&#8212;000&#8212;<br \/>\nCiudad Universitaria<br \/>\n13 de febrero de 2025<\/p>\n","protected":false},"excerpt":{"rendered":"<p>#informativoelvalledeaguascalientes , #novaradioaguascalientes \u25cf En total, se promocionaron al menos 35 vacantes de 11 empresas participantes. \u25cf Esta feria del empleo fue posible gracias a la iniciativa de los alumnos de dise\u00f1o industrial con la colaboraci\u00f3n del Departamento de Vinculaci\u00f3n. La Universidad Aut\u00f3noma de Aguascalientes (UAA) llev\u00f3 a cabo una feria de empleo en el [&hellip;]<\/p>\n","protected":false},"author":1,"featured_media":65673,"comment_status":"closed","ping_status":"open","sticky":false,"template":"","format":"standard","meta":{"advanced_seo_description":"","jetpack_seo_html_title":"","jetpack_seo_noindex":false,"_jetpack_memberships_contains_paid_content":false,"footnotes":"","jetpack_publicize_message":"","jetpack_publicize_feature_enabled":true,"jetpack_social_post_already_shared":true,"jetpack_social_options":{"image_generator_settings":{"template":"highway","default_image_id":0,"font":"","enabled":false},"version":2}},"categories":[21,629],"tags":[22,142],"class_list":["post-65672","post","type-post","status-publish","format-standard","has-post-thumbnail","hentry","category-aguascalientes","category-universidad-autonoma-de-aguascalientes","tag-aguascalientes","tag-uaa"],"jetpack_publicize_connections":[],"jetpack_featured_media_url":"https:\/\/i0.wp.com\/informativoelvalledeaguascalientes.online\/wp-content\/uploads\/2025\/02\/IMG-20250213-WA0014.jpg?fit=1600%2C1066&ssl=1","jetpack-related-posts":[],"jetpack_sharing_enabled":true,"jetpack_likes_enabled":true,"_links":{"self":[{"href":"https:\/\/informativoelvalledeaguascalientes.online\/index.php?rest_route=\/wp\/v2\/posts\/65672","targetHints":{"allow":["GET"]}}],"collection":[{"href":"https:\/\/informativoelvalledeaguascalientes.online\/index.php?rest_route=\/wp\/v2\/posts"}],"about":[{"href":"https:\/\/informativoelvalledeaguascalientes.online\/index.php?rest_route=\/wp\/v2\/types\/post"}],"author":[{"embeddable":true,"href":"https:\/\/informativoelvalledeaguascalientes.online\/index.php?rest_route=\/wp\/v2\/users\/1"}],"replies":[{"embeddable":true,"href":"https:\/\/informativoelvalledeaguascalientes.online\/index.php?rest_route=%2Fwp%2Fv2%2Fcomments&post=65672"}],"version-history":[{"count":1,"href":"https:\/\/informativoelvalledeaguascalientes.online\/index.php?rest_route=\/wp\/v2\/posts\/65672\/revisions"}],"predecessor-version":[{"id":65674,"href":"https:\/\/informativoelvalledeaguascalientes.online\/index.php?rest_route=\/wp\/v2\/posts\/65672\/revisions\/65674"}],"wp:featuredmedia":[{"embeddable":true,"href":"https:\/\/informativoelvalledeaguascalientes.online\/index.php?rest_route=\/wp\/v2\/media\/65673"}],"wp:attachment":[{"href":"https:\/\/informativoelvalledeaguascalientes.online\/index.php?rest_route=%2Fwp%2Fv2%2Fmedia&parent=65672"}],"wp:term":[{"taxonomy":"category","embeddable":true,"href":"https:\/\/informativoelvalledeaguascalientes.online\/index.php?rest_route=%2Fwp%2Fv2%2Fcategories&post=65672"},{"taxonomy":"post_tag","embeddable":true,"href":"https:\/\/informativoelvalledeaguascalientes.online\/index.php?rest_route=%2Fwp%2Fv2%2Ftags&post=65672"}],"curies":[{"name":"wp","href":"https:\/\/api.w.org\/{rel}","templated":true}]}}