{"id":65647,"date":"2025-02-12T21:29:31","date_gmt":"2025-02-13T03:29:31","guid":{"rendered":"https:\/\/informativoelvalledeaguascalientes.online\/?p=65647"},"modified":"2025-02-12T21:29:31","modified_gmt":"2025-02-13T03:29:31","slug":"se-suman-nuevos-estudiantes-de-trabajo-social-de-la-uaa-a-practicas-comunitarias-en-el-llano","status":"publish","type":"post","link":"https:\/\/informativoelvalledeaguascalientes.online\/?p=65647","title":{"rendered":"Se suman nuevos estudiantes de Trabajo Social de la UAA a pr\u00e1cticas comunitarias en El Llano"},"content":{"rendered":"<p class=\"p1\">#informativoelvalledeaguascalientes #novaradioaguascalientes #informativoelvalledeaguascalientesll #Aguascalientes<\/p>\n<p>&nbsp;<\/p>\n<p>&nbsp;<\/p>\n<p>\u25cf La rectora de la UAA resalt\u00f3 la gran responsabilidad que recae en los estudiantes, quienes, con su dinamismo y juventud, tienen el compromiso de contribuir al desarrollo social, promoviendo un M\u00e9xico mejor.<\/p>\n<p>29 alumnos de cuarto semestre de la Lic. en Trabajo Social comenzaron sus pr\u00e1cticas comunitarias en el municipio de El Llano. Ah\u00ed llevar\u00e1n a cabo distintos proyectos de intervenci\u00f3n social que contribuir\u00e1n a mejorar el bienestar social de la comunidad y, a su vez, aplicar\u00e1n sus conocimientos y habilidades en contextos reales.<\/p>\n<p>Durante el evento de arranque, la Dra. Sandra Yesenia Pinz\u00f3n Castro, rectora de la UAA, destac\u00f3 la importancia de que los estudiantes salgan de las aulas para compartir sus conocimientos, valores y empat\u00eda con la comunidad. Aunado a ello, resalt\u00f3 la gran responsabilidad que recae en los alumnos, quienes, con su dinamismo y juventud, tienen el compromiso de contribuir al desarrollo social, promoviendo un M\u00e9xico mejor.<\/p>\n<p>Asimismo, agradeci\u00f3 al municipio de El Llano por abrir sus puertas, permitiendo que los alumnos de Trabajo Social aprendan y, al mismo tiempo, ayuden a mejorar las oportunidades de desarrollo en la regi\u00f3n.<\/p>\n<p>Por su parte, el presidente municipal de El Llano, Lic. Jorge Delgado Ibarra, alent\u00f3 a los estudiantes a aprovechar al m\u00e1ximo su tiempo, destacando que el estudio es la mejor herramienta para el progreso. Expres\u00f3 el orgullo que representa para el municipio contar con la presencia de la m\u00e1xima casa de estudios del Estado y afirm\u00f3 que los j\u00f3venes que realicen sus pr\u00e1cticas en la localidad tendr\u00e1n todo el apoyo de la administraci\u00f3n municipal. &#8220;Est\u00e1n en buenas manos&#8221;, asegur\u00f3, comprometi\u00e9ndose a ser un aliado para los j\u00f3venes durante su proceso formativo.<\/p>\n<p>En otro momento, la Mtra. Isis Guadarrama De Landa subray\u00f3 la importancia de estas experiencias para los estudiantes de la Licenciatura en Trabajo Social, quienes durante un a\u00f1o y medio trabajar\u00e1n en esta comunidad. Resalt\u00f3 que los proyectos buscar\u00e1n transformar la realidad social a trav\u00e9s de la intervenci\u00f3n conjunta con instancias locales, as\u00ed como con el Centro Universitario de Desarrollo Comunitario (CUDECO).<\/p>\n<p>Durante el evento se realiz\u00f3 la entrega simb\u00f3lica de uniformes a los estudiantes. Posteriormente, la Dra. Sandra Pinz\u00f3n llev\u00f3 a cabo un recorrido por las instalaciones del CUDECO acompa\u00f1ada de las autoridades y de los asistentes.<\/p>\n<p>Cabe mencionar que este acontecimiento no solo marca el ingreso inicial de los 29 alumnos de cuarto semestre al terreno comunitario, sino que tambi\u00e9n participar\u00e1n activamente los docentes y 35 estudiantes del sexto semestre, quienes, al encontrarse en una etapa m\u00e1s avanzada de su formaci\u00f3n, culminar\u00e1n su proceso evaluativo al analizar proyectos de intervenci\u00f3n y dar\u00e1n inicio a nuevos proyectos de investigaci\u00f3n y\/o de intervenci\u00f3n en las comunidades los Negritos, Ags., y la Tomatina en Jes\u00fas Mar\u00eda.<\/p>\n","protected":false},"excerpt":{"rendered":"<p>#informativoelvalledeaguascalientes #novaradioaguascalientes #informativoelvalledeaguascalientesll #Aguascalientes &nbsp; &nbsp; \u25cf La rectora de la UAA resalt\u00f3 la gran responsabilidad que recae en los estudiantes, quienes, con su dinamismo y juventud, tienen el compromiso de contribuir al desarrollo social, promoviendo un M\u00e9xico mejor. 29 alumnos de cuarto semestre de la Lic. en Trabajo Social comenzaron sus pr\u00e1cticas comunitarias en [&hellip;]<\/p>\n","protected":false},"author":1,"featured_media":65648,"comment_status":"closed","ping_status":"open","sticky":false,"template":"","format":"standard","meta":{"_monsterinsights_skip_tracking":false,"advanced_seo_description":"","jetpack_seo_html_title":"","jetpack_seo_noindex":false,"jetpack_seo_schema_type":"","_jetpack_newsletter_access":"","_jetpack_dont_email_post_to_subs":false,"_jetpack_newsletter_tier_id":0,"_jetpack_memberships_contains_paywalled_content":false,"_jetpack_feature_clip_id":0,"_jetpack_memberships_contains_paid_content":false,"footnotes":"","jetpack_publicize_message":"","jetpack_publicize_feature_enabled":true,"jetpack_social_post_already_shared":true,"jetpack_social_options":{"image_generator_settings":{"template":"highway","default_image_id":0,"font":"","enabled":false},"version":2},"jetpack_post_was_ever_published":false},"categories":[21,629],"tags":[22,142],"class_list":["post-65647","post","type-post","status-publish","format-standard","has-post-thumbnail","hentry","category-aguascalientes","category-universidad-autonoma-de-aguascalientes","tag-aguascalientes","tag-uaa"],"jetpack_publicize_connections":[],"jetpack_featured_media_url":"https:\/\/i0.wp.com\/informativoelvalledeaguascalientes.online\/wp-content\/uploads\/2025\/02\/4e88db26-38eb-4995-9b91-5b5ed15aec64.jpg?fit=1600%2C986&ssl=1","jetpack-related-posts":[],"jetpack_sharing_enabled":true,"jetpack_likes_enabled":true,"_links":{"self":[{"href":"https:\/\/informativoelvalledeaguascalientes.online\/index.php?rest_route=\/wp\/v2\/posts\/65647","targetHints":{"allow":["GET"]}}],"collection":[{"href":"https:\/\/informativoelvalledeaguascalientes.online\/index.php?rest_route=\/wp\/v2\/posts"}],"about":[{"href":"https:\/\/informativoelvalledeaguascalientes.online\/index.php?rest_route=\/wp\/v2\/types\/post"}],"author":[{"embeddable":true,"href":"https:\/\/informativoelvalledeaguascalientes.online\/index.php?rest_route=\/wp\/v2\/users\/1"}],"replies":[{"embeddable":true,"href":"https:\/\/informativoelvalledeaguascalientes.online\/index.php?rest_route=%2Fwp%2Fv2%2Fcomments&post=65647"}],"version-history":[{"count":1,"href":"https:\/\/informativoelvalledeaguascalientes.online\/index.php?rest_route=\/wp\/v2\/posts\/65647\/revisions"}],"predecessor-version":[{"id":65649,"href":"https:\/\/informativoelvalledeaguascalientes.online\/index.php?rest_route=\/wp\/v2\/posts\/65647\/revisions\/65649"}],"wp:featuredmedia":[{"embeddable":true,"href":"https:\/\/informativoelvalledeaguascalientes.online\/index.php?rest_route=\/wp\/v2\/media\/65648"}],"wp:attachment":[{"href":"https:\/\/informativoelvalledeaguascalientes.online\/index.php?rest_route=%2Fwp%2Fv2%2Fmedia&parent=65647"}],"wp:term":[{"taxonomy":"category","embeddable":true,"href":"https:\/\/informativoelvalledeaguascalientes.online\/index.php?rest_route=%2Fwp%2Fv2%2Fcategories&post=65647"},{"taxonomy":"post_tag","embeddable":true,"href":"https:\/\/informativoelvalledeaguascalientes.online\/index.php?rest_route=%2Fwp%2Fv2%2Ftags&post=65647"}],"curies":[{"name":"wp","href":"https:\/\/api.w.org\/{rel}","templated":true}]}}