{"id":65556,"date":"2025-02-11T22:07:40","date_gmt":"2025-02-12T04:07:40","guid":{"rendered":"https:\/\/informativoelvalledeaguascalientes.online\/?p=65556"},"modified":"2025-02-11T22:07:40","modified_gmt":"2025-02-12T04:07:40","slug":"universidad-politecnica-de-aguascalientes-abre-proceso-de-admision-para-ingenierias-con-alta-demanda-laboral","status":"publish","type":"post","link":"https:\/\/informativoelvalledeaguascalientes.online\/?p=65556","title":{"rendered":"UNIVERSIDAD POLIT\u00c9CNICA DE AGUASCALIENTES ABRE PROCESO DE ADMISI\u00d3N PARA INGENIER\u00cdAS CON ALTA DEMANDA LABORAL"},"content":{"rendered":"<p class=\"p1\">#informativoelvalledeaguascalientes #novaradioaguascalientes #informativoelvalledeaguascalientesll #Aguascalientes<\/p>\n<p>&nbsp;<\/p>\n<p>&nbsp;<\/p>\n<ul class=\"_9iRlZ joYDm\">\n<li class=\"AY0Vp\" dir=\"auto\" aria-level=\"1\">\n<p id=\"viewer-xa1id197\" class=\"o0STb GF80u _6Vwzd HjRUP\" dir=\"\"><span class=\"B-fpk _6Vwzd\"><strong><em>El registro es en la p\u00e1gina web: <\/em><\/strong><a class=\"_5VzWt lfO3I\" href=\"http:\/\/www.upa.edu.mx\/\" target=\"_self\" rel=\"noopener\" data-hook=\"WebLink\"><strong><em>www.upa.edu.mx<\/em><\/strong><\/a><strong><em>\u00a0<\/em><\/strong><\/span><\/p>\n<\/li>\n<li class=\"AY0Vp\" dir=\"auto\" aria-level=\"1\">\n<p id=\"viewer-ag2tu202\" class=\"o0STb GF80u _6Vwzd HjRUP\" dir=\"\"><span class=\"B-fpk _6Vwzd\"><strong><em>La fecha l\u00edmite para el registro es el 22 de julio o hasta agotar la disponibilidad de espacios<\/em><\/strong><\/span><\/p>\n<\/li>\n<li class=\"AY0Vp\" dir=\"auto\" aria-level=\"1\">\n<p id=\"viewer-b17ut205\" class=\"o0STb GF80u _6Vwzd HjRUP\" dir=\"\"><span class=\"B-fpk _6Vwzd\"><strong><em>Para mayor informaci\u00f3n, comunicarse al tel\u00e9fono 449 442 14 00 o enviar un mensaje v\u00eda WhatsApp al n\u00famero 449 386 34 89<\/em><\/strong><\/span><\/p>\n<\/li>\n<\/ul>\n<div id=\"viewer-ginsa207\" class=\"o0STb GF80u _6Vwzd HjRUP\" dir=\"auto\"><span class=\"B-fpk _6Vwzd\">\u00a0<\/span><\/div>\n<p id=\"viewer-h4b6z228\" class=\"o0STb GF80u _6Vwzd HjRUP\" dir=\"auto\"><span class=\"B-fpk _6Vwzd\">La Universidad Polit\u00e9cnica de Aguascalientes (UPA) abri\u00f3 la convocatoria para el proceso de admisi\u00f3n 2025. El registro se realizar\u00e1 en l\u00ednea a trav\u00e9s del sitio <a class=\"_5VzWt lfO3I\" href=\"http:\/\/www.upa.edu.mx\/\" target=\"_self\" rel=\"noopener\" data-hook=\"WebLink\">www.upa.edu.mx<\/a>\u00a0y la fecha l\u00edmite para hacerlo es el pr\u00f3ximo 22 de julio o hasta agotar la disponibilidad de espacios.<\/span><\/p>\n<div id=\"viewer-klpie246\" class=\"o0STb GF80u _6Vwzd HjRUP\" dir=\"auto\"><span class=\"B-fpk _6Vwzd\">\u00a0<\/span><\/div>\n<p id=\"viewer-9inoo211\" class=\"o0STb GF80u _6Vwzd HjRUP\" dir=\"auto\"><span class=\"B-fpk _6Vwzd\">En este proceso se ofertar\u00e1n mil 200 lugares para las Ingenier\u00edas en Aeron\u00e1utica; Energ\u00eda y Desarrollo Sostenible; Semiconductores; Industrial; Mecatr\u00f3nica; Mec\u00e1nica Automotriz; Tecnolog\u00edas de la Informaci\u00f3n e Innovaci\u00f3n Digital, as\u00ed como para las Licenciaturas en Negocios y Mercadotecnia; Comercio Internacional y Aduanas; y Arquitectura Bioclim\u00e1tica.<\/span><\/p>\n<div id=\"viewer-9a89y262\" class=\"o0STb GF80u _6Vwzd HjRUP\" dir=\"auto\"><span class=\"B-fpk _6Vwzd\">\u00a0<\/span><\/div>\n<p id=\"viewer-vlndq213\" class=\"o0STb GF80u _6Vwzd HjRUP\" dir=\"auto\"><span class=\"B-fpk _6Vwzd\">Se programaron cuatro fechas para la aplicaci\u00f3n del examen de admisi\u00f3n: 5 de abril, 31 de mayo, 12 de julio y 2 de agosto. Los resultados se publicar\u00e1n en la p\u00e1gina web de la universidad cinco d\u00edas h\u00e1biles despu\u00e9s de cada aplicaci\u00f3n.<\/span><\/p>\n<div id=\"viewer-aq2iy278\" class=\"o0STb GF80u _6Vwzd HjRUP\" dir=\"auto\"><span class=\"B-fpk _6Vwzd\">\u00a0<\/span><\/div>\n<p id=\"viewer-kslok215\" class=\"o0STb GF80u _6Vwzd HjRUP\" dir=\"auto\"><span class=\"B-fpk _6Vwzd\">Quienes acrediten la evaluaci\u00f3n deber\u00e1n asistir a una entrevista personal relacionada con la carrera de su elecci\u00f3n para, posteriormente, iniciar el curso proped\u00e9utico el 1 de septiembre del presente a\u00f1o.<\/span><\/p>\n<p id=\"viewer-v62q4217\" class=\"o0STb GF80u _6Vwzd HjRUP\" dir=\"auto\"><span class=\"B-fpk _6Vwzd\">Para mayor informaci\u00f3n, las y los interesados pueden comunicarse al tel\u00e9fono 449 442 14 00 o enviar un mensaje v\u00eda WhatsApp al n\u00famero 449 386 34 89.<\/span><\/p>\n<div id=\"viewer-ceb58295\" class=\"o0STb GF80u _6Vwzd HjRUP\" dir=\"auto\"><span class=\"B-fpk _6Vwzd\">\u00a0<\/span><\/div>\n<p id=\"viewer-eevu2219\" class=\"o0STb GF80u _6Vwzd HjRUP\" dir=\"auto\"><span class=\"B-fpk _6Vwzd\">El rector de la UPA, Otto Granados Franco, invit\u00f3 a las y los estudiantes pr\u00f3ximos a egresar del bachillerato a formar parte de esta instituci\u00f3n de alto nivel acad\u00e9mico.\u00a0<\/span><\/p>\n<div id=\"viewer-c6kw3311\" class=\"o0STb GF80u _6Vwzd HjRUP\" dir=\"auto\"><span class=\"B-fpk _6Vwzd\">\u00a0<\/span><\/div>\n<p id=\"viewer-yg60d221\" class=\"o0STb GF80u _6Vwzd HjRUP\" dir=\"auto\"><span class=\"B-fpk _6Vwzd\">Por \u00faltimo, Granados Franco subray\u00f3 que la UPA se distingue como una instituci\u00f3n l\u00edder en el estado y la regi\u00f3n, destacando que el 90 por ciento de sus egresados se incorpora de manera inmediata al mercado laboral, gracias a la s\u00f3lida formaci\u00f3n acad\u00e9mica y pr\u00e1ctica que reciben durante su preparaci\u00f3n profesional.<\/span><\/p>\n","protected":false},"excerpt":{"rendered":"<p>#informativoelvalledeaguascalientes #novaradioaguascalientes #informativoelvalledeaguascalientesll #Aguascalientes &nbsp; &nbsp; El registro es en la p\u00e1gina web: www.upa.edu.mx\u00a0 La fecha l\u00edmite para el registro es el 22 de julio o hasta agotar la disponibilidad de espacios Para mayor informaci\u00f3n, comunicarse al tel\u00e9fono 449 442 14 00 o enviar un mensaje v\u00eda WhatsApp al n\u00famero 449 386 34 89 \u00a0 [&hellip;]<\/p>\n","protected":false},"author":1,"featured_media":65558,"comment_status":"closed","ping_status":"open","sticky":false,"template":"","format":"standard","meta":{"advanced_seo_description":"","jetpack_seo_html_title":"","jetpack_seo_noindex":false,"_jetpack_memberships_contains_paid_content":false,"footnotes":"","jetpack_publicize_message":"","jetpack_publicize_feature_enabled":true,"jetpack_social_post_already_shared":true,"jetpack_social_options":{"image_generator_settings":{"template":"highway","default_image_id":0,"font":"","enabled":false},"version":2}},"categories":[21,4],"tags":[22,615,472],"class_list":["post-65556","post","type-post","status-publish","format-standard","has-post-thumbnail","hentry","category-aguascalientes","category-gobierno-del-estado-aguascalientes","tag-aguascalientes","tag-gobierno-del-estado-de-aguascalientes","tag-upa"],"jetpack_publicize_connections":[],"jetpack_featured_media_url":"https:\/\/i0.wp.com\/informativoelvalledeaguascalientes.online\/wp-content\/uploads\/2025\/02\/unnamed-file-2.jpeg?fit=1600%2C1066&ssl=1","jetpack-related-posts":[],"jetpack_sharing_enabled":true,"jetpack_likes_enabled":true,"_links":{"self":[{"href":"https:\/\/informativoelvalledeaguascalientes.online\/index.php?rest_route=\/wp\/v2\/posts\/65556","targetHints":{"allow":["GET"]}}],"collection":[{"href":"https:\/\/informativoelvalledeaguascalientes.online\/index.php?rest_route=\/wp\/v2\/posts"}],"about":[{"href":"https:\/\/informativoelvalledeaguascalientes.online\/index.php?rest_route=\/wp\/v2\/types\/post"}],"author":[{"embeddable":true,"href":"https:\/\/informativoelvalledeaguascalientes.online\/index.php?rest_route=\/wp\/v2\/users\/1"}],"replies":[{"embeddable":true,"href":"https:\/\/informativoelvalledeaguascalientes.online\/index.php?rest_route=%2Fwp%2Fv2%2Fcomments&post=65556"}],"version-history":[{"count":1,"href":"https:\/\/informativoelvalledeaguascalientes.online\/index.php?rest_route=\/wp\/v2\/posts\/65556\/revisions"}],"predecessor-version":[{"id":65559,"href":"https:\/\/informativoelvalledeaguascalientes.online\/index.php?rest_route=\/wp\/v2\/posts\/65556\/revisions\/65559"}],"wp:featuredmedia":[{"embeddable":true,"href":"https:\/\/informativoelvalledeaguascalientes.online\/index.php?rest_route=\/wp\/v2\/media\/65558"}],"wp:attachment":[{"href":"https:\/\/informativoelvalledeaguascalientes.online\/index.php?rest_route=%2Fwp%2Fv2%2Fmedia&parent=65556"}],"wp:term":[{"taxonomy":"category","embeddable":true,"href":"https:\/\/informativoelvalledeaguascalientes.online\/index.php?rest_route=%2Fwp%2Fv2%2Fcategories&post=65556"},{"taxonomy":"post_tag","embeddable":true,"href":"https:\/\/informativoelvalledeaguascalientes.online\/index.php?rest_route=%2Fwp%2Fv2%2Ftags&post=65556"}],"curies":[{"name":"wp","href":"https:\/\/api.w.org\/{rel}","templated":true}]}}