{"id":65553,"date":"2025-02-11T22:01:47","date_gmt":"2025-02-12T04:01:47","guid":{"rendered":"https:\/\/informativoelvalledeaguascalientes.online\/?p=65553"},"modified":"2025-02-11T22:01:47","modified_gmt":"2025-02-12T04:01:47","slug":"el-presidente-municipal-de-jm-y-la-titular-de-la-cdhea-refuerzan-compromiso-por-los-derechos-humanos","status":"publish","type":"post","link":"https:\/\/informativoelvalledeaguascalientes.online\/?p=65553","title":{"rendered":"EL PRESIDENTE MUNICIPAL DE JM Y LA TITULAR DE LA CDHEA REFUERZAN COMPROMISO POR LOS DERECHOS HUMANOS"},"content":{"rendered":"<p>#informativoelvalledeaguascalientes , #novaradioaguascalientes<\/p>\n<p>&nbsp;<\/p>\n<p>El presidente municipal de Jes\u00fas Mar\u00eda, C\u00e9sar Medina sostuvo una reuni\u00f3n con la titular de la Comisi\u00f3n de Derechos Humanos del Estado de Aguascalientes, Mtra. Yessica Janet P\u00e9rez Carre\u00f3n, en la que reafirmaron su compromiso de seguir trabajando en conjunto para garantizar la protecci\u00f3n y promoci\u00f3n de los derechos humanos en el municipio.<\/p>\n<p>&nbsp;<\/p>\n<p>Durante el encuentro, se inform\u00f3 que pr\u00f3ximamente una unidad de la CDHEA recorrer\u00e1 el municipio para acercar sus servicios a la ciudadan\u00eda, brindando asesor\u00eda y orientaci\u00f3n en materia de derechos humanos.<\/p>\n<p>&nbsp;<\/p>\n<p>El Gobierno Municipal de Jes\u00fas Mar\u00eda refrenda su compromiso de seguir impulsando una cultura de respeto, igualdad y justicia para todas y todos.<\/p>\n","protected":false},"excerpt":{"rendered":"<p>#informativoelvalledeaguascalientes , #novaradioaguascalientes &nbsp; El presidente municipal de Jes\u00fas Mar\u00eda, C\u00e9sar Medina sostuvo una reuni\u00f3n con la titular de la Comisi\u00f3n de Derechos Humanos del Estado de Aguascalientes, Mtra. Yessica Janet P\u00e9rez Carre\u00f3n, en la que reafirmaron su compromiso de seguir trabajando en conjunto para garantizar la protecci\u00f3n y promoci\u00f3n de los derechos humanos en [&hellip;]<\/p>\n","protected":false},"author":1,"featured_media":65554,"comment_status":"closed","ping_status":"open","sticky":false,"template":"","format":"standard","meta":{"advanced_seo_description":"","jetpack_seo_html_title":"","jetpack_seo_noindex":false,"_jetpack_memberships_contains_paid_content":false,"footnotes":"","jetpack_publicize_message":"","jetpack_publicize_feature_enabled":true,"jetpack_social_post_already_shared":true,"jetpack_social_options":{"image_generator_settings":{"template":"highway","default_image_id":0,"font":"","enabled":false},"version":2}},"categories":[21,14,140],"tags":[22,45],"class_list":["post-65553","post","type-post","status-publish","format-standard","has-post-thumbnail","hentry","category-aguascalientes","category-jesus-maria-aguascalientes","category-pabellon-de-arteaga","tag-aguascalientes","tag-jesus-maria-aguascalientes"],"jetpack_publicize_connections":[],"jetpack_featured_media_url":"https:\/\/i0.wp.com\/informativoelvalledeaguascalientes.online\/wp-content\/uploads\/2025\/02\/IMG-20250211-WA0010.jpg?fit=1600%2C1003&ssl=1","jetpack-related-posts":[],"jetpack_sharing_enabled":true,"jetpack_likes_enabled":true,"_links":{"self":[{"href":"https:\/\/informativoelvalledeaguascalientes.online\/index.php?rest_route=\/wp\/v2\/posts\/65553","targetHints":{"allow":["GET"]}}],"collection":[{"href":"https:\/\/informativoelvalledeaguascalientes.online\/index.php?rest_route=\/wp\/v2\/posts"}],"about":[{"href":"https:\/\/informativoelvalledeaguascalientes.online\/index.php?rest_route=\/wp\/v2\/types\/post"}],"author":[{"embeddable":true,"href":"https:\/\/informativoelvalledeaguascalientes.online\/index.php?rest_route=\/wp\/v2\/users\/1"}],"replies":[{"embeddable":true,"href":"https:\/\/informativoelvalledeaguascalientes.online\/index.php?rest_route=%2Fwp%2Fv2%2Fcomments&post=65553"}],"version-history":[{"count":1,"href":"https:\/\/informativoelvalledeaguascalientes.online\/index.php?rest_route=\/wp\/v2\/posts\/65553\/revisions"}],"predecessor-version":[{"id":65555,"href":"https:\/\/informativoelvalledeaguascalientes.online\/index.php?rest_route=\/wp\/v2\/posts\/65553\/revisions\/65555"}],"wp:featuredmedia":[{"embeddable":true,"href":"https:\/\/informativoelvalledeaguascalientes.online\/index.php?rest_route=\/wp\/v2\/media\/65554"}],"wp:attachment":[{"href":"https:\/\/informativoelvalledeaguascalientes.online\/index.php?rest_route=%2Fwp%2Fv2%2Fmedia&parent=65553"}],"wp:term":[{"taxonomy":"category","embeddable":true,"href":"https:\/\/informativoelvalledeaguascalientes.online\/index.php?rest_route=%2Fwp%2Fv2%2Fcategories&post=65553"},{"taxonomy":"post_tag","embeddable":true,"href":"https:\/\/informativoelvalledeaguascalientes.online\/index.php?rest_route=%2Fwp%2Fv2%2Ftags&post=65553"}],"curies":[{"name":"wp","href":"https:\/\/api.w.org\/{rel}","templated":true}]}}