{"id":65524,"date":"2025-02-10T21:46:22","date_gmt":"2025-02-11T03:46:22","guid":{"rendered":"https:\/\/informativoelvalledeaguascalientes.online\/?p=65524"},"modified":"2025-02-10T21:46:22","modified_gmt":"2025-02-11T03:46:22","slug":"invitan-a-inscribirse-a-cursos-en-linea-el-cierre-del-registro-sera-el-15-de-febrero","status":"publish","type":"post","link":"https:\/\/informativoelvalledeaguascalientes.online\/?p=65524","title":{"rendered":"INVITAN A INSCRIBIRSE A CURSOS EN L\u00cdNEA; EL CIERRE DEL REGISTRO SER\u00c1 EL 15 DE FEBRERO"},"content":{"rendered":"<p>#informativoelvalledeaguascalientes #novaradioaguascalientes #informativoelvalledeaguascalientesll<\/p>\n<div id=\"bgLayers_comp-l7sh9ubr2\" class=\"MW5IWV\" data-hook=\"bgLayers\" data-motion-part=\"BG_LAYER comp-l7sh9ubr2\">\n<div id=\"bgMedia_comp-l7sh9ubr2\" class=\"VgO9Yg\" data-motion-part=\"BG_MEDIA comp-l7sh9ubr2\"><\/div>\n<\/div>\n<div class=\"\" data-mesh-id=\"comp-l7sh9ubr2inlineContent\" data-testid=\"inline-content\">\n<div data-mesh-id=\"comp-l7sh9ubr2inlineContent-gridContainer\" data-testid=\"mesh-container-content\">\n<div id=\"comp-l7yvxqnz\" class=\"MazNVa comp-l7yvxqnz wixui-image rYiAuL\"><\/div>\n<div id=\"comp-l7sh9ubx\" class=\"TWFxr5 \">\n<div class=\"comp-l7sh9ubx\">\n<div class=\"sGWYken comp-l7sh9ubx\" data-hook=\"ricosviewer-wrapper\">\n<div class=\"nIlW2\" dir=\"ltr\" data-id=\"content-viewer\">\n<div class=\"C0hbR\">\n<div class=\"av0i6\">\n<ul class=\"_9iRlZ joYDm\">\n<li class=\"AY0Vp\" dir=\"auto\" aria-level=\"1\">\n<p id=\"viewer-9u2aj156\" class=\"o0STb GF80u _6Vwzd HjRUP\" dir=\"\"><span class=\"B-fpk _6Vwzd\"><strong><em>Desarrollo de sitios web, programaci\u00f3n b\u00e1sica, mec\u00e1nica, automaquillaje, ingl\u00e9s y japon\u00e9s son algunos de los talleres que se ofrecen<\/em><\/strong><\/span><\/p>\n<\/li>\n<li class=\"AY0Vp\" dir=\"auto\" aria-level=\"1\">\n<p id=\"viewer-aqk54159\" class=\"o0STb GF80u _6Vwzd HjRUP\" dir=\"\"><span class=\"B-fpk _6Vwzd\"><strong><em>Tienen una duraci\u00f3n aproximada de tres meses y cuentan con validez oficial<\/em><\/strong><\/span><\/p>\n<\/li>\n<li class=\"AY0Vp\" dir=\"auto\" aria-level=\"1\">\n<p id=\"viewer-a0vxw162\" class=\"o0STb GF80u _6Vwzd HjRUP\" dir=\"\"><span class=\"B-fpk _6Vwzd\"><strong><em>Para m\u00e1s informaci\u00f3n, comunicarse al tel\u00e9fono 449 978 46 00 o al\u00a0 WhatsApp 449 352 91 58<\/em><\/strong><\/span><\/p>\n<\/li>\n<\/ul>\n<div id=\"viewer-hv0vv164\" class=\"o0STb GF80u joYDm HjRUP\" dir=\"auto\"><span class=\"B-fpk\">\u00a0<\/span><\/div>\n<p id=\"viewer-gn89i165\" class=\"o0STb GF80u _6Vwzd HjRUP\" dir=\"auto\"><span class=\"B-fpk _6Vwzd\">Si tienes m\u00e1s de 15 a\u00f1os y te interesa aprender algo nuevo sin salir de casa, el Gobierno del Estado te invita a participar en los diversos cursos en l\u00ednea que ofrece el Instituto de Capacitaci\u00f3n para el Trabajo; las inscripciones ya est\u00e1n abiertas y concluyen el 15 de febrero.\u00a0<\/span><\/p>\n<div id=\"viewer-0tpgf167\" class=\"o0STb GF80u joYDm HjRUP\" dir=\"auto\"><span class=\"B-fpk\">\u00a0<\/span><\/div>\n<p id=\"viewer-j3yv0168\" class=\"o0STb GF80u _6Vwzd HjRUP\" dir=\"auto\"><span class=\"B-fpk _6Vwzd\">Las y los interesados podr\u00e1n acceder a diversos talleres en l\u00ednea, desde dise\u00f1o publicitario, photoshop, desarrollo de sitios web, herramientas para la gesti\u00f3n de redes sociales y programaci\u00f3n b\u00e1sica, hasta mec\u00e1nica, automaquillaje, aplicaci\u00f3n b\u00e1sica de u\u00f1as, as\u00ed como a cursos de ingl\u00e9s, franc\u00e9s y japon\u00e9s.\u00a0\u00a0<\/span><\/p>\n<div id=\"viewer-awno5170\" class=\"o0STb GF80u _6Vwzd HjRUP\" dir=\"auto\"><span class=\"B-fpk _6Vwzd\">\u00a0<\/span><\/div>\n<p id=\"viewer-2bv5g171\" class=\"o0STb GF80u _6Vwzd HjRUP\" dir=\"auto\"><span class=\"B-fpk _6Vwzd\">El objetivo es promover el autoempleo y mejorar las oportunidades laborales a trav\u00e9s de la formaci\u00f3n virtual; cabe destacar que estos cursos cuentan con validez oficial, ya que est\u00e1n avalados por la Secretar\u00eda de Educaci\u00f3n P\u00fablica y la Secretar\u00eda del Trabajo y Previsi\u00f3n Social.\u00a0<\/span><\/p>\n<div id=\"viewer-6ztd5173\" class=\"o0STb GF80u _6Vwzd HjRUP\" dir=\"auto\"><span class=\"B-fpk _6Vwzd\">\u00a0<\/span><\/div>\n<p id=\"viewer-9duvo174\" class=\"o0STb GF80u _6Vwzd HjRUP\" dir=\"auto\"><span class=\"B-fpk _6Vwzd\">Todos los cursos tienen una duraci\u00f3n aproximada de tres meses con un costo de 360 pesos.\u00a0<\/span><\/p>\n<p id=\"viewer-e0r8h176\" class=\"o0STb GF80u _6Vwzd HjRUP\" dir=\"auto\"><span class=\"B-fpk _6Vwzd\">El proceso de inscripci\u00f3n tambi\u00e9n es cien por ciento el l\u00ednea y los requisitos son: acta de nacimiento, CURP, identificaci\u00f3n oficial con fotograf\u00eda y comprobante de domicilio.<\/span><\/p>\n<p id=\"viewer-96rl0178\" class=\"o0STb GF80u _6Vwzd HjRUP\" dir=\"auto\"><span class=\"B-fpk _6Vwzd\">La inscripci\u00f3n y la carga de documentos se puede realizar a trav\u00e9s de los siguientes enlaces, de acuerdo al plantel de su inter\u00e9s.<\/span><\/p>\n<div id=\"viewer-bq6i9218\" class=\"o0STb GF80u _6Vwzd HjRUP\" dir=\"auto\"><span class=\"B-fpk _6Vwzd\">\u00a0<\/span><\/div>\n<p id=\"viewer-99jt4180\" class=\"o0STb GF80u _6Vwzd HjRUP\" dir=\"auto\"><span class=\"B-fpk _6Vwzd\">Plantel Tres Centurias:<a class=\"_5VzWt lfO3I\" href=\"https:\/\/forms.gle\/nreVVFHEepiuEX5dA?fbclid=IwZXh0bgNhZW0CMTAAAR3eHutwD06Z9-I9NdhiiMEW6z-O8H3ZmYKl745galKQFeCbh71ZdDHEapo_aem_5B7g6LpZ_opNHuVYEECDLw\" target=\"_blank\" rel=\"noopener\" data-hook=\"WebLink\">\u00a0<\/a><a class=\"_5VzWt lfO3I\" href=\"https:\/\/forms.gle\/nreVVFHEepiuEX5dA\" target=\"_self\" rel=\"noopener\" data-hook=\"WebLink\"><u>https:\/\/forms.gle\/nreVVFHEepiuEX5dA<\/u><\/a><\/span><\/p>\n<p id=\"viewer-o7zwl184\" class=\"o0STb GF80u _6Vwzd HjRUP\" dir=\"auto\"><span class=\"B-fpk _6Vwzd\">Plantel El Llano:<a class=\"_5VzWt lfO3I\" href=\"https:\/\/forms.gle\/AxAw5prRjvqMfc7s5?fbclid=IwZXh0bgNhZW0CMTAAAR30he46z_hEgqt3Gg2HbKTxT51LO-Eh-fPHuXlXn1BBZvjoiZT4HLnoUSU_aem_Rmg82UN5VZngalTSRVPa2Q\" target=\"_blank\" rel=\"noopener\" data-hook=\"WebLink\">\u00a0<\/a><a class=\"_5VzWt lfO3I\" href=\"https:\/\/forms.gle\/AxAw5prRjvqMfc7s5\" target=\"_self\" rel=\"noopener\" data-hook=\"WebLink\"><u>https:\/\/forms.gle\/AxAw5prRjvqMfc7s5<\/u><\/a><\/span><\/p>\n<p id=\"viewer-cs7l2188\" class=\"o0STb GF80u _6Vwzd HjRUP\" dir=\"auto\"><span class=\"B-fpk _6Vwzd\">Plantel Calvillo: <a class=\"_5VzWt lfO3I\" href=\"https:\/\/forms.gle\/wbPqJ5Loj2GwnE877\" target=\"_self\" rel=\"noopener\" data-hook=\"WebLink\"><u>https:\/\/forms.gle\/wbPqJ5Loj2GwnE877<\/u><\/a><\/span><\/p>\n<p id=\"viewer-hfutl191\" class=\"o0STb GF80u _6Vwzd HjRUP\" dir=\"auto\"><span class=\"B-fpk _6Vwzd\">Plantel Pilar Blanco: <a class=\"_5VzWt lfO3I\" href=\"https:\/\/forms.gle\/cPn3uu618JQesfxp7\" target=\"_self\" rel=\"noopener\" data-hook=\"WebLink\"><u>https:\/\/forms.gle\/cPn3uu618JQesfxp7<\/u><\/a><\/span><\/p>\n<p id=\"viewer-lmm94194\" class=\"o0STb GF80u _6Vwzd HjRUP\" dir=\"auto\"><span class=\"B-fpk _6Vwzd\">Plantel Jes\u00fas Mar\u00eda: <a class=\"_5VzWt lfO3I\" href=\"https:\/\/forms.gle\/qvJ6o44SWcmWyPuF9\" target=\"_self\" rel=\"noopener\" data-hook=\"WebLink\"><u>https:\/\/forms.gle\/qvJ6o44SWcmWyPuF9<\/u><\/a><\/span><\/p>\n<p id=\"viewer-5cekw197\" class=\"o0STb GF80u _6Vwzd HjRUP\" dir=\"auto\"><span class=\"B-fpk _6Vwzd\">Plantel Cos\u00edo: <a class=\"_5VzWt lfO3I\" href=\"https:\/\/forms.gle\/RVRotxbAJ1G5r6Fw6?fbclid=IwZXh0bgNhZW0CMTAAAR2EcJ5uwRWMv3E5KfyaaxNJDKscnbymxzcZNV-CWhPCfS-svLbHCVci4Hg_aem_-G8PD7LzeiqMZyzpFgfznw\" target=\"_blank\" rel=\"noopener\" data-hook=\"WebLink\">\u00a0<\/a><a class=\"_5VzWt lfO3I\" href=\"https:\/\/forms.gle\/RVRotxbAJ1G5r6Fw6\" target=\"_self\" rel=\"noopener\" data-hook=\"WebLink\"><u>https:\/\/forms.gle\/RVRotxbAJ1G5r6Fw6<\/u><\/a><\/span><\/p>\n<p id=\"viewer-52b9v201\" class=\"o0STb GF80u _6Vwzd HjRUP\" dir=\"auto\"><span class=\"B-fpk _6Vwzd\">Plantel Villa Ju\u00e1rez, Asientos: <a class=\"_5VzWt lfO3I\" href=\"https:\/\/forms.gle\/929YA1BmZG4DGuBL7\" target=\"_self\" rel=\"noopener\" data-hook=\"WebLink\"><u>https:\/\/forms.gle\/929YA1BmZG4DGuBL7<\/u><\/a><\/span><\/p>\n<p id=\"viewer-jbljx204\" class=\"o0STb GF80u _6Vwzd HjRUP\" dir=\"auto\"><span class=\"B-fpk _6Vwzd\">Plantel Mirador de las Culturas: <a class=\"_5VzWt lfO3I\" href=\"https:\/\/forms.gle\/wueV1X4wBArRLa9B6\" target=\"_self\" rel=\"noopener\" data-hook=\"WebLink\"><u>https:\/\/forms.gle\/wueV1X4wBArRLa9B6<\/u><\/a><\/span><\/p>\n<div id=\"viewer-xayxw267\" class=\"o0STb GF80u _6Vwzd HjRUP\" dir=\"auto\"><span class=\"B-fpk _6Vwzd\">\u00a0<\/span><\/div>\n<p id=\"viewer-bbwfy207\" class=\"o0STb GF80u _6Vwzd HjRUP\" dir=\"auto\"><span class=\"B-fpk _6Vwzd\">Para m\u00e1s informaci\u00f3n, las y los interesados pueden comunicarse al tel\u00e9fono 449 978 46 00 o al WhatsApp 449 352 91 58, con horario de atenci\u00f3n de lunes a s\u00e1bado, de las 8:00 a 15:30 horas.\u00a0<\/span><\/p>\n<\/div>\n<\/div>\n<\/div>\n<\/div>\n<\/div>\n<\/div>\n<\/div>\n<\/div>\n","protected":false},"excerpt":{"rendered":"<p>#informativoelvalledeaguascalientes #novaradioaguascalientes #informativoelvalledeaguascalientesll Desarrollo de sitios web, programaci\u00f3n b\u00e1sica, mec\u00e1nica, automaquillaje, ingl\u00e9s y japon\u00e9s son algunos de los talleres que se ofrecen Tienen una duraci\u00f3n aproximada de tres meses y cuentan con validez oficial Para m\u00e1s informaci\u00f3n, comunicarse al tel\u00e9fono 449 978 46 00 o al\u00a0 WhatsApp 449 352 91 58 \u00a0 Si tienes m\u00e1s [&hellip;]<\/p>\n","protected":false},"author":1,"featured_media":65525,"comment_status":"closed","ping_status":"open","sticky":false,"template":"","format":"standard","meta":{"advanced_seo_description":"","jetpack_seo_html_title":"","jetpack_seo_noindex":false,"_jetpack_memberships_contains_paid_content":false,"footnotes":"","jetpack_publicize_message":"","jetpack_publicize_feature_enabled":true,"jetpack_social_post_already_shared":true,"jetpack_social_options":{"image_generator_settings":{"template":"highway","default_image_id":0,"font":"","enabled":false},"version":2}},"categories":[21,4],"tags":[22,615,484],"class_list":["post-65524","post","type-post","status-publish","format-standard","has-post-thumbnail","hentry","category-aguascalientes","category-gobierno-del-estado-aguascalientes","tag-aguascalientes","tag-gobierno-del-estado-de-aguascalientes","tag-ictea"],"jetpack_publicize_connections":[],"jetpack_featured_media_url":"https:\/\/i0.wp.com\/informativoelvalledeaguascalientes.online\/wp-content\/uploads\/2025\/02\/5-2.jpeg?fit=1600%2C1600&ssl=1","jetpack-related-posts":[],"jetpack_sharing_enabled":true,"jetpack_likes_enabled":true,"_links":{"self":[{"href":"https:\/\/informativoelvalledeaguascalientes.online\/index.php?rest_route=\/wp\/v2\/posts\/65524","targetHints":{"allow":["GET"]}}],"collection":[{"href":"https:\/\/informativoelvalledeaguascalientes.online\/index.php?rest_route=\/wp\/v2\/posts"}],"about":[{"href":"https:\/\/informativoelvalledeaguascalientes.online\/index.php?rest_route=\/wp\/v2\/types\/post"}],"author":[{"embeddable":true,"href":"https:\/\/informativoelvalledeaguascalientes.online\/index.php?rest_route=\/wp\/v2\/users\/1"}],"replies":[{"embeddable":true,"href":"https:\/\/informativoelvalledeaguascalientes.online\/index.php?rest_route=%2Fwp%2Fv2%2Fcomments&post=65524"}],"version-history":[{"count":1,"href":"https:\/\/informativoelvalledeaguascalientes.online\/index.php?rest_route=\/wp\/v2\/posts\/65524\/revisions"}],"predecessor-version":[{"id":65526,"href":"https:\/\/informativoelvalledeaguascalientes.online\/index.php?rest_route=\/wp\/v2\/posts\/65524\/revisions\/65526"}],"wp:featuredmedia":[{"embeddable":true,"href":"https:\/\/informativoelvalledeaguascalientes.online\/index.php?rest_route=\/wp\/v2\/media\/65525"}],"wp:attachment":[{"href":"https:\/\/informativoelvalledeaguascalientes.online\/index.php?rest_route=%2Fwp%2Fv2%2Fmedia&parent=65524"}],"wp:term":[{"taxonomy":"category","embeddable":true,"href":"https:\/\/informativoelvalledeaguascalientes.online\/index.php?rest_route=%2Fwp%2Fv2%2Fcategories&post=65524"},{"taxonomy":"post_tag","embeddable":true,"href":"https:\/\/informativoelvalledeaguascalientes.online\/index.php?rest_route=%2Fwp%2Fv2%2Ftags&post=65524"}],"curies":[{"name":"wp","href":"https:\/\/api.w.org\/{rel}","templated":true}]}}