{"id":65502,"date":"2025-02-09T21:18:49","date_gmt":"2025-02-10T03:18:49","guid":{"rendered":"https:\/\/informativoelvalledeaguascalientes.online\/?p=65502"},"modified":"2025-02-10T21:23:46","modified_gmt":"2025-02-11T03:23:46","slug":"descubre-disfruta-y-reflexiona-a-traves-de-la-76-muestra-internacional-de-cine-en-la-uaa","status":"publish","type":"post","link":"https:\/\/informativoelvalledeaguascalientes.online\/?p=65502","title":{"rendered":"Descubre, disfruta y reflexiona a trav\u00e9s de la 76 Muestra Internacional de Cine en la UAA"},"content":{"rendered":"<p class=\"p1\">#informativoelvalledeaguascalientes #novaradioaguascalientes #informativoelvalledeaguascalientesll #Aguascalientes<\/p>\n<p>&nbsp;<\/p>\n<p>&nbsp;<\/p>\n<p>\u25cf Esta muestra contempla la proyecci\u00f3n de 9 filmes de pa\u00edses como M\u00e9xico, Espa\u00f1a, Francia, Ir\u00e1n y Uruguay, entre otros.<br \/>\n\u25cf La preventa de abonos dar\u00e1 inicio este 9 de febrero.<\/p>\n<p>La Universidad Aut\u00f3noma de Aguascalientes est\u00e1 lista para recibir la 76 Muestra Internacional de Cine, cuya preventa de abonos se habilitar\u00e1 a partir del 9 de febrero.<\/p>\n<p>En esta ocasi\u00f3n, se exhibir\u00e1n nueve pel\u00edculas galardonadas internacionalmente en festivales como el de Venecia, el de Sundance, o el Festival Internacional de Am\u00e9rica Latina. Al respecto, el Lic. Juan Pablo Casta\u00f1eda Pacheco, encargado de eventos culturales de la UAA, dio a conocer que entre las cintas que se proyectar\u00e1n del 21 de febrero al 1 de marzo se encuentran dramas, thrillers y trabajos de comedia, entre otros.<\/p>\n<p>Este ciclo iniciar\u00e1 con la cinta \u201cProfundo Carmes\u00ed\u201d de Arturo Ripstein (M\u00e9xico, Espa\u00f1a y Francia, 1996), versi\u00f3n restaurada e in\u00e9dita con secuencias que en su momento se eliminaron a causa de la visi\u00f3n moral de la \u00e9poca. El 22 de febrero se proyectar\u00e1 \u201cMemoria\u201d de Michel Franco (M\u00e9xico, Estados Unidos, 2023) una obra acerca del amor y con un fuerte mensaje esperanzador.<\/p>\n<p>\u201cTierra de Hermanos\u201d llegar\u00e1 el 23 de febrero (Ir\u00e1n, Francia, Pa\u00edses Bajos, 2024), la cual expone el exilio en busca de un mejor futuro; \u201cSim\u00f3n de la Monta\u00f1a\u201d (Argentina, Chile, Uruguay, 2024) ser\u00e1 exhibida el 24 de febrero, se trata de un filme que aborda los prejuicios en una sociedad socialmente marginada por su condici\u00f3n.<\/p>\n<p>La 76 Muestra Internacional de Cine continuar\u00e1 el 25 de febrero con \u201cUn Viaje en Primavera\u201d (Taiw\u00e1n, 2023), una \u00f3pera que honra las tradiciones taiwanesas. Del mismo modo, llegar\u00e1 el d\u00eda 26 \u201cCerrar los Ojos, Espa\u00f1a, Argentina, 2023), drama nost\u00e1lgico y autoreflexivo sobre la memoria, la identidad y la amistad; \u201cIt\u00b4s not me\u201d (Francia, 2024) el 27 de febrero, un ensayo sobre el poder y la pol\u00edtica.<\/p>\n<p>\u201cMisericordia\u201d se proyectar\u00e1 el 28 del mismo mes (Francia 2024, un thriller rural que tambi\u00e9n ha sido merecedor de reconocimientos internacionales.<br \/>\nFinalmente, el ciclo cierra el 1 de marzo con \u201cEl pesar de los sue\u00f1os\u201d (Estados Unidos, Alemania, 1982), documental que muestra el proceso de creaci\u00f3n de la obra m\u00e1s ambiciosa del cineasta Warner Herzog: \u201cFitzcarraldo\u201d.<\/p>\n<p>Los filmes de esta muestra se proyectar\u00e1n en el Auditorio Dr. Pedro de Alba a las 17:00 y 20:00 hrs, a excepci\u00f3n del 27 de febrero, d\u00eda en el que las funciones ser\u00e1n a las 17:00 y 19:00 hrs.<\/p>\n<p>El acceso por pel\u00edcula tiene un costo de 40 pesos y el abono para las 9 pel\u00edculas 225 pesos. Los boletos pueden adquirirse en el Departamento de Cajas y media hora antes de cada funci\u00f3n a las afueras del Auditorio Dr. Pedro de Alba.<\/p>\n<p>Para m\u00e1s detalles sobre este ciclo de cine, los interesados pueden visitar el perfil \u201cCultura UAA\u201d en facebook y\/o ser parte de un grupo de WhatsApp, en el que se puede acceder a algunas promociones y cortes\u00edas para este y otros eventos, bastar\u00e1 con darse de alta mandando un mensaje al 449 910 7429.<\/p>\n","protected":false},"excerpt":{"rendered":"<p>#informativoelvalledeaguascalientes #novaradioaguascalientes #informativoelvalledeaguascalientesll #Aguascalientes &nbsp; &nbsp; \u25cf Esta muestra contempla la proyecci\u00f3n de 9 filmes de pa\u00edses como M\u00e9xico, Espa\u00f1a, Francia, Ir\u00e1n y Uruguay, entre otros. \u25cf La preventa de abonos dar\u00e1 inicio este 9 de febrero. La Universidad Aut\u00f3noma de Aguascalientes est\u00e1 lista para recibir la 76 Muestra Internacional de Cine, cuya preventa de [&hellip;]<\/p>\n","protected":false},"author":1,"featured_media":65503,"comment_status":"closed","ping_status":"open","sticky":false,"template":"","format":"standard","meta":{"advanced_seo_description":"","jetpack_seo_html_title":"","jetpack_seo_noindex":false,"_jetpack_memberships_contains_paid_content":false,"footnotes":"","jetpack_publicize_message":"","jetpack_publicize_feature_enabled":true,"jetpack_social_post_already_shared":true,"jetpack_social_options":{"image_generator_settings":{"template":"highway","default_image_id":0,"font":"","enabled":false},"version":2}},"categories":[21,629],"tags":[22,142],"class_list":["post-65502","post","type-post","status-publish","format-standard","has-post-thumbnail","hentry","category-aguascalientes","category-universidad-autonoma-de-aguascalientes","tag-aguascalientes","tag-uaa"],"jetpack_publicize_connections":[],"jetpack_featured_media_url":"https:\/\/i0.wp.com\/informativoelvalledeaguascalientes.online\/wp-content\/uploads\/2025\/02\/UAA.jpg?fit=1170%2C787&ssl=1","jetpack-related-posts":[],"jetpack_sharing_enabled":true,"jetpack_likes_enabled":true,"_links":{"self":[{"href":"https:\/\/informativoelvalledeaguascalientes.online\/index.php?rest_route=\/wp\/v2\/posts\/65502","targetHints":{"allow":["GET"]}}],"collection":[{"href":"https:\/\/informativoelvalledeaguascalientes.online\/index.php?rest_route=\/wp\/v2\/posts"}],"about":[{"href":"https:\/\/informativoelvalledeaguascalientes.online\/index.php?rest_route=\/wp\/v2\/types\/post"}],"author":[{"embeddable":true,"href":"https:\/\/informativoelvalledeaguascalientes.online\/index.php?rest_route=\/wp\/v2\/users\/1"}],"replies":[{"embeddable":true,"href":"https:\/\/informativoelvalledeaguascalientes.online\/index.php?rest_route=%2Fwp%2Fv2%2Fcomments&post=65502"}],"version-history":[{"count":1,"href":"https:\/\/informativoelvalledeaguascalientes.online\/index.php?rest_route=\/wp\/v2\/posts\/65502\/revisions"}],"predecessor-version":[{"id":65506,"href":"https:\/\/informativoelvalledeaguascalientes.online\/index.php?rest_route=\/wp\/v2\/posts\/65502\/revisions\/65506"}],"wp:featuredmedia":[{"embeddable":true,"href":"https:\/\/informativoelvalledeaguascalientes.online\/index.php?rest_route=\/wp\/v2\/media\/65503"}],"wp:attachment":[{"href":"https:\/\/informativoelvalledeaguascalientes.online\/index.php?rest_route=%2Fwp%2Fv2%2Fmedia&parent=65502"}],"wp:term":[{"taxonomy":"category","embeddable":true,"href":"https:\/\/informativoelvalledeaguascalientes.online\/index.php?rest_route=%2Fwp%2Fv2%2Fcategories&post=65502"},{"taxonomy":"post_tag","embeddable":true,"href":"https:\/\/informativoelvalledeaguascalientes.online\/index.php?rest_route=%2Fwp%2Fv2%2Ftags&post=65502"}],"curies":[{"name":"wp","href":"https:\/\/api.w.org\/{rel}","templated":true}]}}