{"id":65489,"date":"2025-02-10T21:10:48","date_gmt":"2025-02-11T03:10:48","guid":{"rendered":"https:\/\/informativoelvalledeaguascalientes.online\/?p=65489"},"modified":"2025-02-10T21:10:48","modified_gmt":"2025-02-11T03:10:48","slug":"cabalgata-feria-nacional-de-san-marcos-2025","status":"publish","type":"post","link":"https:\/\/informativoelvalledeaguascalientes.online\/?p=65489","title":{"rendered":"Cabalgata Feria Nacional de San Marcos 2025"},"content":{"rendered":"<p class=\"p1\">#informativoelvalledeaguascalientes #novaradioaguascalientes #informativoelvalledeaguascalientesll #Aguascalientes<\/p>\n<p>&nbsp;<\/p>\n<div class=\"xdj266r x11i5rnm xat24cr x1mh8g0r x1vvkbs x126k92a\">\n<div dir=\"auto\">La Asociaci\u00f3n de Cabalgantes del Estado de Aguascalientes se prepara para una m\u00e1s de sus \u00e9picas aventuras, como es la Cabalgata de Feria que este 2025 ser\u00e1 el primer d\u00eda de la verbena, el 19 de abril y ser\u00e1 al estilo \u201cSiete Leguas de Pancho Villa\u201d.<\/div>\n<div dir=\"auto\"><\/div>\n<div dir=\"auto\">La invitaci\u00f3n se hace extensiva a quienes deseen sentir el esp\u00edritu cabalgante.<\/div>\n<div dir=\"auto\">Para mayor informaci\u00f3n en las redes sociales de la Asociaci\u00f3n de Cabalgantes del Estado de Aguascalientes A.C.<\/div>\n<\/div>\n<div class=\"x11i5rnm xat24cr x1mh8g0r x1vvkbs xtlvy1s x126k92a\">\n<div dir=\"auto\"><span class=\"html-span xdj266r x11i5rnm xat24cr x1mh8g0r xexx8yu x4uap5 x18d9i69 xkhd6sd x1hl2dhg x16tdsg8 x1vvkbs\"><a class=\"x1i10hfl xjbqb8w x1ejq31n xd10rxx x1sy0etr x17r0tee x972fbf xcfux6l x1qhh985 xm0m39n x9f619 x1ypdohk xt0psk2 xe8uvvx xdj266r x11i5rnm xat24cr x1mh8g0r xexx8yu x4uap5 x18d9i69 xkhd6sd x16tdsg8 x1hl2dhg xggy1nq x1a2a7pz x1sur9pj xkrqix3 x1fey0fg x1s688f\" tabindex=\"0\" role=\"link\" href=\"https:\/\/www.facebook.com\/hashtag\/pfnsm?__eep__=6&amp;__cft__[0]=AZXdr51tiXrD7pgOBYqZCzyXpdNxlAKFjsy2n7tP0wOEb1BJS_BmY_Hs9l6jjZxQmTU_5PSsLMN7ikkAVWwdqauCmjJyYGs13DDj1hpQdMhUPl562o7HDNYoX3_44bmjRjt18aA2Jelo9c0eA1cO_11q1AZJioedoX6hMY7k0z91Cw&amp;__tn__=*NK-R\">#PFNSM<\/a><\/span><\/div>\n<div dir=\"auto\"><span class=\"html-span xdj266r x11i5rnm xat24cr x1mh8g0r xexx8yu x4uap5 x18d9i69 xkhd6sd x1hl2dhg x16tdsg8 x1vvkbs\"><a class=\"x1i10hfl xjbqb8w x1ejq31n xd10rxx x1sy0etr x17r0tee x972fbf xcfux6l x1qhh985 xm0m39n x9f619 x1ypdohk xt0psk2 xe8uvvx xdj266r x11i5rnm xat24cr x1mh8g0r xexx8yu x4uap5 x18d9i69 xkhd6sd x16tdsg8 x1hl2dhg xggy1nq x1a2a7pz x1sur9pj xkrqix3 x1fey0fg x1s688f\" tabindex=\"0\" role=\"link\" href=\"https:\/\/www.facebook.com\/hashtag\/fnsm2025?__eep__=6&amp;__cft__[0]=AZXdr51tiXrD7pgOBYqZCzyXpdNxlAKFjsy2n7tP0wOEb1BJS_BmY_Hs9l6jjZxQmTU_5PSsLMN7ikkAVWwdqauCmjJyYGs13DDj1hpQdMhUPl562o7HDNYoX3_44bmjRjt18aA2Jelo9c0eA1cO_11q1AZJioedoX6hMY7k0z91Cw&amp;__tn__=*NK-R\">#FNSM2025<\/a><\/span><\/div>\n<div dir=\"auto\"><span class=\"html-span xdj266r x11i5rnm xat24cr x1mh8g0r xexx8yu x4uap5 x18d9i69 xkhd6sd x1hl2dhg x16tdsg8 x1vvkbs\"><a class=\"x1i10hfl xjbqb8w x1ejq31n xd10rxx x1sy0etr x17r0tee x972fbf xcfux6l x1qhh985 xm0m39n x9f619 x1ypdohk xt0psk2 xe8uvvx xdj266r x11i5rnm xat24cr x1mh8g0r xexx8yu x4uap5 x18d9i69 xkhd6sd x16tdsg8 x1hl2dhg xggy1nq x1a2a7pz x1sur9pj xkrqix3 x1fey0fg x1s688f\" tabindex=\"0\" role=\"link\" href=\"https:\/\/www.facebook.com\/hashtag\/elgigantedemexico?__eep__=6&amp;__cft__[0]=AZXdr51tiXrD7pgOBYqZCzyXpdNxlAKFjsy2n7tP0wOEb1BJS_BmY_Hs9l6jjZxQmTU_5PSsLMN7ikkAVWwdqauCmjJyYGs13DDj1hpQdMhUPl562o7HDNYoX3_44bmjRjt18aA2Jelo9c0eA1cO_11q1AZJioedoX6hMY7k0z91Cw&amp;__tn__=*NK-R\">#ElGiganteDeMexico<\/a><\/span><\/div>\n<\/div>\n","protected":false},"excerpt":{"rendered":"<p>#informativoelvalledeaguascalientes #novaradioaguascalientes #informativoelvalledeaguascalientesll #Aguascalientes &nbsp; La Asociaci\u00f3n de Cabalgantes del Estado de Aguascalientes se prepara para una m\u00e1s de sus \u00e9picas aventuras, como es la Cabalgata de Feria que este 2025 ser\u00e1 el primer d\u00eda de la verbena, el 19 de abril y ser\u00e1 al estilo \u201cSiete Leguas de Pancho Villa\u201d. La invitaci\u00f3n se hace [&hellip;]<\/p>\n","protected":false},"author":1,"featured_media":65491,"comment_status":"closed","ping_status":"open","sticky":false,"template":"","format":"standard","meta":{"advanced_seo_description":"","jetpack_seo_html_title":"","jetpack_seo_noindex":false,"_jetpack_memberships_contains_paid_content":false,"footnotes":"","jetpack_publicize_message":"","jetpack_publicize_feature_enabled":true,"jetpack_social_post_already_shared":true,"jetpack_social_options":{"image_generator_settings":{"template":"highway","default_image_id":0,"font":"","enabled":false},"version":2}},"categories":[21,4],"tags":[918,22,615,921],"class_list":["post-65489","post","type-post","status-publish","format-standard","has-post-thumbnail","hentry","category-aguascalientes","category-gobierno-del-estado-aguascalientes","tag-fnsm2025","tag-aguascalientes","tag-gobierno-del-estado-de-aguascalientes","tag-pfnsm-2025"],"jetpack_publicize_connections":[],"jetpack_featured_media_url":"https:\/\/i0.wp.com\/informativoelvalledeaguascalientes.online\/wp-content\/uploads\/2025\/02\/476607606_594215946854404_3891376627849522097_n.jpg?fit=1080%2C1209&ssl=1","jetpack-related-posts":[],"jetpack_sharing_enabled":true,"jetpack_likes_enabled":true,"_links":{"self":[{"href":"https:\/\/informativoelvalledeaguascalientes.online\/index.php?rest_route=\/wp\/v2\/posts\/65489","targetHints":{"allow":["GET"]}}],"collection":[{"href":"https:\/\/informativoelvalledeaguascalientes.online\/index.php?rest_route=\/wp\/v2\/posts"}],"about":[{"href":"https:\/\/informativoelvalledeaguascalientes.online\/index.php?rest_route=\/wp\/v2\/types\/post"}],"author":[{"embeddable":true,"href":"https:\/\/informativoelvalledeaguascalientes.online\/index.php?rest_route=\/wp\/v2\/users\/1"}],"replies":[{"embeddable":true,"href":"https:\/\/informativoelvalledeaguascalientes.online\/index.php?rest_route=%2Fwp%2Fv2%2Fcomments&post=65489"}],"version-history":[{"count":1,"href":"https:\/\/informativoelvalledeaguascalientes.online\/index.php?rest_route=\/wp\/v2\/posts\/65489\/revisions"}],"predecessor-version":[{"id":65492,"href":"https:\/\/informativoelvalledeaguascalientes.online\/index.php?rest_route=\/wp\/v2\/posts\/65489\/revisions\/65492"}],"wp:featuredmedia":[{"embeddable":true,"href":"https:\/\/informativoelvalledeaguascalientes.online\/index.php?rest_route=\/wp\/v2\/media\/65491"}],"wp:attachment":[{"href":"https:\/\/informativoelvalledeaguascalientes.online\/index.php?rest_route=%2Fwp%2Fv2%2Fmedia&parent=65489"}],"wp:term":[{"taxonomy":"category","embeddable":true,"href":"https:\/\/informativoelvalledeaguascalientes.online\/index.php?rest_route=%2Fwp%2Fv2%2Fcategories&post=65489"},{"taxonomy":"post_tag","embeddable":true,"href":"https:\/\/informativoelvalledeaguascalientes.online\/index.php?rest_route=%2Fwp%2Fv2%2Ftags&post=65489"}],"curies":[{"name":"wp","href":"https:\/\/api.w.org\/{rel}","templated":true}]}}