{"id":65451,"date":"2025-02-08T20:29:41","date_gmt":"2025-02-09T02:29:41","guid":{"rendered":"https:\/\/informativoelvalledeaguascalientes.online\/?p=65451"},"modified":"2025-02-10T20:35:18","modified_gmt":"2025-02-11T02:35:18","slug":"fortalece-municipio-labores-de-desmalezado-en-el-area-natural-protegida-la-pona","status":"publish","type":"post","link":"https:\/\/informativoelvalledeaguascalientes.online\/?p=65451","title":{"rendered":"FORTALECE MUNICIPIO LABORES DE DESMALEZADO EN EL \u00c1REA NATURAL PROTEGIDA LA PONA"},"content":{"rendered":"<p>#informativoelvalledeaguascalientes #novaradioaguascalientes #informativoelvalledeaguascalientesll #Aguascalientes<\/p>\n<p>&nbsp;<\/p>\n<ul>\n<li><strong>Se desmalezaron 700 metros cuadrados en el \u00c1rea Natural Protegida Municipal La Pona<\/strong><\/li>\n<\/ul>\n<p>&nbsp;<\/p>\n<p>La Secretar\u00eda de Medio Ambiente y Desarrollo Sustentable del Municipio de Aguascalientes (Semadesu), lleva a cabo una intensa jornada de desmalezado en el \u00c1rea Natural Protegida \u201cLa Pona\u201d, donde el equipo de guardabosques, inspectores y trabajadores realizan un importante trabajo para conservar este pulm\u00f3n natural en \u00f3ptimas condiciones.<\/p>\n<p>Durante esta jornada, se desmalezaron un total de 700 m\u00b2, lo que contribuye significativamente a la reducci\u00f3n del riesgo de incendios en esta zona mezquitera. Adem\u00e1s, se logr\u00f3 recolectar aproximadamente una tonelada de residuos, lo que no solo mejora la seguridad del \u00e1rea, sino que tambi\u00e9n promueve un entorno m\u00e1s saludable para la flora y fauna local.<\/p>\n<p>La Semadesu redobla esfuerzos para cuidar del entorno y en este sentido, hace un llamado ciudadano a seguir apoyando estas iniciativas y a participar en futuras actividades de conservaci\u00f3n que marcan la diferencia para consolidar un medio ambiente sano.<\/p>\n","protected":false},"excerpt":{"rendered":"<p>#informativoelvalledeaguascalientes #novaradioaguascalientes #informativoelvalledeaguascalientesll #Aguascalientes &nbsp; Se desmalezaron 700 metros cuadrados en el \u00c1rea Natural Protegida Municipal La Pona &nbsp; La Secretar\u00eda de Medio Ambiente y Desarrollo Sustentable del Municipio de Aguascalientes (Semadesu), lleva a cabo una intensa jornada de desmalezado en el \u00c1rea Natural Protegida \u201cLa Pona\u201d, donde el equipo de guardabosques, inspectores y trabajadores [&hellip;]<\/p>\n","protected":false},"author":1,"featured_media":65455,"comment_status":"closed","ping_status":"open","sticky":false,"template":"","format":"standard","meta":{"advanced_seo_description":"","jetpack_seo_html_title":"","jetpack_seo_noindex":false,"_jetpack_memberships_contains_paid_content":false,"footnotes":"","jetpack_publicize_message":"","jetpack_publicize_feature_enabled":true,"jetpack_social_post_already_shared":true,"jetpack_social_options":{"image_generator_settings":{"template":"highway","default_image_id":0,"font":"","enabled":false},"version":2}},"categories":[21,3],"tags":[22,25],"class_list":["post-65451","post","type-post","status-publish","format-standard","has-post-thumbnail","hentry","category-aguascalientes","category-municipio-aguascalientes","tag-aguascalientes","tag-mpio-aguascalientes"],"jetpack_publicize_connections":[],"jetpack_featured_media_url":"https:\/\/i0.wp.com\/informativoelvalledeaguascalientes.online\/wp-content\/uploads\/2025\/02\/IMG_9653-scaled-1.jpeg?fit=2560%2C1707&ssl=1","jetpack-related-posts":[],"jetpack_sharing_enabled":true,"jetpack_likes_enabled":true,"_links":{"self":[{"href":"https:\/\/informativoelvalledeaguascalientes.online\/index.php?rest_route=\/wp\/v2\/posts\/65451","targetHints":{"allow":["GET"]}}],"collection":[{"href":"https:\/\/informativoelvalledeaguascalientes.online\/index.php?rest_route=\/wp\/v2\/posts"}],"about":[{"href":"https:\/\/informativoelvalledeaguascalientes.online\/index.php?rest_route=\/wp\/v2\/types\/post"}],"author":[{"embeddable":true,"href":"https:\/\/informativoelvalledeaguascalientes.online\/index.php?rest_route=\/wp\/v2\/users\/1"}],"replies":[{"embeddable":true,"href":"https:\/\/informativoelvalledeaguascalientes.online\/index.php?rest_route=%2Fwp%2Fv2%2Fcomments&post=65451"}],"version-history":[{"count":1,"href":"https:\/\/informativoelvalledeaguascalientes.online\/index.php?rest_route=\/wp\/v2\/posts\/65451\/revisions"}],"predecessor-version":[{"id":65456,"href":"https:\/\/informativoelvalledeaguascalientes.online\/index.php?rest_route=\/wp\/v2\/posts\/65451\/revisions\/65456"}],"wp:featuredmedia":[{"embeddable":true,"href":"https:\/\/informativoelvalledeaguascalientes.online\/index.php?rest_route=\/wp\/v2\/media\/65455"}],"wp:attachment":[{"href":"https:\/\/informativoelvalledeaguascalientes.online\/index.php?rest_route=%2Fwp%2Fv2%2Fmedia&parent=65451"}],"wp:term":[{"taxonomy":"category","embeddable":true,"href":"https:\/\/informativoelvalledeaguascalientes.online\/index.php?rest_route=%2Fwp%2Fv2%2Fcategories&post=65451"},{"taxonomy":"post_tag","embeddable":true,"href":"https:\/\/informativoelvalledeaguascalientes.online\/index.php?rest_route=%2Fwp%2Fv2%2Ftags&post=65451"}],"curies":[{"name":"wp","href":"https:\/\/api.w.org\/{rel}","templated":true}]}}