{"id":65420,"date":"2025-02-08T12:52:14","date_gmt":"2025-02-08T18:52:14","guid":{"rendered":"https:\/\/informativoelvalledeaguascalientes.online\/?p=65420"},"modified":"2025-02-08T12:52:14","modified_gmt":"2025-02-08T18:52:14","slug":"anuncia-tere-jimenez-apoyos-a-productores-para-la-construccion-y-rehabilitacion-de-bordos-caminos-saca-cosechas-y-brechas-cortafuego","status":"publish","type":"post","link":"https:\/\/informativoelvalledeaguascalientes.online\/?p=65420","title":{"rendered":"ANUNCIA TERE JIM\u00c9NEZ APOYOS A PRODUCTORES PARA LA CONSTRUCCI\u00d3N Y REHABILITACI\u00d3N DE BORDOS, CAMINOS SACA-COSECHAS Y BRECHAS CORTAFUEGO"},"content":{"rendered":"<p>#informativoelvalledeaguascalientes #novaradioaguascalientes #informativoelvalledeaguascalientesll #Aguascalientes<\/p>\n<p>&nbsp;<\/p>\n<p>&nbsp;<\/p>\n<ul class=\"_9iRlZ joYDm\">\n<li class=\"AY0Vp\" dir=\"auto\" aria-level=\"1\">\n<p id=\"viewer-xsi80191\" class=\"o0STb GF80u _6Vwzd HjRUP\" dir=\"\"><span class=\"B-fpk _6Vwzd\"><strong><em>El programa pone a disposici\u00f3n de los productores maquinaria pesada para realizar trabajos que favorecen la conservaci\u00f3n de suelos y agua<\/em><\/strong><\/span><\/p>\n<\/li>\n<li class=\"AY0Vp\" dir=\"auto\" aria-level=\"1\">\n<p id=\"viewer-l6dt4194\" class=\"o0STb GF80u _6Vwzd HjRUP\" dir=\"\"><span class=\"B-fpk _6Vwzd\"><strong><em>Las y los interesados pueden consultar los detalles de la convocatoria en <\/em><\/strong><a class=\"_5VzWt lfO3I\" href=\"https:\/\/bit.ly\/ConservacionSueloAgua\" target=\"_self\" rel=\"noopener\" data-hook=\"WebLink\"><strong><em>https:\/\/bit.ly\/ConservacionSueloAgua<\/em><\/strong><\/a><\/span><\/p>\n<\/li>\n<\/ul>\n<div id=\"viewer-sn2l6197\" class=\"o0STb GF80u _6Vwzd HjRUP\" dir=\"auto\"><span class=\"B-fpk _6Vwzd\">\u00a0<\/span><\/div>\n<p id=\"viewer-u8suk199\" class=\"o0STb GF80u _6Vwzd HjRUP\" dir=\"auto\"><span class=\"B-fpk _6Vwzd\">La gobernadora de Aguascalientes, Tere Jim\u00e9nez, dio el banderazo de arranque al Programa de Construcci\u00f3n y Rehabilitaci\u00f3n de Bordos, Caminos Saca-Cosecha y Brechas Cortafuego 2025, con lo que se busca apoyar a agricultores y ganaderos en la captaci\u00f3n de agua y la conservaci\u00f3n de suelos.<\/span><\/p>\n<div id=\"viewer-g293l237\" class=\"o0STb GF80u _6Vwzd HjRUP\" dir=\"auto\"><span class=\"B-fpk _6Vwzd\">\u00a0<\/span><\/div>\n<p id=\"viewer-80n7d201\" class=\"o0STb GF80u _6Vwzd HjRUP\" dir=\"auto\"><span class=\"B-fpk _6Vwzd\">\u201cTienen un gobierno que los respalda, seguiremos trabajando por y para ustedes. El campo de Aguascalientes es gigante y con este programa no solo mejoramos los caminos y bordos, sino que tambi\u00e9n impulsamos la productividad de quienes trabajan la tierra, con una visi\u00f3n de desarrollo sostenible; ac\u00e9rquense y conozcan todos los programas que tenemos para que el campo obtenga m\u00e1s resultados\u201d, les dijo la gobernadora a agricultores y ganaderos.<\/span><\/p>\n<div id=\"viewer-zojgd256\" class=\"o0STb GF80u _6Vwzd HjRUP\" dir=\"auto\"><span class=\"B-fpk _6Vwzd\">\u00a0<\/span><\/div>\n<p id=\"viewer-x1yya203\" class=\"o0STb GF80u _6Vwzd HjRUP\" dir=\"auto\"><span class=\"B-fpk _6Vwzd\">Durante la puesta en marcha en la comunidad de Paredes, en el municipio de San Jos\u00e9 de Gracia, Tere Jim\u00e9nez precis\u00f3 que a trav\u00e9s de este programa se pone a disposici\u00f3n de los productores, la maquinaria pesada que requieren para realizar todos aquellos trabajos que ayuden a la econom\u00eda en sus procesos de producci\u00f3n.<\/span><\/p>\n<div id=\"viewer-42ysa275\" class=\"o0STb GF80u _6Vwzd HjRUP\" dir=\"auto\"><span class=\"B-fpk _6Vwzd\">\u00a0<\/span><\/div>\n<p id=\"viewer-8yi7v205\" class=\"o0STb GF80u _6Vwzd HjRUP\" dir=\"auto\"><span class=\"B-fpk _6Vwzd\">El senador To\u00f1o Mart\u00edn del Campo invit\u00f3 a los productores a participar en esta convocatoria.<\/span><\/p>\n<div id=\"viewer-pmfjd294\" class=\"o0STb GF80u _6Vwzd HjRUP\" dir=\"auto\"><span class=\"B-fpk _6Vwzd\">\u00a0<\/span><\/div>\n<p id=\"viewer-ehxes207\" class=\"o0STb GF80u _6Vwzd HjRUP\" dir=\"auto\"><span class=\"B-fpk _6Vwzd\">\u201cHemos tenido a\u00f1os dif\u00edciles y complejos en materia de agua, por lo que es necesario que podamos recolectar el agua y desazolvar los bordos; por ello, los invito a que participen en esta convocatoria que nuestra gobernadora pone a disposici\u00f3n de todas y todos, hagamos este trabajo en equipo\u201d, destac\u00f3 el senador.\u00a0<\/span><\/p>\n<div id=\"viewer-wz7w4209\" class=\"o0STb GF80u _6Vwzd HjRUP\" dir=\"auto\"><span class=\"B-fpk _6Vwzd\">\u00a0<\/span><\/div>\n<p id=\"viewer-470iw210\" class=\"o0STb GF80u _6Vwzd HjRUP\" dir=\"auto\"><span class=\"B-fpk _6Vwzd\">Isidoro Armend\u00e1riz Garc\u00eda, titular de la Secretar\u00eda de Desarrollo Rural y Agroempresarial (Sedrae), coment\u00f3 que esta es una de las convocatorias con m\u00e1s demanda, ya que permite a los agricultores y ganaderos realizar trabajos que les ayudan a retener y conservar el agua, adem\u00e1s de favorecer el traslado de sus cosechas y prevenir incendios en las parcelas.<\/span><\/p>\n<div id=\"viewer-5gfdz212\" class=\"o0STb GF80u _6Vwzd HjRUP\" dir=\"auto\"><span class=\"B-fpk _6Vwzd\">\u00a0<\/span><\/div>\n<p id=\"viewer-3t32m213\" class=\"o0STb GF80u _6Vwzd HjRUP\" dir=\"auto\"><span class=\"B-fpk _6Vwzd\">Inform\u00f3 que las y los interesados pueden consultar los detalles de la convocatoria en <a class=\"_5VzWt lfO3I\" href=\"https:\/\/bit.ly\/ConservacionSueloAgua\" target=\"_self\" rel=\"noopener\" data-hook=\"WebLink\"><u>https:\/\/bit.ly\/ConservacionSueloAgua<\/u><\/a>, acudir a las oficinas de la Sedrae en avenida Adolfo L\u00f3pez Mateos No. 1509 oriente, fraccionamiento Bona Gens, en la ciudad capital; o comunicarse al tel\u00e9fono 449 910 26 07, de lunes a viernes, de las 8:00 a 3:30 horas.<\/span><\/p>\n<div id=\"viewer-133w9217\" class=\"o0STb GF80u _6Vwzd HjRUP\" dir=\"auto\"><span class=\"B-fpk _6Vwzd\">\u00a0<\/span><\/div>\n<p id=\"viewer-lfdxw218\" class=\"o0STb GF80u _6Vwzd HjRUP\" dir=\"auto\"><span class=\"B-fpk _6Vwzd\">Laura Araceli Gonz\u00e1lez Reyes, presidenta municipal de San Jos\u00e9 de Gracia, destac\u00f3 el compromiso de la gobernadora con el campo y sus productores.<\/span><\/p>\n<div id=\"viewer-kgy0s220\" class=\"o0STb GF80u _6Vwzd HjRUP\" dir=\"auto\"><span class=\"B-fpk _6Vwzd\">\u00a0<\/span><\/div>\n<p id=\"viewer-72vkt221\" class=\"o0STb GF80u _6Vwzd HjRUP\" dir=\"auto\"><span class=\"B-fpk _6Vwzd\">\u201cEste es un evento muy importante, un esfuerzo en conjunto; gracias al liderazgo de la gobernadora se han impulsado programas que favorecen al campo y que mejorar\u00e1n la calidad de vida de nuestras comunidades rurales\u201d, destac\u00f3 la alcaldesa.<\/span><\/p>\n<div id=\"viewer-suu5t223\" class=\"o0STb GF80u _6Vwzd HjRUP\" dir=\"auto\"><span class=\"B-fpk _6Vwzd\">\u00a0<\/span><\/div>\n<p id=\"viewer-qdkjf224\" class=\"o0STb GF80u _6Vwzd HjRUP\" dir=\"auto\"><span class=\"B-fpk _6Vwzd\">Ram\u00f3n Ram\u00edrez Lu\u00e9vano, comisario ejidal de la comunidad de Paredes, habl\u00f3 a nombre de las y los productores.<\/span><\/p>\n<div id=\"viewer-oos8q226\" class=\"o0STb GF80u _6Vwzd HjRUP\" dir=\"auto\"><span class=\"B-fpk _6Vwzd\">\u00a0<\/span><\/div>\n<p id=\"viewer-ztn7t227\" class=\"o0STb GF80u _6Vwzd HjRUP\" dir=\"auto\"><span class=\"B-fpk _6Vwzd\">\u201cGobernadora, la felicito por los programas en beneficio de Aguascalientes, su respaldo para quienes trabajamos la tierra es notable y con esto vamos a optimizar los recursos. Gracias a la maquinaria pesada que la gobernadora pone a nuestra disposici\u00f3n, podremos hacer un campo m\u00e1s productivo, m\u00e1s seguro y m\u00e1s sustentable, lo que beneficiar\u00e1 no solo a los productores, sino a toda la sociedad. Un campo fuerte es una econom\u00eda m\u00e1s s\u00f3lida; muchas gracias a nombre de los productores\u201d, subray\u00f3 el se\u00f1or Ram\u00f3n.<\/span><\/p>\n<div id=\"viewer-tkcsg229\" class=\"o0STb GF80u _6Vwzd HjRUP\" dir=\"auto\"><span class=\"B-fpk _6Vwzd\">\u00a0<\/span><\/div>\n<p id=\"viewer-t30hy230\" class=\"o0STb GF80u _6Vwzd HjRUP\" dir=\"auto\"><span class=\"B-fpk _6Vwzd\">En el evento, tambi\u00e9n estuvieron presentes Jos\u00e9 Manuel Gonz\u00e1lez Mota, presidente municipal de Asientos; Luc\u00eda de Le\u00f3n Urs\u00faa, presidenta de la Mesa Directiva del H. Congreso del Estado; Heriberto Gallegos Serna, presidente de la Comisi\u00f3n para el Desarrollo Agropecuario del H. Congreso del Estado; Ad\u00e1n Valdivia y Amisadai Castorena, diputados locales, y Noel Mata Atilano, director general del Instituto del Agua.<\/span><\/p>\n","protected":false},"excerpt":{"rendered":"<p>#informativoelvalledeaguascalientes #novaradioaguascalientes #informativoelvalledeaguascalientesll #Aguascalientes &nbsp; &nbsp; El programa pone a disposici\u00f3n de los productores maquinaria pesada para realizar trabajos que favorecen la conservaci\u00f3n de suelos y agua Las y los interesados pueden consultar los detalles de la convocatoria en https:\/\/bit.ly\/ConservacionSueloAgua \u00a0 La gobernadora de Aguascalientes, Tere Jim\u00e9nez, dio el banderazo de arranque al Programa de [&hellip;]<\/p>\n","protected":false},"author":1,"featured_media":65421,"comment_status":"closed","ping_status":"open","sticky":false,"template":"","format":"standard","meta":{"advanced_seo_description":"","jetpack_seo_html_title":"","jetpack_seo_noindex":false,"_jetpack_memberships_contains_paid_content":false,"footnotes":"","jetpack_publicize_message":"","jetpack_publicize_feature_enabled":true,"jetpack_social_post_already_shared":true,"jetpack_social_options":{"image_generator_settings":{"template":"highway","default_image_id":0,"font":"","enabled":false},"version":2}},"categories":[21,4],"tags":[22,615,106,320],"class_list":["post-65420","post","type-post","status-publish","format-standard","has-post-thumbnail","hentry","category-aguascalientes","category-gobierno-del-estado-aguascalientes","tag-aguascalientes","tag-gobierno-del-estado-de-aguascalientes","tag-sedrae","tag-tere-jimenez"],"jetpack_publicize_connections":[],"jetpack_featured_media_url":"https:\/\/i0.wp.com\/informativoelvalledeaguascalientes.online\/wp-content\/uploads\/2025\/02\/6-1.jpeg?fit=1600%2C1066&ssl=1","jetpack-related-posts":[],"jetpack_sharing_enabled":true,"jetpack_likes_enabled":true,"_links":{"self":[{"href":"https:\/\/informativoelvalledeaguascalientes.online\/index.php?rest_route=\/wp\/v2\/posts\/65420","targetHints":{"allow":["GET"]}}],"collection":[{"href":"https:\/\/informativoelvalledeaguascalientes.online\/index.php?rest_route=\/wp\/v2\/posts"}],"about":[{"href":"https:\/\/informativoelvalledeaguascalientes.online\/index.php?rest_route=\/wp\/v2\/types\/post"}],"author":[{"embeddable":true,"href":"https:\/\/informativoelvalledeaguascalientes.online\/index.php?rest_route=\/wp\/v2\/users\/1"}],"replies":[{"embeddable":true,"href":"https:\/\/informativoelvalledeaguascalientes.online\/index.php?rest_route=%2Fwp%2Fv2%2Fcomments&post=65420"}],"version-history":[{"count":1,"href":"https:\/\/informativoelvalledeaguascalientes.online\/index.php?rest_route=\/wp\/v2\/posts\/65420\/revisions"}],"predecessor-version":[{"id":65422,"href":"https:\/\/informativoelvalledeaguascalientes.online\/index.php?rest_route=\/wp\/v2\/posts\/65420\/revisions\/65422"}],"wp:featuredmedia":[{"embeddable":true,"href":"https:\/\/informativoelvalledeaguascalientes.online\/index.php?rest_route=\/wp\/v2\/media\/65421"}],"wp:attachment":[{"href":"https:\/\/informativoelvalledeaguascalientes.online\/index.php?rest_route=%2Fwp%2Fv2%2Fmedia&parent=65420"}],"wp:term":[{"taxonomy":"category","embeddable":true,"href":"https:\/\/informativoelvalledeaguascalientes.online\/index.php?rest_route=%2Fwp%2Fv2%2Fcategories&post=65420"},{"taxonomy":"post_tag","embeddable":true,"href":"https:\/\/informativoelvalledeaguascalientes.online\/index.php?rest_route=%2Fwp%2Fv2%2Ftags&post=65420"}],"curies":[{"name":"wp","href":"https:\/\/api.w.org\/{rel}","templated":true}]}}