{"id":65411,"date":"2025-02-08T12:44:34","date_gmt":"2025-02-08T18:44:34","guid":{"rendered":"https:\/\/informativoelvalledeaguascalientes.online\/?p=65411"},"modified":"2025-02-08T12:44:34","modified_gmt":"2025-02-08T18:44:34","slug":"aguascalientes-sera-sede-de-uno-de-los-torneos-de-badminton-mas-importantes-de-america-participan-9-paises","status":"publish","type":"post","link":"https:\/\/informativoelvalledeaguascalientes.online\/?p=65411","title":{"rendered":"AGUASCALIENTES SER\u00c1 SEDE DE UNO DE LOS TORNEOS DE B\u00c1DMINTON M\u00c1S IMPORTANTES DE AM\u00c9RICA; PARTICIPAN 9 PA\u00cdSES"},"content":{"rendered":"<p>#informativoelvalledeaguascalientes #novaradioaguascalientes #informativoelvalledeaguascalientesll #Aguascalientes<\/p>\n<p>&nbsp;<\/p>\n<p id=\"viewer-foo\" class=\"o0STb GF80u joYDm HjRUP\" dir=\"auto\"><span class=\"B-fpk\">Aguascalientes sigue destacando en el \u00e1mbito deportivo internacional al recibir, del 13 al 16 de febrero de 2025, la Panam Cup de B\u00e1dminton, uno de los torneos m\u00e1s importantes de Am\u00e9rica.<\/span><\/p>\n<div id=\"viewer-c24e0188\" class=\"o0STb GF80u joYDm HjRUP\" dir=\"auto\"><span class=\"B-fpk\">\u00a0<\/span><\/div>\n<p id=\"viewer-k0wvo180\" class=\"o0STb GF80u _6Vwzd HjRUP\" dir=\"auto\"><span class=\"B-fpk _6Vwzd\">El evento se llevar\u00e1 a cabo en el Gimnasio Ol\u00edmpico del Instituto del Deporte del Estado de Aguascalientes (IDEA), con competencias diarias de 10:00 a 19:00 horas. En estas jornadas, el p\u00fablico podr\u00e1 disfrutar de emocionantes encuentros con algunos de los mejores jugadores del continente.<\/span><\/p>\n<div id=\"viewer-e4x9e194\" class=\"o0STb GF80u _6Vwzd HjRUP\" dir=\"auto\"><span class=\"B-fpk _6Vwzd\">\u00a0<\/span><\/div>\n<p id=\"viewer-n7g60182\" class=\"o0STb GF80u _6Vwzd HjRUP\" dir=\"auto\"><span class=\"B-fpk _6Vwzd\">En esta edici\u00f3n participar\u00e1n 109 jugadores de nueve pa\u00edses: Estados Unidos, Canad\u00e1, Brasil, Per\u00fa, Costa Rica, El Salvador, Guatemala, Cuba y M\u00e9xico. La competencia incluir\u00e1 cinco categor\u00edas: Individual Femenil, Individual Varonil, Dobles Femenil, Dobles Varonil y Dobles Mixto. Los enfrentamientos entre selecciones nacionales se definir\u00e1n a favor del pa\u00eds que gane tres de cinco partidos.<\/span><\/p>\n<div id=\"viewer-9afyy200\" class=\"o0STb GF80u _6Vwzd HjRUP\" dir=\"auto\"><span class=\"B-fpk _6Vwzd\">\u00a0<\/span><\/div>\n<p id=\"viewer-m9t72184\" class=\"o0STb GF80u _6Vwzd HjRUP\" dir=\"auto\"><span class=\"B-fpk _6Vwzd\">Este torneo es una gran oportunidad para el desarrollo del b\u00e1dminton en Aguascalientes y en M\u00e9xico, permitiendo que los atletas locales y nacionales se enfrenten a rivales de alto nivel; adem\u00e1s, se espera que el evento impulse el inter\u00e9s por este deporte y fortalezca la proyecci\u00f3n de M\u00e9xico y Aguascalientes en la escena internacional.<\/span><\/p>\n","protected":false},"excerpt":{"rendered":"<p>#informativoelvalledeaguascalientes #novaradioaguascalientes #informativoelvalledeaguascalientesll #Aguascalientes &nbsp; Aguascalientes sigue destacando en el \u00e1mbito deportivo internacional al recibir, del 13 al 16 de febrero de 2025, la Panam Cup de B\u00e1dminton, uno de los torneos m\u00e1s importantes de Am\u00e9rica. \u00a0 El evento se llevar\u00e1 a cabo en el Gimnasio Ol\u00edmpico del Instituto del Deporte del Estado de Aguascalientes [&hellip;]<\/p>\n","protected":false},"author":1,"featured_media":65412,"comment_status":"closed","ping_status":"open","sticky":false,"template":"","format":"standard","meta":{"advanced_seo_description":"","jetpack_seo_html_title":"","jetpack_seo_noindex":false,"_jetpack_memberships_contains_paid_content":false,"footnotes":"","jetpack_publicize_message":"","jetpack_publicize_feature_enabled":true,"jetpack_social_post_already_shared":true,"jetpack_social_options":{"image_generator_settings":{"template":"highway","default_image_id":0,"font":"","enabled":false},"version":2}},"categories":[21,4],"tags":[22,615,113],"class_list":["post-65411","post","type-post","status-publish","format-standard","has-post-thumbnail","hentry","category-aguascalientes","category-gobierno-del-estado-aguascalientes","tag-aguascalientes","tag-gobierno-del-estado-de-aguascalientes","tag-idea"],"jetpack_publicize_connections":[],"jetpack_featured_media_url":"https:\/\/i0.wp.com\/informativoelvalledeaguascalientes.online\/wp-content\/uploads\/2025\/02\/5-1.jpeg?fit=1600%2C1066&ssl=1","jetpack-related-posts":[],"jetpack_sharing_enabled":true,"jetpack_likes_enabled":true,"_links":{"self":[{"href":"https:\/\/informativoelvalledeaguascalientes.online\/index.php?rest_route=\/wp\/v2\/posts\/65411","targetHints":{"allow":["GET"]}}],"collection":[{"href":"https:\/\/informativoelvalledeaguascalientes.online\/index.php?rest_route=\/wp\/v2\/posts"}],"about":[{"href":"https:\/\/informativoelvalledeaguascalientes.online\/index.php?rest_route=\/wp\/v2\/types\/post"}],"author":[{"embeddable":true,"href":"https:\/\/informativoelvalledeaguascalientes.online\/index.php?rest_route=\/wp\/v2\/users\/1"}],"replies":[{"embeddable":true,"href":"https:\/\/informativoelvalledeaguascalientes.online\/index.php?rest_route=%2Fwp%2Fv2%2Fcomments&post=65411"}],"version-history":[{"count":1,"href":"https:\/\/informativoelvalledeaguascalientes.online\/index.php?rest_route=\/wp\/v2\/posts\/65411\/revisions"}],"predecessor-version":[{"id":65413,"href":"https:\/\/informativoelvalledeaguascalientes.online\/index.php?rest_route=\/wp\/v2\/posts\/65411\/revisions\/65413"}],"wp:featuredmedia":[{"embeddable":true,"href":"https:\/\/informativoelvalledeaguascalientes.online\/index.php?rest_route=\/wp\/v2\/media\/65412"}],"wp:attachment":[{"href":"https:\/\/informativoelvalledeaguascalientes.online\/index.php?rest_route=%2Fwp%2Fv2%2Fmedia&parent=65411"}],"wp:term":[{"taxonomy":"category","embeddable":true,"href":"https:\/\/informativoelvalledeaguascalientes.online\/index.php?rest_route=%2Fwp%2Fv2%2Fcategories&post=65411"},{"taxonomy":"post_tag","embeddable":true,"href":"https:\/\/informativoelvalledeaguascalientes.online\/index.php?rest_route=%2Fwp%2Fv2%2Ftags&post=65411"}],"curies":[{"name":"wp","href":"https:\/\/api.w.org\/{rel}","templated":true}]}}