{"id":65379,"date":"2025-02-06T18:14:59","date_gmt":"2025-02-07T00:14:59","guid":{"rendered":"https:\/\/informativoelvalledeaguascalientes.online\/?p=65379"},"modified":"2025-02-06T18:14:59","modified_gmt":"2025-02-07T00:14:59","slug":"mayor-atencion-a-ninos-ninas-y-adolescentes-con-autismo-y-neurodivergencia","status":"publish","type":"post","link":"https:\/\/informativoelvalledeaguascalientes.online\/?p=65379","title":{"rendered":"MAYOR ATENCI\u00d3N A NI\u00d1OS, NI\u00d1AS Y ADOLESCENTES CON AUTISMO Y NEURODIVERGENCIA"},"content":{"rendered":"<p>#informativoelvalledeaguascalientes #novaradioaguascalientes #informativoelvalledeaguascalientesll #Aguascalientes<\/p>\n<p>&nbsp;<\/p>\n<p>&nbsp;<\/p>\n<p>\u2022 Presenta la Diputada Mirna Medina iniciativa para dar mayores atribuciones a la Secretar\u00eda de la Familia en materia de Autismo y Neurodivergencia<br \/>\n\u2022 Se busca crear Centros de Atenci\u00f3n y Orientaci\u00f3n Familiar<br \/>\n\u2022 En Aguascalientes se estima hay 175 mil personas con autismos, mismo que necesitan ser atendidos y dar una mejor calidad de vida<\/p>\n<p>&nbsp;<\/p>\n<p>Con el prop\u00f3sito de dar una mejor calidad de vida a los ni\u00f1os, ni\u00f1as y adolescentes con autismo y neurodivergencia es que la Diputada Local Mirna Medina ha presentado una iniciativa de ley que permite dar mayores atribuciones a la Secretar\u00eda de la Familia, para que brinde una mayor atenci\u00f3n, otorgando espacios dignos y una capacitaci\u00f3n adecuada para atenci\u00f3n de los peque\u00f1os, mejorando su calidad de vida.<\/p>\n<p>En este sentido Medina Ruvalcaba, destac\u00f3 que la presente iniciativa abarca temas relevantes que permite a las familias con este tipo de peque\u00f1os contar con centros de Atenci\u00f3n y Orientaci\u00f3n; lo cual se traducir\u00e1 en potencializar la constituci\u00f3n de dichos centros, consolid\u00e1ndose como una escuela para padres.<\/p>\n<p>Adem\u00e1s, esta dependencia fomentar\u00e1 la inclusi\u00f3n en materia de neurodivergencia y autismo de ni\u00f1as, ni\u00f1os y adolescentes, buscar\u00e1 instrumentar giras de trabajo y consulta ciudadana dentro del Estado, generar\u00e1 una base de datos de consulta p\u00fablica; por otra parte, se trabajar\u00e1 en impulsar la cultura de la adopci\u00f3n y promover la prevenci\u00f3n de las adicciones; finalmente fungir\u00e1 como autoridad mediadora en los procesos de violencia escolar.<\/p>\n<p>Finalmente, Mirna Medina resalt\u00f3 que esta iniciativa busca atender al universo de cerca de 175 mil personas con autismo que se tienen registradas en el Estado y con ello se les da atenci\u00f3n a ellos, as\u00ed como a sus familias.<\/p>\n","protected":false},"excerpt":{"rendered":"<p>#informativoelvalledeaguascalientes #novaradioaguascalientes #informativoelvalledeaguascalientesll #Aguascalientes &nbsp; &nbsp; \u2022 Presenta la Diputada Mirna Medina iniciativa para dar mayores atribuciones a la Secretar\u00eda de la Familia en materia de Autismo y Neurodivergencia \u2022 Se busca crear Centros de Atenci\u00f3n y Orientaci\u00f3n Familiar \u2022 En Aguascalientes se estima hay 175 mil personas con autismos, mismo que necesitan ser atendidos [&hellip;]<\/p>\n","protected":false},"author":1,"featured_media":65380,"comment_status":"closed","ping_status":"open","sticky":false,"template":"","format":"standard","meta":{"advanced_seo_description":"","jetpack_seo_html_title":"","jetpack_seo_noindex":false,"_jetpack_memberships_contains_paid_content":false,"footnotes":"","jetpack_publicize_message":"","jetpack_publicize_feature_enabled":true,"jetpack_social_post_already_shared":true,"jetpack_social_options":{"image_generator_settings":{"template":"highway","default_image_id":0,"font":"","enabled":false},"version":2}},"categories":[21,5,519],"tags":[22,872],"class_list":["post-65379","post","type-post","status-publish","format-standard","has-post-thumbnail","hentry","category-aguascalientes","category-h-congreso-del-estado-aguascalientes","category-sedena","tag-aguascalientes","tag-lxvi-legislatura-aguascalientes"],"jetpack_publicize_connections":[],"jetpack_featured_media_url":"https:\/\/i0.wp.com\/informativoelvalledeaguascalientes.online\/wp-content\/uploads\/2025\/02\/50c42f0b-2179-4a47-8b6f-ed260e58d24e.jpg?fit=1600%2C900&ssl=1","jetpack-related-posts":[],"jetpack_sharing_enabled":true,"jetpack_likes_enabled":true,"_links":{"self":[{"href":"https:\/\/informativoelvalledeaguascalientes.online\/index.php?rest_route=\/wp\/v2\/posts\/65379","targetHints":{"allow":["GET"]}}],"collection":[{"href":"https:\/\/informativoelvalledeaguascalientes.online\/index.php?rest_route=\/wp\/v2\/posts"}],"about":[{"href":"https:\/\/informativoelvalledeaguascalientes.online\/index.php?rest_route=\/wp\/v2\/types\/post"}],"author":[{"embeddable":true,"href":"https:\/\/informativoelvalledeaguascalientes.online\/index.php?rest_route=\/wp\/v2\/users\/1"}],"replies":[{"embeddable":true,"href":"https:\/\/informativoelvalledeaguascalientes.online\/index.php?rest_route=%2Fwp%2Fv2%2Fcomments&post=65379"}],"version-history":[{"count":1,"href":"https:\/\/informativoelvalledeaguascalientes.online\/index.php?rest_route=\/wp\/v2\/posts\/65379\/revisions"}],"predecessor-version":[{"id":65381,"href":"https:\/\/informativoelvalledeaguascalientes.online\/index.php?rest_route=\/wp\/v2\/posts\/65379\/revisions\/65381"}],"wp:featuredmedia":[{"embeddable":true,"href":"https:\/\/informativoelvalledeaguascalientes.online\/index.php?rest_route=\/wp\/v2\/media\/65380"}],"wp:attachment":[{"href":"https:\/\/informativoelvalledeaguascalientes.online\/index.php?rest_route=%2Fwp%2Fv2%2Fmedia&parent=65379"}],"wp:term":[{"taxonomy":"category","embeddable":true,"href":"https:\/\/informativoelvalledeaguascalientes.online\/index.php?rest_route=%2Fwp%2Fv2%2Fcategories&post=65379"},{"taxonomy":"post_tag","embeddable":true,"href":"https:\/\/informativoelvalledeaguascalientes.online\/index.php?rest_route=%2Fwp%2Fv2%2Ftags&post=65379"}],"curies":[{"name":"wp","href":"https:\/\/api.w.org\/{rel}","templated":true}]}}