{"id":65222,"date":"2025-02-03T20:04:08","date_gmt":"2025-02-04T02:04:08","guid":{"rendered":"https:\/\/informativoelvalledeaguascalientes.online\/?p=65222"},"modified":"2025-02-03T20:04:08","modified_gmt":"2025-02-04T02:04:08","slug":"plan-sabatino-en-el-llano","status":"publish","type":"post","link":"https:\/\/informativoelvalledeaguascalientes.online\/?p=65222","title":{"rendered":"Plan Sabatino en El Llano"},"content":{"rendered":"<div>#informativoelvalledeaguascalientes #novaradioaguascalientes #informativoelvalledeaguascalientesll<\/div>\n<div><\/div>\n<div>Como parte de las acciones de proximidad que promueve la Secretar\u00eda de Seguridad P\u00fablica del Estado, se llev\u00f3 a cabo la actividad Plan Sabatino con ni\u00f1as y ni\u00f1os de la comunidad El Milagro, en el municipio de El Llano.<\/div>\n<div>En este sentido, en coordinaci\u00f3n con personal del Centro Estatal de Prevenci\u00f3n (CEPREV) y el \u00e1rea de prevenci\u00f3n del delito de la Polic\u00eda Municipal de El Llano, realizaron actividades l\u00fadicas y recreativas como dibujos, pintura de figuras de yeso as\u00ed como pelea de gallos con globos, de la cual participaron 15 infantes.<\/div>\n","protected":false},"excerpt":{"rendered":"<p>#informativoelvalledeaguascalientes #novaradioaguascalientes #informativoelvalledeaguascalientesll Como parte de las acciones de proximidad que promueve la Secretar\u00eda de Seguridad P\u00fablica del Estado, se llev\u00f3 a cabo la actividad Plan Sabatino con ni\u00f1as y ni\u00f1os de la comunidad El Milagro, en el municipio de El Llano. En este sentido, en coordinaci\u00f3n con personal del Centro Estatal de Prevenci\u00f3n (CEPREV) [&hellip;]<\/p>\n","protected":false},"author":1,"featured_media":65224,"comment_status":"closed","ping_status":"open","sticky":false,"template":"","format":"standard","meta":{"advanced_seo_description":"","jetpack_seo_html_title":"","jetpack_seo_noindex":false,"_jetpack_memberships_contains_paid_content":false,"footnotes":"","jetpack_publicize_message":"","jetpack_publicize_feature_enabled":true,"jetpack_social_post_already_shared":true,"jetpack_social_options":{"image_generator_settings":{"template":"highway","default_image_id":0,"font":"","enabled":false},"version":2}},"categories":[21,4],"tags":[22,615,122],"class_list":["post-65222","post","type-post","status-publish","format-standard","has-post-thumbnail","hentry","category-aguascalientes","category-gobierno-del-estado-aguascalientes","tag-aguascalientes","tag-gobierno-del-estado-de-aguascalientes","tag-sspe-aguascalientes"],"jetpack_publicize_connections":[],"jetpack_featured_media_url":"https:\/\/i0.wp.com\/informativoelvalledeaguascalientes.online\/wp-content\/uploads\/2025\/02\/5463c5cf-b0d9-45ec-b031-0a1c461dbad2.jpeg?fit=1280%2C960&ssl=1","jetpack-related-posts":[],"jetpack_sharing_enabled":true,"jetpack_likes_enabled":true,"_links":{"self":[{"href":"https:\/\/informativoelvalledeaguascalientes.online\/index.php?rest_route=\/wp\/v2\/posts\/65222","targetHints":{"allow":["GET"]}}],"collection":[{"href":"https:\/\/informativoelvalledeaguascalientes.online\/index.php?rest_route=\/wp\/v2\/posts"}],"about":[{"href":"https:\/\/informativoelvalledeaguascalientes.online\/index.php?rest_route=\/wp\/v2\/types\/post"}],"author":[{"embeddable":true,"href":"https:\/\/informativoelvalledeaguascalientes.online\/index.php?rest_route=\/wp\/v2\/users\/1"}],"replies":[{"embeddable":true,"href":"https:\/\/informativoelvalledeaguascalientes.online\/index.php?rest_route=%2Fwp%2Fv2%2Fcomments&post=65222"}],"version-history":[{"count":1,"href":"https:\/\/informativoelvalledeaguascalientes.online\/index.php?rest_route=\/wp\/v2\/posts\/65222\/revisions"}],"predecessor-version":[{"id":65225,"href":"https:\/\/informativoelvalledeaguascalientes.online\/index.php?rest_route=\/wp\/v2\/posts\/65222\/revisions\/65225"}],"wp:featuredmedia":[{"embeddable":true,"href":"https:\/\/informativoelvalledeaguascalientes.online\/index.php?rest_route=\/wp\/v2\/media\/65224"}],"wp:attachment":[{"href":"https:\/\/informativoelvalledeaguascalientes.online\/index.php?rest_route=%2Fwp%2Fv2%2Fmedia&parent=65222"}],"wp:term":[{"taxonomy":"category","embeddable":true,"href":"https:\/\/informativoelvalledeaguascalientes.online\/index.php?rest_route=%2Fwp%2Fv2%2Fcategories&post=65222"},{"taxonomy":"post_tag","embeddable":true,"href":"https:\/\/informativoelvalledeaguascalientes.online\/index.php?rest_route=%2Fwp%2Fv2%2Ftags&post=65222"}],"curies":[{"name":"wp","href":"https:\/\/api.w.org\/{rel}","templated":true}]}}