{"id":65218,"date":"2025-02-03T20:00:52","date_gmt":"2025-02-04T02:00:52","guid":{"rendered":"https:\/\/informativoelvalledeaguascalientes.online\/?p=65218"},"modified":"2025-02-03T20:00:52","modified_gmt":"2025-02-04T02:00:52","slug":"la-tibieza-e-incapacidad-de-los-gobiernos-de-morena-en-combatir-al-crimen-organizado-son-la-causa-de-la-imposicion-arancelaria-de-trump-jorge-romero","status":"publish","type":"post","link":"https:\/\/informativoelvalledeaguascalientes.online\/?p=65218","title":{"rendered":"LA TIBIEZA E INCAPACIDAD DE LOS GOBIERNOS DE MORENA EN COMBATIR AL CRIMEN ORGANIZADO, SON LA CAUSA DE LA IMPOSICI\u00d3N ARANCELARIA DE TRUMP: JORGE ROMERO"},"content":{"rendered":"<p>#informativoelvalledeaguascalientes #novaradioaguascalientes #informativoelvalledeaguascalientesll<\/p>\n<p>\u2022 Exigimos responsabilidad y acciones concretas para resolver esta grave<br \/>\nsituaci\u00f3n y poder reconducir la relaci\u00f3n bilateral, por el bien de las familias<br \/>\nmexicanas.<br \/>\n\u2022 La acusaci\u00f3n que el gobierno de Estados Unidos hace al de M\u00e9xico en lo<br \/>\nque respecta a la alianza con el crimen organizado es GRAV\u00cdSIMA, y est\u00e1<br \/>\nbasada en cada vez m\u00e1s evidencias.<\/p>\n<p>Ante la imposici\u00f3n del gobierno de los Estados Unidos de aranceles del 25% a<br \/>\nlos productos mexicanos, el presidente del Partido Acci\u00f3n Nacional (PAN), Jorge<br \/>\nRomero, manifest\u00f3 su desacuerdo en que la pol\u00edtica comercial sea<br \/>\nutilizada como amenaza o chantaje, y conden\u00f3 esta decisi\u00f3n unilateral por parte<br \/>\ndel gobierno norteamericano.<br \/>\n\u201cEste arrebato del Presidente Donald Trump afectar\u00e1 a millones de personas,<br \/>\nincluidos sus consumidores porque encarecer\u00e1 productos que hoy adquieren;<br \/>\nnadie gana con una guerra comercial, nosotros siempre nos pronunciaremos en<br \/>\nfavor del libre mercado\u201d.<br \/>\nAsimismo, afirm\u00f3 que esta decisi\u00f3n del gobierno de Estados Unidos tiene<br \/>\nsu origen en la inacci\u00f3n de los gobiernos de Morena en combatir al<br \/>\ncrimen organizado; es la consecuencia tr\u00e1gica de la pol\u00edtica de los \u201cabrazos\u201d a<br \/>\nlos criminales.<br \/>\n\u201cLa acusaci\u00f3n que el gobierno de Estados Unidos le hace al de M\u00e9xico en lo que<br \/>\nrespecta a la alianza con el crimen organizado es muy grave y est\u00e1 basada<br \/>\nen cada vez m\u00e1s evidencias\u2026 Un gobierno que simple y sencillamente decide<br \/>\nNO COMBATIR al Crimen Organizado. Acabamos de observar hace unos d\u00edas<br \/>\nc\u00f3mo todo Morena cerr\u00f3 filas con el gobernador Rub\u00e9n Rocha Moya, a quien en<br \/>\nm\u00faltiples veces se la ha se\u00f1alado de colusi\u00f3n con el crimen organizado\u201d.<br \/>\nEl dirigente nacional del blanquiazul, sostuvo que el no hacer nada frente al<br \/>\ncrimen e incluso reclamar a Estados Unidos la solicitud de hacerlo, es la raz\u00f3n<br \/>\ncentral por la cual se aplica este castigo arancelario: \u201cLa falta de resultados en<br \/>\nel combate al crimen organizado y a la producci\u00f3n de fentanilo ha deteriorado la<br \/>\nconfianza en M\u00e9xico como socio estrat\u00e9gico para Estados Unidos, poniendo en<br \/>\nriesgo los acuerdos bilaterales\u201d.<br \/>\nAsimismo, Romero, resalt\u00f3 que esta decisi\u00f3n reprobable del gobierno de Trump<br \/>\nes tambi\u00e9n resultado del p\u00e9simo manejo que los gobiernos de Morena han<br \/>\nhecho del tema migratorio, \u201cLos gobiernos morenistas han mostrado<br \/>\nimprovisaci\u00f3n y falta de un plan integral para gestionar la migraci\u00f3n, tanto en la<br \/>\nprotecci\u00f3n de los mexicanos en el exterior como en la atenci\u00f3n a los migrantes<br \/>\nen tr\u00e1nsito por M\u00e9xico\u201d.<br \/>\nAdem\u00e1s, a\u00f1adi\u00f3 que el gobierno de Morena ha sido reactivo, no preventivo: \u201cNo<br \/>\nexiste una estrategia clara para abordar el fen\u00f3meno migratorio de manera<br \/>\nhumanitaria y sostenible. Los albergues y centros de detenci\u00f3n en M\u00e9xico est\u00e1n<br \/>\ndesbordados, con reportes de violaciones a los derechos humanos,<br \/>\nsobrepoblaci\u00f3n y condiciones insalubres\u201d.<br \/>\nEl presidente del PAN agreg\u00f3 que los consulados de nuestro pa\u00eds en la Uni\u00f3n<br \/>\nAmericana, han carecido de recursos suficientes y de pol\u00edticas efectivas para<br \/>\nproteger a las y los mexicanos en Estados Unidos, especialmente ante<br \/>\ndeportaciones y redadas masivas.<br \/>\n\u201cMuchas mexicanas y mexicanos se han visto obligados a emigrar en contra de<br \/>\nsu voluntad; much\u00edsimas personas hoy literalmente se escapan de sus<br \/>\nlocalidades nativas ante las extorsiones y amenazas del crimen organizado\u201d.<br \/>\nJorge Romero, afirm\u00f3 que los gobiernos de Morena le han reducido el<br \/>\npresupuesto a dependencias como el Instituto Nacional de Migraci\u00f3n (INM) o la<br \/>\nComisi\u00f3n Mexicana de Ayuda a Refugiados (COMAR). Estas decisiones han<br \/>\nexacerbado la crisis migratoria en el pa\u00eds.<br \/>\n\u201cM\u00e9xico, no puede quedarse de brazos cruzados ante los aranceles de Trump.<br \/>\nNuestro Pa\u00eds merece un gobierno que defienda a sus empresarios, trabajadores<br \/>\ny exportadores con firmeza y visi\u00f3n estrat\u00e9gica, millones de mexicanos<br \/>\napoyados por el PAN, exigen una respuesta inmediata y una estrategia real de<br \/>\ndefensa comercial\u201d.<br \/>\nNuestro pa\u00eds debe buscar diversificar sus relaciones comerciales, pero sin<br \/>\ncomprometer nuestra alianza estrat\u00e9gica con Estados Unidos, ya que \u00e9sta ha<br \/>\nbeneficiado enormemente a las y los trabajadores mexicanos y a la poblaci\u00f3n en<br \/>\ngeneral.<br \/>\n\u201cHoy nuestra econom\u00eda est\u00e1 en riesgo debido a las p\u00e9simas decisiones que han<br \/>\ntomado los gobiernos de Morena respecto a la reforma judicial, la eliminaci\u00f3n de<br \/>\nlos \u00f3rganos aut\u00f3nomos o la pol\u00edtica de abrazos hacia el crimen organizado\u201d,<br \/>\na\u00f1adi\u00f3.<br \/>\nFinalmente, se\u00f1al\u00f3 que, \u201cfrente a una amenaza externa como \u00e9sta, Acci\u00f3n<br \/>\nNacional siempre estar\u00e1 de lado de las Familias Mexicanas que le exigen a este<br \/>\nGobierno responsabilidad y acciones concretas para resolver esta grave situaci\u00f3n<br \/>\ny poder reconducir la relaci\u00f3n bilateral\u201d.<\/p>\n","protected":false},"excerpt":{"rendered":"<p>#informativoelvalledeaguascalientes #novaradioaguascalientes #informativoelvalledeaguascalientesll \u2022 Exigimos responsabilidad y acciones concretas para resolver esta grave situaci\u00f3n y poder reconducir la relaci\u00f3n bilateral, por el bien de las familias mexicanas. \u2022 La acusaci\u00f3n que el gobierno de Estados Unidos hace al de M\u00e9xico en lo que respecta a la alianza con el crimen organizado es GRAV\u00cdSIMA, y est\u00e1 [&hellip;]<\/p>\n","protected":false},"author":1,"featured_media":65219,"comment_status":"closed","ping_status":"open","sticky":false,"template":"","format":"standard","meta":{"advanced_seo_description":"","jetpack_seo_html_title":"","jetpack_seo_noindex":false,"_jetpack_memberships_contains_paid_content":false,"footnotes":"","jetpack_publicize_message":"","jetpack_publicize_feature_enabled":true,"jetpack_social_post_already_shared":true,"jetpack_social_options":{"image_generator_settings":{"template":"highway","default_image_id":0,"font":"","enabled":false},"version":2}},"categories":[21,762,7,6,760,629],"tags":[22,23],"class_list":["post-65218","post","type-post","status-publish","format-standard","has-post-thumbnail","hentry","category-aguascalientes","category-elecciones-2024","category-pan-aguascalientes","category-partidos-politicos","category-rieleros-de-aguascalientes","category-universidad-autonoma-de-aguascalientes","tag-aguascalientes","tag-pan-aguascalientes"],"jetpack_publicize_connections":[],"jetpack_featured_media_url":"https:\/\/i0.wp.com\/informativoelvalledeaguascalientes.online\/wp-content\/uploads\/2025\/02\/adf74a13-acb8-4769-a4dc-30e54be9cb2e.jpeg?fit=1280%2C853&ssl=1","jetpack-related-posts":[],"jetpack_sharing_enabled":true,"jetpack_likes_enabled":true,"_links":{"self":[{"href":"https:\/\/informativoelvalledeaguascalientes.online\/index.php?rest_route=\/wp\/v2\/posts\/65218","targetHints":{"allow":["GET"]}}],"collection":[{"href":"https:\/\/informativoelvalledeaguascalientes.online\/index.php?rest_route=\/wp\/v2\/posts"}],"about":[{"href":"https:\/\/informativoelvalledeaguascalientes.online\/index.php?rest_route=\/wp\/v2\/types\/post"}],"author":[{"embeddable":true,"href":"https:\/\/informativoelvalledeaguascalientes.online\/index.php?rest_route=\/wp\/v2\/users\/1"}],"replies":[{"embeddable":true,"href":"https:\/\/informativoelvalledeaguascalientes.online\/index.php?rest_route=%2Fwp%2Fv2%2Fcomments&post=65218"}],"version-history":[{"count":1,"href":"https:\/\/informativoelvalledeaguascalientes.online\/index.php?rest_route=\/wp\/v2\/posts\/65218\/revisions"}],"predecessor-version":[{"id":65220,"href":"https:\/\/informativoelvalledeaguascalientes.online\/index.php?rest_route=\/wp\/v2\/posts\/65218\/revisions\/65220"}],"wp:featuredmedia":[{"embeddable":true,"href":"https:\/\/informativoelvalledeaguascalientes.online\/index.php?rest_route=\/wp\/v2\/media\/65219"}],"wp:attachment":[{"href":"https:\/\/informativoelvalledeaguascalientes.online\/index.php?rest_route=%2Fwp%2Fv2%2Fmedia&parent=65218"}],"wp:term":[{"taxonomy":"category","embeddable":true,"href":"https:\/\/informativoelvalledeaguascalientes.online\/index.php?rest_route=%2Fwp%2Fv2%2Fcategories&post=65218"},{"taxonomy":"post_tag","embeddable":true,"href":"https:\/\/informativoelvalledeaguascalientes.online\/index.php?rest_route=%2Fwp%2Fv2%2Ftags&post=65218"}],"curies":[{"name":"wp","href":"https:\/\/api.w.org\/{rel}","templated":true}]}}