{"id":65179,"date":"2025-02-01T21:38:07","date_gmt":"2025-02-02T03:38:07","guid":{"rendered":"https:\/\/informativoelvalledeaguascalientes.online\/?p=65179"},"modified":"2025-02-01T21:38:07","modified_gmt":"2025-02-02T03:38:07","slug":"6%f0%9d%98%81%f0%9d%97%bc-%f0%9d%97%99%f0%9d%97%b2%f0%9d%98%80%f0%9d%98%81%f0%9d%97%b6%f0%9d%98%83%f0%9d%97%ae%f0%9d%97%b9-%f0%9d%97%b1%f0%9d%97%b2%f0%9d%97%b9-%f0%9d%97%a7%f0%9d%97%ae%f0%9d%97%ba","status":"publish","type":"post","link":"https:\/\/informativoelvalledeaguascalientes.online\/?p=65179","title":{"rendered":"6\ud835\ude01\ud835\uddfc \ud835\uddd9\ud835\uddf2\ud835\ude00\ud835\ude01\ud835\uddf6\ud835\ude03\ud835\uddee\ud835\uddf9 \ud835\uddf1\ud835\uddf2\ud835\uddf9 \ud835\udde7\ud835\uddee\ud835\uddfa\ud835\uddee\ud835\uddf9 \ud835\ude06 \ud835\uddf2\ud835\uddf9 \ud835\uddd4\ud835\ude01\ud835\uddfc\ud835\uddf9\ud835\uddf2 2025"},"content":{"rendered":"<p>#informativoelvalledeaguascalientes #novaradioaguascalientes #informativoelvalledeaguascalientesll<\/p>\n<p>\ud83d\udcc5 Domingo 2 de febrero<br \/>\n\ud83d\udccd Plaza Principal de Calvillo<\/p>\n<p>Consulta aqu\u00ed el programa completo y disfruta del D\u00eda de la Candelaria en familia, degustando el saz\u00f3n exquisito de la cocina calvillense.\ud83d\udc47<\/p>\n<p>#\ud835\ude47\ud835\ude5a\ud835\ude5c\ud835\ude56\ud835\ude59\ud835\ude64\ud835\ude4b\ud835\ude56\ud835\ude67\ud835\ude56\ud835\ude48\ud835\ude5e\ud835\ude42\ud835\ude5a\ud835\ude63\ud835\ude69\ud835\ude5a<br \/>\n#CalvilloPuebloM\u00e1gico<\/p>\n","protected":false},"excerpt":{"rendered":"<p>#informativoelvalledeaguascalientes #novaradioaguascalientes #informativoelvalledeaguascalientesll \ud83d\udcc5 Domingo 2 de febrero \ud83d\udccd Plaza Principal de Calvillo Consulta aqu\u00ed el programa completo y disfruta del D\u00eda de la Candelaria en familia, degustando el saz\u00f3n exquisito de la cocina calvillense.\ud83d\udc47 #\ud835\ude47\ud835\ude5a\ud835\ude5c\ud835\ude56\ud835\ude59\ud835\ude64\ud835\ude4b\ud835\ude56\ud835\ude67\ud835\ude56\ud835\ude48\ud835\ude5e\ud835\ude42\ud835\ude5a\ud835\ude63\ud835\ude69\ud835\ude5a #CalvilloPuebloM\u00e1gico<\/p>\n","protected":false},"author":1,"featured_media":65180,"comment_status":"closed","ping_status":"open","sticky":false,"template":"","format":"standard","meta":{"advanced_seo_description":"","jetpack_seo_html_title":"","jetpack_seo_noindex":false,"_jetpack_memberships_contains_paid_content":false,"footnotes":"","jetpack_publicize_message":"","jetpack_publicize_feature_enabled":true,"jetpack_social_post_already_shared":true,"jetpack_social_options":{"image_generator_settings":{"template":"highway","default_image_id":0,"font":"","enabled":false},"version":2}},"categories":[21,13,135],"tags":[22,88,29],"class_list":["post-65179","post","type-post","status-publish","format-standard","has-post-thumbnail","hentry","category-aguascalientes","category-calvillo-aguascalientes","category-pvem-aguascalientes","tag-aguascalientes","tag-calvillo","tag-calvillo-aguascalientes"],"jetpack_publicize_connections":[],"jetpack_featured_media_url":"https:\/\/i0.wp.com\/informativoelvalledeaguascalientes.online\/wp-content\/uploads\/2025\/02\/WhatsApp-Image-2025-02-01-at-4.30.20-PM.jpeg?fit=1080%2C1006&ssl=1","jetpack-related-posts":[],"jetpack_sharing_enabled":true,"jetpack_likes_enabled":true,"_links":{"self":[{"href":"https:\/\/informativoelvalledeaguascalientes.online\/index.php?rest_route=\/wp\/v2\/posts\/65179","targetHints":{"allow":["GET"]}}],"collection":[{"href":"https:\/\/informativoelvalledeaguascalientes.online\/index.php?rest_route=\/wp\/v2\/posts"}],"about":[{"href":"https:\/\/informativoelvalledeaguascalientes.online\/index.php?rest_route=\/wp\/v2\/types\/post"}],"author":[{"embeddable":true,"href":"https:\/\/informativoelvalledeaguascalientes.online\/index.php?rest_route=\/wp\/v2\/users\/1"}],"replies":[{"embeddable":true,"href":"https:\/\/informativoelvalledeaguascalientes.online\/index.php?rest_route=%2Fwp%2Fv2%2Fcomments&post=65179"}],"version-history":[{"count":1,"href":"https:\/\/informativoelvalledeaguascalientes.online\/index.php?rest_route=\/wp\/v2\/posts\/65179\/revisions"}],"predecessor-version":[{"id":65181,"href":"https:\/\/informativoelvalledeaguascalientes.online\/index.php?rest_route=\/wp\/v2\/posts\/65179\/revisions\/65181"}],"wp:featuredmedia":[{"embeddable":true,"href":"https:\/\/informativoelvalledeaguascalientes.online\/index.php?rest_route=\/wp\/v2\/media\/65180"}],"wp:attachment":[{"href":"https:\/\/informativoelvalledeaguascalientes.online\/index.php?rest_route=%2Fwp%2Fv2%2Fmedia&parent=65179"}],"wp:term":[{"taxonomy":"category","embeddable":true,"href":"https:\/\/informativoelvalledeaguascalientes.online\/index.php?rest_route=%2Fwp%2Fv2%2Fcategories&post=65179"},{"taxonomy":"post_tag","embeddable":true,"href":"https:\/\/informativoelvalledeaguascalientes.online\/index.php?rest_route=%2Fwp%2Fv2%2Ftags&post=65179"}],"curies":[{"name":"wp","href":"https:\/\/api.w.org\/{rel}","templated":true}]}}