{"id":65168,"date":"2025-01-31T22:56:18","date_gmt":"2025-02-01T04:56:18","guid":{"rendered":"https:\/\/informativoelvalledeaguascalientes.online\/?p=65168"},"modified":"2025-01-31T22:56:18","modified_gmt":"2025-02-01T04:56:18","slug":"nada-esta-por-encima-en-accion-nacional-que-buscar-el-bien-comun-de-las-familias-mexicanas","status":"publish","type":"post","link":"https:\/\/informativoelvalledeaguascalientes.online\/?p=65168","title":{"rendered":"Nada est\u00e1 por encima en Acci\u00f3n Nacional que buscar el bien com\u00fan de las familias mexicanas"},"content":{"rendered":"<p>#informativoelvalledeaguascalientes #informativoelvalledeaguascalientesll #Aguascalientes #novaradioaguascalientes<\/p>\n<p>&nbsp;<\/p>\n<p>&nbsp;<\/p>\n<p>\u00b7\u00a0\u00a0\u00a0\u00a0\u00a0\u00a0 Se design\u00f3 a Ricardo Anaya Cort\u00e9s como nuevo coordinador del Grupo Parlamentario del PAN en el Senado de la Rep\u00fablica.<\/p>\n<p>\u00b7\u00a0\u00a0\u00a0\u00a0\u00a0\u00a0 La primera iniciativa que presentar\u00e1 el GPPAN ser\u00e1 la disminuci\u00f3n del IEPS para que las y los mexicanos paguen menos por la gasolina.<\/p>\n<p>&nbsp;<\/p>\n<p>Con la consigna de trabajar para defender a las familias en M\u00e9xico, la dirigencia del Partido Acci\u00f3n Nacional inici\u00f3 los trabajos de la Reuni\u00f3n Plenaria de las y los senadores en el estado de Aguascalientes.<\/p>\n<p>El l\u00edder nacional del PAN, Jorge Romero Herrera, ofreci\u00f3 que el partido no solo habr\u00e1 de criticar al gobierno federal, sino que har\u00e1 propuestas para el bienestar de millones de familias mexicanas.<\/p>\n<p>\u201cNada est\u00e1 por encima en Acci\u00f3n Nacional que buscar el bien com\u00fan de las familias mexicanas. Nada por encima de eso. Y hoy venimos a eso, a escucharnos, a reflexionar y a compartir las ideas para ayudarte a ti que nos puedes escuchar\u201d.<\/p>\n<p>En una nueva etapa para el partido y Grupo Parlamentario, tambi\u00e9n anunci\u00f3 la renovaci\u00f3n en la coordinaci\u00f3n del Senado de la Rep\u00fablica y el nombramiento de Ricardo Anaya Cort\u00e9s como el nuevo Coordinador en la C\u00e1mara Alta.<\/p>\n<p>Agradeci\u00f3 a la senadora por Quer\u00e9taro, Guadalupe Murgu\u00eda Guti\u00e9rrez por haber representado a este instituto pol\u00edtico frente a miles de adversidades, dar la cara y tener la casta y la energ\u00eda para saber mantener a la bancada unida y que se escuchara la voz del PAN.<\/p>\n<p>Y destac\u00f3 que el nuevo Coordinador del GPPAN fue resultado de una mayor\u00eda de senadores que as\u00ed lo consideraron, es una de las voces m\u00e1s escuchadas y que junto con senadores, diputados, las 32 dirigencias estatales y la nacional \u201chabr\u00e1 de ser una voz que le aumente el volumen a Acci\u00f3n Nacional\u201d.<\/p>\n<p>En conferencia de prensa, el jefe nacional del panismo adelant\u00f3 que la primera iniciativa que habr\u00e1 de presentarse en C\u00e1mara de Diputados, para despu\u00e9s mandar al Senado, ser\u00e1 el modificar la Ley del Impuesto Especial sobre Producci\u00f3n y Servicios para que se pague menos por la gasolina y no se quitar\u00e1 el dedo del rengl\u00f3n.<\/p>\n<p>Critic\u00f3 el m\u00e9todo meritocr\u00e1tico del gobierno de una t\u00f3mbola mediante la cual elegir\u00e1 este gobierno a grandes perfiles del Poder Judicial y que no haya justicia para las familias de este pa\u00eds.<\/p>\n<p>Tras agradecer la confianza que le dieron en el Grupo, la senadora, Guadalupe Murgu\u00eda Guti\u00e9rrez, garantiz\u00f3 que cada uno de las y los senadores han alzado la voz fuerte y con decisi\u00f3n para decidir, para hacer valer aquellos aspectos que son importantes para las personas, para las familias en nuestro pa\u00eds.<\/p>\n<p>\u201cEl tener un Poder Judicial independiente, capaz, la transparencia, la rendici\u00f3n de cuentas, la defensa de los derechos humanos, de los derechos civiles, de las libertades\u201d y recientemente para proteger el ahorro de los trabajadores en Infonavit.<\/p>\n<p>En su primer mensaje como Coordinador del Grupo Parlamentario del PAN, Ricardo Anaya Cort\u00e9s, asegur\u00f3 que hoy el partido tiene el faro y la br\u00fajula bastante claros y el rumbo es la calidad de vida de las familias mexicanas.<\/p>\n<p>\u201cVamos a proponer, a apoyar, a impulsar todo lo que beneficie a las familias y nos vamos a oponer con fuerza, con determinaci\u00f3n, jam\u00e1s nos van a doblar cuando lo que est\u00e9 planteando el oficialismo vaya en contra de los mejores intereses de las familias mexicanas y para este Grupo Parlamentario esos son hechos no son palabras\u201d afirm\u00f3.<\/p>\n<p>Tanto el dirigente como los senadores expresaron su reconocimiento al senador, Marko Cort\u00e9s Mendoza por su generosidad y ser factor de unidad en el partido.<\/p>\n<p>&nbsp;<\/p>\n","protected":false},"excerpt":{"rendered":"<p>#informativoelvalledeaguascalientes #informativoelvalledeaguascalientesll #Aguascalientes #novaradioaguascalientes &nbsp; &nbsp; \u00b7\u00a0\u00a0\u00a0\u00a0\u00a0\u00a0 Se design\u00f3 a Ricardo Anaya Cort\u00e9s como nuevo coordinador del Grupo Parlamentario del PAN en el Senado de la Rep\u00fablica. \u00b7\u00a0\u00a0\u00a0\u00a0\u00a0\u00a0 La primera iniciativa que presentar\u00e1 el GPPAN ser\u00e1 la disminuci\u00f3n del IEPS para que las y los mexicanos paguen menos por la gasolina. &nbsp; Con la consigna [&hellip;]<\/p>\n","protected":false},"author":1,"featured_media":65169,"comment_status":"closed","ping_status":"open","sticky":false,"template":"","format":"standard","meta":{"advanced_seo_description":"","jetpack_seo_html_title":"","jetpack_seo_noindex":false,"_jetpack_memberships_contains_paid_content":false,"footnotes":"","jetpack_publicize_message":"","jetpack_publicize_feature_enabled":true,"jetpack_social_post_already_shared":true,"jetpack_social_options":{"image_generator_settings":{"template":"highway","default_image_id":0,"font":"","enabled":false},"version":2}},"categories":[21,19],"tags":[22,23,43],"class_list":["post-65168","post","type-post","status-publish","format-standard","has-post-thumbnail","hentry","category-aguascalientes","category-informacion-general","tag-aguascalientes","tag-pan-aguascalientes","tag-pan-aguascalientes-cde"],"jetpack_publicize_connections":[],"jetpack_featured_media_url":"https:\/\/i0.wp.com\/informativoelvalledeaguascalientes.online\/wp-content\/uploads\/2025\/01\/IMG-20250130-WA0149-scaled.jpg?fit=2560%2C1707&ssl=1","jetpack-related-posts":[],"jetpack_sharing_enabled":true,"jetpack_likes_enabled":true,"_links":{"self":[{"href":"https:\/\/informativoelvalledeaguascalientes.online\/index.php?rest_route=\/wp\/v2\/posts\/65168","targetHints":{"allow":["GET"]}}],"collection":[{"href":"https:\/\/informativoelvalledeaguascalientes.online\/index.php?rest_route=\/wp\/v2\/posts"}],"about":[{"href":"https:\/\/informativoelvalledeaguascalientes.online\/index.php?rest_route=\/wp\/v2\/types\/post"}],"author":[{"embeddable":true,"href":"https:\/\/informativoelvalledeaguascalientes.online\/index.php?rest_route=\/wp\/v2\/users\/1"}],"replies":[{"embeddable":true,"href":"https:\/\/informativoelvalledeaguascalientes.online\/index.php?rest_route=%2Fwp%2Fv2%2Fcomments&post=65168"}],"version-history":[{"count":1,"href":"https:\/\/informativoelvalledeaguascalientes.online\/index.php?rest_route=\/wp\/v2\/posts\/65168\/revisions"}],"predecessor-version":[{"id":65170,"href":"https:\/\/informativoelvalledeaguascalientes.online\/index.php?rest_route=\/wp\/v2\/posts\/65168\/revisions\/65170"}],"wp:featuredmedia":[{"embeddable":true,"href":"https:\/\/informativoelvalledeaguascalientes.online\/index.php?rest_route=\/wp\/v2\/media\/65169"}],"wp:attachment":[{"href":"https:\/\/informativoelvalledeaguascalientes.online\/index.php?rest_route=%2Fwp%2Fv2%2Fmedia&parent=65168"}],"wp:term":[{"taxonomy":"category","embeddable":true,"href":"https:\/\/informativoelvalledeaguascalientes.online\/index.php?rest_route=%2Fwp%2Fv2%2Fcategories&post=65168"},{"taxonomy":"post_tag","embeddable":true,"href":"https:\/\/informativoelvalledeaguascalientes.online\/index.php?rest_route=%2Fwp%2Fv2%2Ftags&post=65168"}],"curies":[{"name":"wp","href":"https:\/\/api.w.org\/{rel}","templated":true}]}}