{"id":65164,"date":"2025-01-31T22:43:55","date_gmt":"2025-02-01T04:43:55","guid":{"rendered":"https:\/\/informativoelvalledeaguascalientes.online\/?p=65164"},"modified":"2025-01-31T22:43:55","modified_gmt":"2025-02-01T04:43:55","slug":"el-pan-desde-el-senado-impulsara-propuestas-para-mejorar-la-seguridad-tono-martin-del-campo","status":"publish","type":"post","link":"https:\/\/informativoelvalledeaguascalientes.online\/?p=65164","title":{"rendered":"EL PAN DESDE EL SENADO IMPULSAR\u00c1 PROPUESTAS PARA MEJORAR LA SEGURIDAD: TO\u00d1O MART\u00cdN DEL CAMPO"},"content":{"rendered":"<p>#informativoelvalledeaguascalientes #informativoelvalledeaguascalientesll #Aguascalientes #novaradioaguascalientes<\/p>\n<p>&nbsp;<\/p>\n<p>&nbsp;<\/p>\n<p>\u00b7\u00a0\u00a0\u00a0\u00a0\u00a0\u00a0 Grupo Parlamentario define su Agenda Legislativa<\/p>\n<p>\u00b7\u00a0\u00a0\u00a0\u00a0\u00a0\u00a0 La salud y el desarrollo econ\u00f3mico tambi\u00e9n son temas prioritarios<\/p>\n<p>\u00b7\u00a0\u00a0\u00a0\u00a0\u00a0\u00a0 Buscar\u00e1n proteger los derechos de los migrantes y fortalecer la cooperaci\u00f3n internacional en materia de seguridad<\/p>\n<p>Al concluir la Reuni\u00f3n Plenaria del Grupo Parlamentario del Partido Acci\u00f3n Nacional (GPPAN) en el Senado, el senador To\u00f1o Mart\u00edn del Campo inform\u00f3 sobre los ejes principales de la agenda legislativa que impulsar\u00e1n durante el segundo per\u00edodo ordinario de sesiones.<\/p>\n<p>Detall\u00f3 que las propuestas se enfocar\u00e1n en garantizar la seguridad, proteger la justicia y promover el desarrollo econ\u00f3mico del pa\u00eds.<\/p>\n<p>En materia de seguridad y justicia, explic\u00f3, el PAN promover\u00e1 iniciativas para fortalecer la procuraci\u00f3n e impartici\u00f3n de justicia y que se implemente una estrategia integral para reducir la violencia.<\/p>\n<p>Anunci\u00f3 que se har\u00e1 una propuesta para la creaci\u00f3n de una polic\u00eda de proximidad, el fortalecimiento de las corporaciones municipales y estatales, y el endurecimiento de penas contra los delitos cometidos en carreteras, como los asaltos a transportistas y pasajeros. Tambi\u00e9n, a\u00f1adi\u00f3, se exigir\u00e1 un combate m\u00e1s efectivo contra el crimen organizado y el narcomenudeo.<\/p>\n<p>To\u00f1o Mart\u00edn del Campo agreg\u00f3 que en el sector salud se buscar\u00e1 garantizar el abasto de medicamentos en hospitales p\u00fablicos y que el presupuesto en esta \u00e1rea no disminuya.<\/p>\n<p>Adem\u00e1s, dijo que se plantear\u00e1 el restablecimiento del Seguro Popular y el Fondo de Protecci\u00f3n contra Gastos Catastr\u00f3ficos como programas prioritarios para la atenci\u00f3n de quienes no son derechohabientes.<\/p>\n<p>El crecimiento econ\u00f3mico y la sustentabilidad dijo que tambi\u00e9n son ejes clave de la agenda panista, pues se impulsar\u00e1n acciones para fortalecer a las micro, peque\u00f1as y medianas empresas; facilitar el acceso de las mujeres al mercado laboral y, especialmente, establecer medidas para aprovechar la relocalizaci\u00f3n de inversiones extranjeras y fomentar el uso de energ\u00edas renovables.<\/p>\n<p>A\u00f1adi\u00f3 que el PAN reiterar\u00e1 su compromiso con el federalismo, la divisi\u00f3n de poderes y la autonom\u00eda de los \u00f3rganos constitucionales. \u201cSe presentar\u00e1n reformas para mejorar la transparencia gubernamental\u201d y fortalecer la participaci\u00f3n ciudadana en los procesos legislativos, coment\u00f3.<\/p>\n<p>&nbsp;<\/p>\n<p>Finalmente, en pol\u00edtica exterior, se\u00f1al\u00f3 que la agenda contempla fortalecer los consulados mexicanos, proteger los derechos de los migrantes y fomentar la cooperaci\u00f3n internacional en materia de seguridad. Asimismo, se buscar\u00e1 incidir en la modernizaci\u00f3n del Tratado entre M\u00e9xico, Estados Unidos y Canad\u00e1 (TMEC) y en la diversificaci\u00f3n de acuerdos comerciales con otras regiones del mundo.<\/p>\n","protected":false},"excerpt":{"rendered":"<p>#informativoelvalledeaguascalientes #informativoelvalledeaguascalientesll #Aguascalientes #novaradioaguascalientes &nbsp; &nbsp; \u00b7\u00a0\u00a0\u00a0\u00a0\u00a0\u00a0 Grupo Parlamentario define su Agenda Legislativa \u00b7\u00a0\u00a0\u00a0\u00a0\u00a0\u00a0 La salud y el desarrollo econ\u00f3mico tambi\u00e9n son temas prioritarios \u00b7\u00a0\u00a0\u00a0\u00a0\u00a0\u00a0 Buscar\u00e1n proteger los derechos de los migrantes y fortalecer la cooperaci\u00f3n internacional en materia de seguridad Al concluir la Reuni\u00f3n Plenaria del Grupo Parlamentario del Partido Acci\u00f3n Nacional (GPPAN) en [&hellip;]<\/p>\n","protected":false},"author":1,"featured_media":65165,"comment_status":"closed","ping_status":"open","sticky":false,"template":"","format":"standard","meta":{"advanced_seo_description":"","jetpack_seo_html_title":"","jetpack_seo_noindex":false,"_jetpack_memberships_contains_paid_content":false,"footnotes":"","jetpack_publicize_message":"","jetpack_publicize_feature_enabled":true,"jetpack_social_post_already_shared":true,"jetpack_social_options":{"image_generator_settings":{"template":"highway","default_image_id":0,"font":"","enabled":false},"version":2}},"categories":[21,19],"tags":[22,23,43],"class_list":["post-65164","post","type-post","status-publish","format-standard","has-post-thumbnail","hentry","category-aguascalientes","category-informacion-general","tag-aguascalientes","tag-pan-aguascalientes","tag-pan-aguascalientes-cde"],"jetpack_publicize_connections":[],"jetpack_featured_media_url":"https:\/\/i0.wp.com\/informativoelvalledeaguascalientes.online\/wp-content\/uploads\/2025\/01\/IMG-20250131-WA0079.jpg?fit=1280%2C853&ssl=1","jetpack-related-posts":[],"jetpack_sharing_enabled":true,"jetpack_likes_enabled":true,"_links":{"self":[{"href":"https:\/\/informativoelvalledeaguascalientes.online\/index.php?rest_route=\/wp\/v2\/posts\/65164","targetHints":{"allow":["GET"]}}],"collection":[{"href":"https:\/\/informativoelvalledeaguascalientes.online\/index.php?rest_route=\/wp\/v2\/posts"}],"about":[{"href":"https:\/\/informativoelvalledeaguascalientes.online\/index.php?rest_route=\/wp\/v2\/types\/post"}],"author":[{"embeddable":true,"href":"https:\/\/informativoelvalledeaguascalientes.online\/index.php?rest_route=\/wp\/v2\/users\/1"}],"replies":[{"embeddable":true,"href":"https:\/\/informativoelvalledeaguascalientes.online\/index.php?rest_route=%2Fwp%2Fv2%2Fcomments&post=65164"}],"version-history":[{"count":1,"href":"https:\/\/informativoelvalledeaguascalientes.online\/index.php?rest_route=\/wp\/v2\/posts\/65164\/revisions"}],"predecessor-version":[{"id":65166,"href":"https:\/\/informativoelvalledeaguascalientes.online\/index.php?rest_route=\/wp\/v2\/posts\/65164\/revisions\/65166"}],"wp:featuredmedia":[{"embeddable":true,"href":"https:\/\/informativoelvalledeaguascalientes.online\/index.php?rest_route=\/wp\/v2\/media\/65165"}],"wp:attachment":[{"href":"https:\/\/informativoelvalledeaguascalientes.online\/index.php?rest_route=%2Fwp%2Fv2%2Fmedia&parent=65164"}],"wp:term":[{"taxonomy":"category","embeddable":true,"href":"https:\/\/informativoelvalledeaguascalientes.online\/index.php?rest_route=%2Fwp%2Fv2%2Fcategories&post=65164"},{"taxonomy":"post_tag","embeddable":true,"href":"https:\/\/informativoelvalledeaguascalientes.online\/index.php?rest_route=%2Fwp%2Fv2%2Ftags&post=65164"}],"curies":[{"name":"wp","href":"https:\/\/api.w.org\/{rel}","templated":true}]}}