{"id":65158,"date":"2025-01-31T22:38:04","date_gmt":"2025-02-01T04:38:04","guid":{"rendered":"https:\/\/informativoelvalledeaguascalientes.online\/?p=65158"},"modified":"2025-01-31T22:38:04","modified_gmt":"2025-02-01T04:38:04","slug":"tono-martin-del-campo-respalda-a-ricardo-anaya-como-nuevo-coordinador-del-gppan-en-el-senado","status":"publish","type":"post","link":"https:\/\/informativoelvalledeaguascalientes.online\/?p=65158","title":{"rendered":"TO\u00d1O MART\u00cdN DEL CAMPO RESPALDA A RICARDO ANAYA COMO NUEVO COORDINADOR DEL GPPAN EN EL SENADO"},"content":{"rendered":"<p>#informativoelvalledeaguascalientes #informativoelvalledeaguascalientesll #Aguascalientes #novaradioaguascalientes<\/p>\n<p>&nbsp;<\/p>\n<p>\u00b7\u00a0\u00a0\u00a0\u00a0\u00a0\u00a0 Compromiso con el bien com\u00fan de las familias mexicanas<\/p>\n<p>\u00b7\u00a0\u00a0\u00a0\u00a0\u00a0\u00a0 Defensa de la econom\u00eda y los ahorros de los trabajadores<\/p>\n<p>&nbsp;<\/p>\n<p>Aguascalientes, M\u00e9xico. El Senador To\u00f1o Mart\u00edn del Campo expres\u00f3 su respaldo a la designaci\u00f3n de Ricardo Anaya Cort\u00e9s como nuevo Coordinador del Grupo Parlamentario del PAN en el Senado de la Rep\u00fablica. Destac\u00f3 que esta nueva etapa permitir\u00e1 fortalecer el trabajo legislativo en beneficio de las familias mexicanas.<\/p>\n<p>Durante la Reuni\u00f3n Plenaria de los Senadores panistas, se\u00f1al\u00f3 que el compromiso es claro: trabajar por el bien com\u00fan y mejorar la calidad de vida de las familias. En Este sentido, consider\u00f3 que Ricardo Anaya es una voz firme que \u201cdefender\u00e1 la agenda de nuestro partido que est\u00e1 alineada a buscar el bien com\u00fan de las familias en M\u00e9xico\u201d, afirm\u00f3 To\u00f1o Mart\u00edn del Campo.<\/p>\n<p>En este sentido manifest\u00f3 que la designaci\u00f3n de Ricardo Anaya es producto del acuerdo entre los senadores y la dirigencia nacional del partido.<\/p>\n<p>Entre las primeras acciones bajo la nueva coordinaci\u00f3n, dijo, el Grupo Parlamentario del PAN impulsar\u00e1 una iniciativa para modificar el Impuesto Especial sobre Producci\u00f3n y Servicios (IEPS), con el objetivo de reducir el costo de la gasolina para los ciudadanos.<\/p>\n<p>En segundo t\u00e9rmino, enfatiz\u00f3 la importancia de defender los ahorros de los trabajadores ante la reforma del Infonavit que se pretende aprobar en el pr\u00f3ximo periodo de sesiones. \u201cNo permitiremos que se vulneren los derechos de quienes han trabajado toda su vida para asegurar su patrimonio. El PAN ser\u00e1 una barrera contra cualquier intento de afectar los recursos de los trabajadores\u201d, asegur\u00f3.<\/p>\n<p>To\u00f1o Mart\u00edn del Campo reiter\u00f3 que estas propuestas reflejan el compromiso del PAN con la econom\u00eda de las familias mexicanas. \u201cLas decisiones legislativas deben centrarse en aliviar la carga econ\u00f3mica de la gente y generar mejores condiciones de vida\u201d, enfatiz\u00f3.<\/p>\n<p>Explic\u00f3 que en esta Reuni\u00f3n Plenaria tambi\u00e9n realizar\u00e1n trabajos para fortalecer iniciativas que mejoren la seguridad y los servicios de salud en el pa\u00eds.<\/p>\n<p>Finalmente, el senador destac\u00f3 la importancia de la unidad dentro del partido y la coordinaci\u00f3n estrat\u00e9gica con senadores, diputados y dirigencias estatales para fortalecer la voz de Acci\u00f3n Nacional en el Poder Legislativo.<\/p>\n","protected":false},"excerpt":{"rendered":"<p>#informativoelvalledeaguascalientes #informativoelvalledeaguascalientesll #Aguascalientes #novaradioaguascalientes &nbsp; \u00b7\u00a0\u00a0\u00a0\u00a0\u00a0\u00a0 Compromiso con el bien com\u00fan de las familias mexicanas \u00b7\u00a0\u00a0\u00a0\u00a0\u00a0\u00a0 Defensa de la econom\u00eda y los ahorros de los trabajadores &nbsp; Aguascalientes, M\u00e9xico. El Senador To\u00f1o Mart\u00edn del Campo expres\u00f3 su respaldo a la designaci\u00f3n de Ricardo Anaya Cort\u00e9s como nuevo Coordinador del Grupo Parlamentario del PAN en el [&hellip;]<\/p>\n","protected":false},"author":1,"featured_media":65162,"comment_status":"closed","ping_status":"open","sticky":false,"template":"","format":"standard","meta":{"advanced_seo_description":"","jetpack_seo_html_title":"","jetpack_seo_noindex":false,"_jetpack_memberships_contains_paid_content":false,"footnotes":"","jetpack_publicize_message":"","jetpack_publicize_feature_enabled":true,"jetpack_social_post_already_shared":true,"jetpack_social_options":{"image_generator_settings":{"template":"highway","default_image_id":0,"font":"","enabled":false},"version":2}},"categories":[21,762,19,7,760],"tags":[22,23,43],"class_list":["post-65158","post","type-post","status-publish","format-standard","has-post-thumbnail","hentry","category-aguascalientes","category-elecciones-2024","category-informacion-general","category-pan-aguascalientes","category-rieleros-de-aguascalientes","tag-aguascalientes","tag-pan-aguascalientes","tag-pan-aguascalientes-cde"],"jetpack_publicize_connections":[],"jetpack_featured_media_url":"https:\/\/i0.wp.com\/informativoelvalledeaguascalientes.online\/wp-content\/uploads\/2025\/01\/IMG-20250130-WA0194.jpg?fit=1620%2C1080&ssl=1","jetpack-related-posts":[],"jetpack_sharing_enabled":true,"jetpack_likes_enabled":true,"_links":{"self":[{"href":"https:\/\/informativoelvalledeaguascalientes.online\/index.php?rest_route=\/wp\/v2\/posts\/65158","targetHints":{"allow":["GET"]}}],"collection":[{"href":"https:\/\/informativoelvalledeaguascalientes.online\/index.php?rest_route=\/wp\/v2\/posts"}],"about":[{"href":"https:\/\/informativoelvalledeaguascalientes.online\/index.php?rest_route=\/wp\/v2\/types\/post"}],"author":[{"embeddable":true,"href":"https:\/\/informativoelvalledeaguascalientes.online\/index.php?rest_route=\/wp\/v2\/users\/1"}],"replies":[{"embeddable":true,"href":"https:\/\/informativoelvalledeaguascalientes.online\/index.php?rest_route=%2Fwp%2Fv2%2Fcomments&post=65158"}],"version-history":[{"count":1,"href":"https:\/\/informativoelvalledeaguascalientes.online\/index.php?rest_route=\/wp\/v2\/posts\/65158\/revisions"}],"predecessor-version":[{"id":65163,"href":"https:\/\/informativoelvalledeaguascalientes.online\/index.php?rest_route=\/wp\/v2\/posts\/65158\/revisions\/65163"}],"wp:featuredmedia":[{"embeddable":true,"href":"https:\/\/informativoelvalledeaguascalientes.online\/index.php?rest_route=\/wp\/v2\/media\/65162"}],"wp:attachment":[{"href":"https:\/\/informativoelvalledeaguascalientes.online\/index.php?rest_route=%2Fwp%2Fv2%2Fmedia&parent=65158"}],"wp:term":[{"taxonomy":"category","embeddable":true,"href":"https:\/\/informativoelvalledeaguascalientes.online\/index.php?rest_route=%2Fwp%2Fv2%2Fcategories&post=65158"},{"taxonomy":"post_tag","embeddable":true,"href":"https:\/\/informativoelvalledeaguascalientes.online\/index.php?rest_route=%2Fwp%2Fv2%2Ftags&post=65158"}],"curies":[{"name":"wp","href":"https:\/\/api.w.org\/{rel}","templated":true}]}}